{"id":14611,"date":"2025-03-13T19:09:58","date_gmt":"2025-03-13T22:09:58","guid":{"rendered":"https:\/\/synchronotron.com\/?p=14611"},"modified":"2025-03-13T19:13:33","modified_gmt":"2025-03-13T22:13:33","slug":"estudos-sobre-terapia-synchronotron-ativacao-diaria","status":"publish","type":"post","link":"https:\/\/synchronotron.com\/index.php\/2025\/03\/13\/estudos-sobre-terapia-synchronotron-ativacao-diaria\/","title":{"rendered":"Estudos sobre TERAPIA SYNCHRONOTRON\/ATIVA\u00c7\u00c3O DI\u00c1RIA"},"content":{"rendered":"\n<p>Terapia Synchronotron no aux\u00edlio para v\u00edcios, depress\u00e3o e estados emocionais densos.<\/p>\n\n\n\n<p>Pessoas com problemas com v\u00edcios, <strong>drogas l\u00edcitas ou il\u00edcitas,<\/strong> no meu \u00b4processo terap\u00eautico al\u00e9m do desenvolvimento pessoal, que alinha conduta, entendimentos emocionais e mentais do cliente, eu entro com uma t\u00e9cnica energ\u00e9tica profunda. Esta aqui atua na matriz cerebral. Quando estamos lidando com v\u00edcios pesados, trazer consci\u00eancia para o cliente \u00e9 um tarefa dif\u00edcil.<\/p>\n\n\n\n<p>A droga tem uma for\u00e7a energ\u00e9tica muito grande e densa.<\/p>\n\n\n\n<p>Ent\u00e3o a necessidade de entrar com a MEDICINA VIBRACIONAL.<\/p>\n\n\n\n<p>In\u00edcio de uma guerra energ\u00e9tica entre energia TAQUI\u00d4NICA limpa e cristalina, atrav\u00e9s de coordendas espec\u00edficas e os cristais de quartzo.<\/p>\n\n\n\n<p>Estou travando esta luta contra a qu\u00edmica de energia suja, manipulada e artificial, como possuem as drogas qu\u00edmicas, e isso inclui os rem\u00e9dios controlados. Embora \u00e0s vezes necess\u00e1rios, mas nada eficazes. Pois a energia deles \u00e9 densa, quimicamente fabricada.<\/p>\n\n\n\n<p>Com um cliente meu viciado em coca\u00edna h\u00e1 muitos anos, esse processo \u00e9 feito diariamente. Nos primeiros dias, o relato foi de muita limpeza f\u00edsica, v\u00f4mitos, e cansa\u00e7o. O trabalho energ\u00e9tico intenso na matriz cerebral, descristaliza energias emocionais e mentais do subconsciente com profundidade. <strong>EMO\u00c7\u00c3O E PENSAMENTOS <\/strong>s\u00e3o energias. que conduzem nossa caminhada, positivo ou negativo. A energia taqui\u00f4nica faz essa libera\u00e7\u00e3o. Esse trabalho logicamente precisa ser direcionado, trabalhado em sess\u00e3o terap\u00eautica, para esse \u00b4processo acontecer consciente.<\/p>\n\n\n\n<p>Pouqu\u00edssimos terapeutas se prontificam a pegar casos assim, pois somente o desenvolvimento pessoal e suas t\u00e9cnicas, s\u00e3o limitados para trazer consci\u00eancia, e por experi\u00eancia pr\u00f3pria, somente as terap\u00eauticas energ\u00e9ticas, sem o trabalho individual em sess\u00e3o, tamb\u00e9m n\u00e3o sustenta.<\/p>\n\n\n\n<p>\u00e8 imprescend\u00edvel ter o apoio da fam\u00edlia, e paci\u00eancia. Pois \u00e9 um processo de m\u00e9dio a longo prazo. Mas aos poucos a <strong>EXPANS\u00c3O CONSCIENCIAL<\/strong> acontece, e esse caminhar para se livrar do v\u00edcio come\u00e7a a se tornar POSS\u00cdVEL. A sua for\u00e7a interna e poder pessoal que est\u00e1 submerso em um campo denso, pode ser libertado atrav\u00e9s do trabalho multidimensional, acessando todas as dimens\u00f5es do seu ser, e atrav\u00e9s da terap\u00eautica em sess\u00e3o, desenvolvendo suas <strong>FOR\u00c7AS,<\/strong> trabalhando os seus<strong> RISCOS<\/strong>. Se conhecendo. N\u00e3o tenha medo. <strong>SUA FOR\u00c7A \u00c9 MAIOR QUE SEU V\u00cdCIO<\/strong>.<\/p>\n\n\n\n<p>Anna Diemeier &#8211; Terapeuta Multidimensional e Desenvolvimento Pessoal &#8211; Kin 98 Espelho Ressonante Branco<\/p>\n\n\n\n<p><\/p>\n","protected":false},"excerpt":{"rendered":"<p>Terapia Synchronotron no aux\u00edlio para v\u00edcios, depress\u00e3o e estados emocionais densos. Pessoas com problemas com v\u00edcios, drogas l\u00edcitas ou il\u00edcitas, no meu \u00b4processo terap\u00eautico al\u00e9m do desenvolvimento pessoal, que alinha conduta, entendimentos emocionais e mentais do cliente, eu entro com uma t\u00e9cnica energ\u00e9tica profunda. Esta aqui atua na matriz cerebral. Quando estamos lidando com v\u00edcios&hellip;<\/p>\n","protected":false},"author":57,"featured_media":0,"comment_status":"open","ping_status":"open","sticky":false,"template":"","format":"standard","meta":{"_acf_changed":false,"give_campaign_id":0,"_eb_attr":"","om_disable_all_campaigns":false,"_exactmetrics_skip_tracking":false,"_exactmetrics_sitenote_active":false,"_exactmetrics_sitenote_note":"","_exactmetrics_sitenote_category":0,"_uf_show_specific_survey":0,"_uf_disable_surveys":false,"iawp_total_views":22,"footnotes":""},"categories":[42,49,65,1],"tags":[],"class_list":["post-14611","post","type-post","status-publish","format-standard","hentry","category-blog-aberto","category-novidades","category-synchronotron-coletivo","category-uncategorized"],"acf":[],"yoast_head":"<!-- This site is optimized with the Yoast SEO plugin v27.5 - https:\/\/yoast.com\/product\/yoast-seo-wordpress\/ -->\n<title>Estudos sobre TERAPIA SYNCHRONOTRON\/ATIVA\u00c7\u00c3O DI\u00c1RIA - Synchronotron<\/title>\n<meta name=\"robots\" content=\"index, follow, max-snippet:-1, max-image-preview:large, max-video-preview:-1\" \/>\n<link rel=\"canonical\" href=\"https:\/\/synchronotron.com\/index.php\/2025\/03\/13\/estudos-sobre-terapia-synchronotron-ativacao-diaria\/\" \/>\n<meta property=\"og:locale\" content=\"pt_BR\" \/>\n<meta property=\"og:type\" content=\"article\" \/>\n<meta property=\"og:title\" content=\"Estudos sobre TERAPIA SYNCHRONOTRON\/ATIVA\u00c7\u00c3O DI\u00c1RIA - Synchronotron\" \/>\n<meta property=\"og:description\" content=\"Terapia Synchronotron no aux\u00edlio para v\u00edcios, depress\u00e3o e estados emocionais densos. Pessoas com problemas com v\u00edcios, drogas l\u00edcitas ou il\u00edcitas, no meu \u00b4processo terap\u00eautico al\u00e9m do desenvolvimento pessoal, que alinha conduta, entendimentos emocionais e mentais do cliente, eu entro com uma t\u00e9cnica energ\u00e9tica profunda. Esta aqui atua na matriz cerebral. Quando estamos lidando com v\u00edcios&hellip;\" \/>\n<meta property=\"og:url\" content=\"https:\/\/synchronotron.com\/index.php\/2025\/03\/13\/estudos-sobre-terapia-synchronotron-ativacao-diaria\/\" \/>\n<meta property=\"og:site_name\" content=\"Synchronotron\" \/>\n<meta property=\"article:published_time\" content=\"2025-03-13T22:09:58+00:00\" \/>\n<meta property=\"article:modified_time\" content=\"2025-03-13T22:13:33+00:00\" \/>\n<meta name=\"author\" content=\"Anna Diemeier\" \/>\n<meta name=\"twitter:card\" content=\"summary_large_image\" \/>\n<meta name=\"twitter:label1\" content=\"Escrito por\" \/>\n\t<meta name=\"twitter:data1\" content=\"Anna Diemeier\" \/>\n\t<meta name=\"twitter:label2\" content=\"Est. tempo de leitura\" \/>\n\t<meta name=\"twitter:data2\" content=\"2 minutos\" \/>\n<script type=\"application\/ld+json\" class=\"yoast-schema-graph\">{\"@context\":\"https:\\\/\\\/schema.org\",\"@graph\":[{\"@type\":\"Article\",\"@id\":\"https:\\\/\\\/synchronotron.com\\\/index.php\\\/2025\\\/03\\\/13\\\/estudos-sobre-terapia-synchronotron-ativacao-diaria\\\/#article\",\"isPartOf\":{\"@id\":\"https:\\\/\\\/synchronotron.com\\\/index.php\\\/2025\\\/03\\\/13\\\/estudos-sobre-terapia-synchronotron-ativacao-diaria\\\/\"},\"author\":{\"name\":\"Anna Diemeier\",\"@id\":\"https:\\\/\\\/synchronotron.com\\\/#\\\/schema\\\/person\\\/77676a6a8c105d3b35ee0cd48a25b8c4\"},\"headline\":\"Estudos sobre TERAPIA SYNCHRONOTRON\\\/ATIVA\u00c7\u00c3O DI\u00c1RIA\",\"datePublished\":\"2025-03-13T22:09:58+00:00\",\"dateModified\":\"2025-03-13T22:13:33+00:00\",\"mainEntityOfPage\":{\"@id\":\"https:\\\/\\\/synchronotron.com\\\/index.php\\\/2025\\\/03\\\/13\\\/estudos-sobre-terapia-synchronotron-ativacao-diaria\\\/\"},\"wordCount\":429,\"commentCount\":1,\"publisher\":{\"@id\":\"https:\\\/\\\/synchronotron.com\\\/#organization\"},\"articleSection\":[\"Blog Aberto\",\"Novidades\",\"Synchronotron coletivo\",\"uncategorized\"],\"inLanguage\":\"pt-BR\",\"potentialAction\":[{\"@type\":\"CommentAction\",\"name\":\"Comment\",\"target\":[\"https:\\\/\\\/synchronotron.com\\\/index.php\\\/2025\\\/03\\\/13\\\/estudos-sobre-terapia-synchronotron-ativacao-diaria\\\/#respond\"]}]},{\"@type\":\"WebPage\",\"@id\":\"https:\\\/\\\/synchronotron.com\\\/index.php\\\/2025\\\/03\\\/13\\\/estudos-sobre-terapia-synchronotron-ativacao-diaria\\\/\",\"url\":\"https:\\\/\\\/synchronotron.com\\\/index.php\\\/2025\\\/03\\\/13\\\/estudos-sobre-terapia-synchronotron-ativacao-diaria\\\/\",\"name\":\"Estudos sobre TERAPIA SYNCHRONOTRON\\\/ATIVA\u00c7\u00c3O DI\u00c1RIA - Synchronotron\",\"isPartOf\":{\"@id\":\"https:\\\/\\\/synchronotron.com\\\/#website\"},\"datePublished\":\"2025-03-13T22:09:58+00:00\",\"dateModified\":\"2025-03-13T22:13:33+00:00\",\"breadcrumb\":{\"@id\":\"https:\\\/\\\/synchronotron.com\\\/index.php\\\/2025\\\/03\\\/13\\\/estudos-sobre-terapia-synchronotron-ativacao-diaria\\\/#breadcrumb\"},\"inLanguage\":\"pt-BR\",\"potentialAction\":[{\"@type\":\"ReadAction\",\"target\":[\"https:\\\/\\\/synchronotron.com\\\/index.php\\\/2025\\\/03\\\/13\\\/estudos-sobre-terapia-synchronotron-ativacao-diaria\\\/\"]}]},{\"@type\":\"BreadcrumbList\",\"@id\":\"https:\\\/\\\/synchronotron.com\\\/index.php\\\/2025\\\/03\\\/13\\\/estudos-sobre-terapia-synchronotron-ativacao-diaria\\\/#breadcrumb\",\"itemListElement\":[{\"@type\":\"ListItem\",\"position\":1,\"name\":\"In\u00edcio\",\"item\":\"https:\\\/\\\/synchronotron.com\\\/\"},{\"@type\":\"ListItem\",\"position\":2,\"name\":\"Estudos sobre TERAPIA SYNCHRONOTRON\\\/ATIVA\u00c7\u00c3O DI\u00c1RIA\"}]},{\"@type\":\"WebSite\",\"@id\":\"https:\\\/\\\/synchronotron.com\\\/#website\",\"url\":\"https:\\\/\\\/synchronotron.com\\\/\",\"name\":\"Synchronotron\",\"description\":\"\",\"publisher\":{\"@id\":\"https:\\\/\\\/synchronotron.com\\\/#organization\"},\"potentialAction\":[{\"@type\":\"SearchAction\",\"target\":{\"@type\":\"EntryPoint\",\"urlTemplate\":\"https:\\\/\\\/synchronotron.com\\\/?s={search_term_string}\"},\"query-input\":{\"@type\":\"PropertyValueSpecification\",\"valueRequired\":true,\"valueName\":\"search_term_string\"}}],\"inLanguage\":\"pt-BR\"},{\"@type\":\"Organization\",\"@id\":\"https:\\\/\\\/synchronotron.com\\\/#organization\",\"name\":\"Synchronotron\",\"url\":\"https:\\\/\\\/synchronotron.com\\\/\",\"logo\":{\"@type\":\"ImageObject\",\"inLanguage\":\"pt-BR\",\"@id\":\"https:\\\/\\\/synchronotron.com\\\/#\\\/schema\\\/logo\\\/image\\\/\",\"url\":\"https:\\\/\\\/synchronotron.com\\\/wp-content\\\/uploads\\\/2023\\\/08\\\/cropped-logo-synchonotron-1.png\",\"contentUrl\":\"https:\\\/\\\/synchronotron.com\\\/wp-content\\\/uploads\\\/2023\\\/08\\\/cropped-logo-synchonotron-1.png\",\"width\":837,\"height\":837,\"caption\":\"Synchronotron\"},\"image\":{\"@id\":\"https:\\\/\\\/synchronotron.com\\\/#\\\/schema\\\/logo\\\/image\\\/\"}},{\"@type\":\"Person\",\"@id\":\"https:\\\/\\\/synchronotron.com\\\/#\\\/schema\\\/person\\\/77676a6a8c105d3b35ee0cd48a25b8c4\",\"name\":\"Anna Diemeier\",\"image\":{\"@type\":\"ImageObject\",\"inLanguage\":\"pt-BR\",\"@id\":\"https:\\\/\\\/synchronotron.com\\\/wp-content\\\/litespeed\\\/avatar\\\/3e6cfdf40118f766ec21844490401bd1.jpg?ver=1777049646\",\"url\":\"https:\\\/\\\/synchronotron.com\\\/wp-content\\\/litespeed\\\/avatar\\\/3e6cfdf40118f766ec21844490401bd1.jpg?ver=1777049646\",\"contentUrl\":\"https:\\\/\\\/synchronotron.com\\\/wp-content\\\/litespeed\\\/avatar\\\/3e6cfdf40118f766ec21844490401bd1.jpg?ver=1777049646\",\"caption\":\"Anna Diemeier\"},\"url\":\"https:\\\/\\\/synchronotron.com\\\/index.php\\\/author\\\/annadiemeiergmail-com\\\/\"}]}<\/script>\n<!-- \/ Yoast SEO plugin. -->","yoast_head_json":{"title":"Estudos sobre TERAPIA SYNCHRONOTRON\/ATIVA\u00c7\u00c3O DI\u00c1RIA - Synchronotron","robots":{"index":"index","follow":"follow","max-snippet":"max-snippet:-1","max-image-preview":"max-image-preview:large","max-video-preview":"max-video-preview:-1"},"canonical":"https:\/\/synchronotron.com\/index.php\/2025\/03\/13\/estudos-sobre-terapia-synchronotron-ativacao-diaria\/","og_locale":"pt_BR","og_type":"article","og_title":"Estudos sobre TERAPIA SYNCHRONOTRON\/ATIVA\u00c7\u00c3O DI\u00c1RIA - Synchronotron","og_description":"Terapia Synchronotron no aux\u00edlio para v\u00edcios, depress\u00e3o e estados emocionais densos. Pessoas com problemas com v\u00edcios, drogas l\u00edcitas ou il\u00edcitas, no meu \u00b4processo terap\u00eautico al\u00e9m do desenvolvimento pessoal, que alinha conduta, entendimentos emocionais e mentais do cliente, eu entro com uma t\u00e9cnica energ\u00e9tica profunda. Esta aqui atua na matriz cerebral. Quando estamos lidando com v\u00edcios&hellip;","og_url":"https:\/\/synchronotron.com\/index.php\/2025\/03\/13\/estudos-sobre-terapia-synchronotron-ativacao-diaria\/","og_site_name":"Synchronotron","article_published_time":"2025-03-13T22:09:58+00:00","article_modified_time":"2025-03-13T22:13:33+00:00","author":"Anna Diemeier","twitter_card":"summary_large_image","twitter_misc":{"Escrito por":"Anna Diemeier","Est. tempo de leitura":"2 minutos"},"schema":{"@context":"https:\/\/schema.org","@graph":[{"@type":"Article","@id":"https:\/\/synchronotron.com\/index.php\/2025\/03\/13\/estudos-sobre-terapia-synchronotron-ativacao-diaria\/#article","isPartOf":{"@id":"https:\/\/synchronotron.com\/index.php\/2025\/03\/13\/estudos-sobre-terapia-synchronotron-ativacao-diaria\/"},"author":{"name":"Anna Diemeier","@id":"https:\/\/synchronotron.com\/#\/schema\/person\/77676a6a8c105d3b35ee0cd48a25b8c4"},"headline":"Estudos sobre TERAPIA SYNCHRONOTRON\/ATIVA\u00c7\u00c3O DI\u00c1RIA","datePublished":"2025-03-13T22:09:58+00:00","dateModified":"2025-03-13T22:13:33+00:00","mainEntityOfPage":{"@id":"https:\/\/synchronotron.com\/index.php\/2025\/03\/13\/estudos-sobre-terapia-synchronotron-ativacao-diaria\/"},"wordCount":429,"commentCount":1,"publisher":{"@id":"https:\/\/synchronotron.com\/#organization"},"articleSection":["Blog Aberto","Novidades","Synchronotron coletivo","uncategorized"],"inLanguage":"pt-BR","potentialAction":[{"@type":"CommentAction","name":"Comment","target":["https:\/\/synchronotron.com\/index.php\/2025\/03\/13\/estudos-sobre-terapia-synchronotron-ativacao-diaria\/#respond"]}]},{"@type":"WebPage","@id":"https:\/\/synchronotron.com\/index.php\/2025\/03\/13\/estudos-sobre-terapia-synchronotron-ativacao-diaria\/","url":"https:\/\/synchronotron.com\/index.php\/2025\/03\/13\/estudos-sobre-terapia-synchronotron-ativacao-diaria\/","name":"Estudos sobre TERAPIA SYNCHRONOTRON\/ATIVA\u00c7\u00c3O DI\u00c1RIA - Synchronotron","isPartOf":{"@id":"https:\/\/synchronotron.com\/#website"},"datePublished":"2025-03-13T22:09:58+00:00","dateModified":"2025-03-13T22:13:33+00:00","breadcrumb":{"@id":"https:\/\/synchronotron.com\/index.php\/2025\/03\/13\/estudos-sobre-terapia-synchronotron-ativacao-diaria\/#breadcrumb"},"inLanguage":"pt-BR","potentialAction":[{"@type":"ReadAction","target":["https:\/\/synchronotron.com\/index.php\/2025\/03\/13\/estudos-sobre-terapia-synchronotron-ativacao-diaria\/"]}]},{"@type":"BreadcrumbList","@id":"https:\/\/synchronotron.com\/index.php\/2025\/03\/13\/estudos-sobre-terapia-synchronotron-ativacao-diaria\/#breadcrumb","itemListElement":[{"@type":"ListItem","position":1,"name":"In\u00edcio","item":"https:\/\/synchronotron.com\/"},{"@type":"ListItem","position":2,"name":"Estudos sobre TERAPIA SYNCHRONOTRON\/ATIVA\u00c7\u00c3O DI\u00c1RIA"}]},{"@type":"WebSite","@id":"https:\/\/synchronotron.com\/#website","url":"https:\/\/synchronotron.com\/","name":"Synchronotron","description":"","publisher":{"@id":"https:\/\/synchronotron.com\/#organization"},"potentialAction":[{"@type":"SearchAction","target":{"@type":"EntryPoint","urlTemplate":"https:\/\/synchronotron.com\/?s={search_term_string}"},"query-input":{"@type":"PropertyValueSpecification","valueRequired":true,"valueName":"search_term_string"}}],"inLanguage":"pt-BR"},{"@type":"Organization","@id":"https:\/\/synchronotron.com\/#organization","name":"Synchronotron","url":"https:\/\/synchronotron.com\/","logo":{"@type":"ImageObject","inLanguage":"pt-BR","@id":"https:\/\/synchronotron.com\/#\/schema\/logo\/image\/","url":"https:\/\/synchronotron.com\/wp-content\/uploads\/2023\/08\/cropped-logo-synchonotron-1.png","contentUrl":"https:\/\/synchronotron.com\/wp-content\/uploads\/2023\/08\/cropped-logo-synchonotron-1.png","width":837,"height":837,"caption":"Synchronotron"},"image":{"@id":"https:\/\/synchronotron.com\/#\/schema\/logo\/image\/"}},{"@type":"Person","@id":"https:\/\/synchronotron.com\/#\/schema\/person\/77676a6a8c105d3b35ee0cd48a25b8c4","name":"Anna Diemeier","image":{"@type":"ImageObject","inLanguage":"pt-BR","@id":"https:\/\/synchronotron.com\/wp-content\/litespeed\/avatar\/3e6cfdf40118f766ec21844490401bd1.jpg?ver=1777049646","url":"https:\/\/synchronotron.com\/wp-content\/litespeed\/avatar\/3e6cfdf40118f766ec21844490401bd1.jpg?ver=1777049646","contentUrl":"https:\/\/synchronotron.com\/wp-content\/litespeed\/avatar\/3e6cfdf40118f766ec21844490401bd1.jpg?ver=1777049646","caption":"Anna Diemeier"},"url":"https:\/\/synchronotron.com\/index.php\/author\/annadiemeiergmail-com\/"}]}},"_links":{"self":[{"href":"https:\/\/synchronotron.com\/index.php\/wp-json\/wp\/v2\/posts\/14611","targetHints":{"allow":["GET"]}}],"collection":[{"href":"https:\/\/synchronotron.com\/index.php\/wp-json\/wp\/v2\/posts"}],"about":[{"href":"https:\/\/synchronotron.com\/index.php\/wp-json\/wp\/v2\/types\/post"}],"author":[{"embeddable":true,"href":"https:\/\/synchronotron.com\/index.php\/wp-json\/wp\/v2\/users\/57"}],"replies":[{"embeddable":true,"href":"https:\/\/synchronotron.com\/index.php\/wp-json\/wp\/v2\/comments?post=14611"}],"version-history":[{"count":0,"href":"https:\/\/synchronotron.com\/index.php\/wp-json\/wp\/v2\/posts\/14611\/revisions"}],"wp:attachment":[{"href":"https:\/\/synchronotron.com\/index.php\/wp-json\/wp\/v2\/media?parent=14611"}],"wp:term":[{"taxonomy":"category","embeddable":true,"href":"https:\/\/synchronotron.com\/index.php\/wp-json\/wp\/v2\/categories?post=14611"},{"taxonomy":"post_tag","embeddable":true,"href":"https:\/\/synchronotron.com\/index.php\/wp-json\/wp\/v2\/tags?post=14611"}],"curies":[{"name":"wp","href":"https:\/\/api.w.org\/{rel}","templated":true}]}}