{"id":16708,"date":"2025-06-14T04:41:58","date_gmt":"2025-06-14T07:41:58","guid":{"rendered":"https:\/\/synchronotron.com\/?p=16708"},"modified":"2025-06-14T15:57:15","modified_gmt":"2025-06-14T18:57:15","slug":"vento-autoexistente-branco-kin82-2-4","status":"publish","type":"post","link":"https:\/\/synchronotron.com\/index.php\/2025\/06\/14\/vento-autoexistente-branco-kin82-2-4\/","title":{"rendered":"Vento Autoexistente Branco KIN82 (2.4)"},"content":{"rendered":"\n<div class=\"wp-block-cover aligncenter is-light\"><span aria-hidden=\"true\" class=\"wp-block-cover__background has-background-dim\" style=\"background-color:#f2b19a\"><\/span><img fetchpriority=\"high\" decoding=\"async\" width=\"1051\" height=\"1280\" class=\"wp-block-cover__image-background wp-image-10453\" alt=\"\" src=\"https:\/\/synchronotron.com\/wp-content\/uploads\/2024\/11\/image-40.png\" data-object-fit=\"cover\" srcset=\"https:\/\/synchronotron.com\/wp-content\/uploads\/2024\/11\/image-40.png 1051w, https:\/\/synchronotron.com\/wp-content\/uploads\/2024\/11\/image-40-246x300.png 246w, https:\/\/synchronotron.com\/wp-content\/uploads\/2024\/11\/image-40-841x1024.png 841w, https:\/\/synchronotron.com\/wp-content\/uploads\/2024\/11\/image-40-768x935.png 768w, https:\/\/synchronotron.com\/wp-content\/uploads\/2024\/11\/image-40-600x731.png 600w\" sizes=\"(max-width: 1051px) 100vw, 1051px\" \/><div class=\"wp-block-cover__inner-container is-layout-flow wp-block-cover-is-layout-flow\">\n<p class=\"has-text-align-center has-large-font-size\"><\/p>\n<\/div><\/div>\n\n\n\n<div style=\"height:100px\" aria-hidden=\"true\" class=\"wp-block-spacer\"><\/div>\n\n\n\n<p class=\"has-text-align-center\"><strong>Hoje \u00e9 NS1.37.12.16, KIN 82, vento autoexistente branco<\/strong>. 4o KIN&nbsp; da onda encantada do(a) tormenta, 7a onda do Tzolkin, 3a onda do castelo branco. castelo 2 do Tzolkin 53 do caminhante do c\u00e9u magn\u00e9tico vermelho. anel 37 da tormenta r\u00edtmica azul. 12a lua deste anel, lua cristal do coelho. heptal 47 azul, a paci\u00eancia transforma a conduta. Plasma SELI, 2a porta do heptal, ativamos a 2a esfera mental com o hiperplasma ALFA-BETA. ativa\u00e7\u00e3o c\u00fabica na parte de baixo do cubo. circu\u00edto 8 gal\u00e1tico karmico no hipercubo, fluxos interplanet\u00e1rios: o Circuito 8 \u00e9 o circuito El\u00e9trico do Hiperparton, coordena a eletricidade C\u00f3smica de qualquer corpo celeste, Arqu\u00e9tipos o Navegador e a Suma Sacerdotisa, acessa o Conselho Uraniano de Comunica\u00e7\u00e3o Evolutiva.<\/p>\n\n\n\n<p class=\"has-text-align-center\"><strong>HUNAB KU 21<\/strong><\/p>\n\n\n\n<p class=\"has-text-align-center\"><strong>Caminho do heptal 47, A AUTOGERA\u00c7\u00c3O EVOLUI A ARTE.<\/strong><\/p>\n\n\n\n<p class=\"has-text-align-center\"><strong>O AVATAR ABRE A PORTA DO AVATAR,<\/strong> o(a) Suma Sacerdotisa entra por ela, guiado pelo(a) Yogui \/ Yoguini, apoiado pelo(a) Navegador, desafiado(a) pelo(a) S\u00e1bio, recebe os poderes oculto do(a) Transformador de Mundos.<\/p>\n\n\n<div class=\"wp-block-image\">\n<figure class=\"aligncenter size-full is-resized\"><img decoding=\"async\" width=\"804\" height=\"733\" src=\"https:\/\/synchronotron.com\/wp-content\/uploads\/2025\/06\/hk_kin82.png\" alt=\"\" class=\"wp-image-16710\" style=\"width:742px;height:auto\" srcset=\"https:\/\/synchronotron.com\/wp-content\/uploads\/2025\/06\/hk_kin82.png 804w, https:\/\/synchronotron.com\/wp-content\/uploads\/2025\/06\/hk_kin82-300x274.png 300w, https:\/\/synchronotron.com\/wp-content\/uploads\/2025\/06\/hk_kin82-768x700.png 768w, https:\/\/synchronotron.com\/wp-content\/uploads\/2025\/06\/hk_kin82-600x547.png 600w\" sizes=\"(max-width: 804px) 100vw, 804px\" \/><\/figure>\n<\/div>\n\n<div class=\"wp-block-image\">\n<figure class=\"aligncenter size-large is-resized\"><img decoding=\"async\" width=\"689\" height=\"1024\" src=\"https:\/\/synchronotron.com\/wp-content\/uploads\/2024\/06\/image-120-689x1024.png\" alt=\"\" class=\"wp-image-7317\" style=\"width:341px;height:auto\" srcset=\"https:\/\/synchronotron.com\/wp-content\/uploads\/2024\/06\/image-120-689x1024.png 689w, https:\/\/synchronotron.com\/wp-content\/uploads\/2024\/06\/image-120-202x300.png 202w, https:\/\/synchronotron.com\/wp-content\/uploads\/2024\/06\/image-120-768x1142.png 768w, https:\/\/synchronotron.com\/wp-content\/uploads\/2024\/06\/image-120-600x892.png 600w, https:\/\/synchronotron.com\/wp-content\/uploads\/2024\/06\/image-120.png 861w\" sizes=\"(max-width: 689px) 100vw, 689px\" \/><\/figure>\n<\/div>\n\n\n<div style=\"height:100px\" aria-hidden=\"true\" class=\"wp-block-spacer\"><\/div>\n\n\n\n<p class=\"has-text-align-center\"><strong>CHAVE SYNCHRONOTRON KIN DESTINO 2.4<\/strong><\/p>\n\n\n\n<p class=\"has-text-align-center\">0 Perceptor Holomental \u00e9 o sistema do cubo projetado no corpo caloso, conectando os dois hemisf\u00e9rios cerebrais. Seu prop\u00f3sito \u00e9 radializar suas percep\u00e7\u00f5es. Eis porque o lado esquerdo do gr\u00e1fico \u00e9 o lado direito do c\u00e9rebro, e o lado direito do gr\u00e1fico \u00e9 o lado esquerdo do c\u00e9rebro.<\/p>\n\n\n\n<p class=\"has-text-align-center\"><strong>POSTULADO KIN DESTINO 2.4<\/strong><\/p>\n\n\n\n<p class=\"has-text-align-center\">O prop\u00f3sito da variedade das diferen\u00e7as na evolu\u00e7\u00e3o no tempo entre as massas estelares \u00e9 proporcionar, em um dado momento, a qualquer n\u00edvel de desenvolvimento evolutivo estelar, a oportunidade de avaliar a si mesma em rela\u00e7\u00e3o ao resto do C\u00e9rebro Gal\u00e1ctico, em termos de est\u00e1gios mais ou menos avan\u00e7ados. Isto descreve a continuidade simult\u00e2nea da incid\u00eancia da ordem sincr\u00f4nica, ou a experi\u00eancia compreensiva do sistema inteiro.<\/p>\n\n\n\n<div style=\"height:100px\" aria-hidden=\"true\" class=\"wp-block-spacer\"><\/div>\n\n\n\n<h2 class=\"wp-block-heading has-text-align-center\"><strong>ATIVA\u00c7\u00c3O SYNCHRONOTRON GUIADA<\/strong><\/h2>\n\n\n\n<p class=\"has-text-align-center\">A ativa\u00e7\u00e3o guiada \u00e9 um processo poderoso que visa ensinar cada indiv\u00edduo a se autoativar. <strong>O objetivo final desse processo \u00e9 que todos n\u00f3s possamos dominar a autoativa\u00e7\u00e3o,<\/strong> criando assim uma percep\u00e7\u00e3o mutlidimensional expandida \u00fanica e pessoal, bem como coletiva.<\/p>\n\n\n\n<p class=\"has-text-align-center\">Assumir a pr\u00f3pria maestria \u00e9 um passo crucial para impulsionar a ascens\u00e3o coletiva e <strong>facilitar a transi\u00e7\u00e3o da biosfera para a noosfera atrav\u00e9s da ativa\u00e7\u00e3o do nosso Perceptor Holmental na pr\u00e1tica.<\/strong><\/p>\n\n\n<div class=\"wp-block-image\">\n<figure class=\"aligncenter size-full is-resized\"><img loading=\"lazy\" decoding=\"async\" width=\"697\" height=\"522\" src=\"https:\/\/synchronotron.com\/wp-content\/uploads\/2025\/05\/arco-iris.png\" alt=\"\" class=\"wp-image-16165\" style=\"width:347px;height:auto\" srcset=\"https:\/\/synchronotron.com\/wp-content\/uploads\/2025\/05\/arco-iris.png 697w, https:\/\/synchronotron.com\/wp-content\/uploads\/2025\/05\/arco-iris-300x225.png 300w, https:\/\/synchronotron.com\/wp-content\/uploads\/2025\/05\/arco-iris-160x120.png 160w, https:\/\/synchronotron.com\/wp-content\/uploads\/2025\/05\/arco-iris-600x449.png 600w\" sizes=\"(max-width: 697px) 100vw, 697px\" \/><\/figure>\n<\/div>\n\n\n<p class=\"has-text-align-center\"><strong>IN LAK\u00b4ECH<\/strong><\/p>\n\n\n\n<div style=\"height:100px\" aria-hidden=\"true\" class=\"wp-block-spacer\"><\/div>\n\n\n\n<p class=\"has-text-align-center\"><strong>CHAVES SYNCHRONOTRON<\/strong><\/p>\n\n\n\n<p class=\"has-text-align-center\"><strong>Perceptor Holomental<\/strong><\/p>\n\n\n\n<p>2.1&nbsp;&nbsp;&nbsp;&nbsp;&nbsp;&nbsp;&nbsp;&nbsp;&nbsp; 0 Perceptor Holomental \u00e9 o novo \u00f3rg\u00e3o do sentido para evoluir da intelig\u00eancia. O prop\u00f3sito de estudar o sistema da Matriz do Cubo 441 \u00e9 para aprender como operar o Perceptor Holomental.&nbsp;&nbsp;&nbsp;&nbsp;&nbsp;&nbsp;&nbsp;&nbsp;&nbsp;&nbsp;&nbsp;&nbsp;&nbsp;&nbsp;&nbsp;&nbsp;&nbsp;&nbsp;&nbsp;&nbsp;&nbsp;<\/p>\n\n\n\n<p>2.2&nbsp;&nbsp;&nbsp;&nbsp;&nbsp;&nbsp;&nbsp;&nbsp;&nbsp; Super-realidades e dimens\u00f5es superiores s\u00e3o fun\u00e7\u00f5es avan\u00e7adas de radializadas percep\u00e7\u00f5es sens\u00f3rias e rela\u00e7\u00f5es mentais devido \u00e0 ativa\u00e7\u00e3o da 7\u00aa Esfera Mental, o Perceptor Holomental &#8211; o hiper\u00f3rg\u00e3o telep\u00e1tico.&nbsp;&nbsp;&nbsp;&nbsp;&nbsp;&nbsp;&nbsp;&nbsp;&nbsp;&nbsp;&nbsp;&nbsp;&nbsp;&nbsp;&nbsp;&nbsp;&nbsp;&nbsp;&nbsp;&nbsp;&nbsp;&nbsp;<\/p>\n\n\n\n<p>2.3&nbsp;&nbsp;&nbsp;&nbsp;&nbsp;&nbsp;&nbsp;&nbsp;&nbsp; 0 Perceptor Holomental \u00e9 uma Matriz do Cubo 441 (21&#215;21). Seus circuitos s\u00e3o resolu\u00e7\u00f5es da Nona Dimens\u00e3o do Tempo, inclusive dos Quatro Quadrantes do Espa\u00e7o. As intera\u00e7\u00f5es entre os quadrantes dos canais do n\u00facleo do tempo e espa\u00e7o criam diferentes posi\u00e7\u00f5es de incid\u00eancia no Perceptor Holomental.&nbsp;&nbsp;&nbsp;&nbsp;&nbsp;&nbsp;&nbsp; &nbsp;&nbsp;&nbsp;&nbsp;&nbsp;&nbsp;&nbsp;&nbsp;&nbsp;&nbsp;&nbsp;&nbsp;&nbsp;&nbsp;&nbsp;<\/p>\n\n\n\n<p>2.4&nbsp;&nbsp;&nbsp;&nbsp;&nbsp;&nbsp;&nbsp;&nbsp;&nbsp; 0 Perceptor Holomental \u00e9 o sistema do cubo projetado no corpo caloso, conectando os dois hemisf\u00e9rios cerebrais. Seu prop\u00f3sito \u00e9 radializar suas percep\u00e7\u00f5es. Eis porque o lado esquerdo do gr\u00e1fico \u00e9 o lado direito do c\u00e9rebro, e o lado direito do gr\u00e1fico \u00e9 o lado esquerdo do c\u00e9rebro.&nbsp;&nbsp;&nbsp;&nbsp;&nbsp;&nbsp;&nbsp;&nbsp;&nbsp;&nbsp;&nbsp;&nbsp;&nbsp;&nbsp;&nbsp;&nbsp;&nbsp;&nbsp;&nbsp;&nbsp;&nbsp;&nbsp;&nbsp;&nbsp;&nbsp;&nbsp;&nbsp;&nbsp;<\/p>\n\n\n\n<p>2.5&nbsp;&nbsp;&nbsp;&nbsp;&nbsp;&nbsp;&nbsp;&nbsp;&nbsp; 0 Perceptor Holomental \u00e9 o fator oculto, latente e escondido, que administra nossas faculdades paranormais, o interruptor superconsciente que transforma todo o nosso ser &#8211; corpo, mente e h\u00f3lon &#8211; em um instrumento divino, livre e radiante, diferente de tudo que sonhamos ser poss\u00edvel.&nbsp;&nbsp;&nbsp;&nbsp;&nbsp;&nbsp;&nbsp;&nbsp;&nbsp;&nbsp;&nbsp;&nbsp;&nbsp;&nbsp;&nbsp;&nbsp;&nbsp;&nbsp;&nbsp;&nbsp;&nbsp;&nbsp;&nbsp;&nbsp;&nbsp;&nbsp;&nbsp;<\/p>\n\n\n\n<p>2.6&nbsp;&nbsp;&nbsp;&nbsp;&nbsp;&nbsp;&nbsp;&nbsp;&nbsp; As fun\u00e7\u00f5es sincr\u00f4nicas podem ser mapeadas diariamente dentro do Perceptor Holamental para descobrir diferentes pontos de ativa\u00e7\u00e3o que correspondem ao sistema do Cubo 441.&nbsp;&nbsp;&nbsp;&nbsp;&nbsp;&nbsp;&nbsp;&nbsp;&nbsp;&nbsp;&nbsp;&nbsp;&nbsp;&nbsp;&nbsp;&nbsp;&nbsp;&nbsp;&nbsp;&nbsp;&nbsp;<\/p>\n\n\n\n<p>2.7&nbsp;&nbsp;&nbsp;&nbsp;&nbsp;&nbsp;&nbsp;&nbsp;&nbsp; 0 Perceptor Holamental \u00e9 uma fun\u00e7\u00e3o do cubo que, por sua vez, \u00e9 a s\u00edntese da 11a dimens\u00e3o da comunica\u00e7\u00e3o telep\u00e1tica. \u00c9 uma proje\u00e7\u00e3o hologr\u00e1fica completa da unidade e da totalidade descendo atrav\u00e9s das dimens\u00f5es.&nbsp;&nbsp;&nbsp;&nbsp;&nbsp;&nbsp;&nbsp;&nbsp;&nbsp;&nbsp;&nbsp;&nbsp; &nbsp;&nbsp;&nbsp;&nbsp;&nbsp;&nbsp;&nbsp;&nbsp;&nbsp;&nbsp;&nbsp;&nbsp;&nbsp;&nbsp;&nbsp;<\/p>\n\n\n\n<p>2.8&nbsp;&nbsp;&nbsp;&nbsp;&nbsp;&nbsp;&nbsp;&nbsp;&nbsp; O Perceptor Holomental \u00e9 um campo de for\u00e7a centr\u00edpeta, cujos circuitos aumentam a frequ\u00eancia \u00e0 medida que chegam mais perto do centro.&nbsp;&nbsp;&nbsp;&nbsp;&nbsp;&nbsp;&nbsp;&nbsp;&nbsp;&nbsp;&nbsp;&nbsp;&nbsp;&nbsp;&nbsp;&nbsp;&nbsp;<\/p>\n\n\n\n<p>2.9&nbsp;&nbsp;&nbsp;&nbsp;&nbsp;&nbsp;&nbsp;&nbsp;&nbsp; 0 c\u00e9rebro noosf\u00e9rico \u00e9 uma fun\u00e7\u00e3o do Perceptor Holomental, a impress\u00e3o da mente c\u00f3smica coletiva sobreposta ao c\u00e9rebro individual pela cosmose ps\u00edquica, e da\u00ed levada a iniciar a propaga\u00e7\u00e3o para outros indiv\u00edduos at\u00e9 a Noosfera se iluminar.&nbsp;&nbsp;&nbsp;&nbsp;&nbsp;&nbsp;&nbsp;&nbsp;&nbsp;&nbsp;&nbsp;&nbsp;&nbsp;&nbsp;&nbsp;&nbsp;&nbsp;&nbsp;&nbsp;&nbsp;&nbsp;&nbsp;&nbsp;&nbsp;&nbsp;&nbsp;&nbsp;&nbsp;<\/p>\n\n\n\n<p>2.10&nbsp;&nbsp;&nbsp;&nbsp;&nbsp;&nbsp; A manifesta\u00e7\u00e3o do Perceptor Holomental \u00e9 um ato da noog\u00eanese criativa: o nascimento atrav\u00e9s da mente. A consci\u00eancia telep\u00e1tica tem o poder de alterar e melhorar a biologia.&nbsp;&nbsp;&nbsp;&nbsp;&nbsp;&nbsp;&nbsp;&nbsp;&nbsp;&nbsp;&nbsp;&nbsp;&nbsp;&nbsp;&nbsp;&nbsp;&nbsp;&nbsp;&nbsp;&nbsp;<\/p>\n\n\n\n<p>2.11&nbsp;&nbsp;&nbsp;&nbsp;&nbsp;&nbsp; 0 Perceptor Holomental \u00e9 a Matriz 441 telepaticamente impressa no corpo caloso para facilitar a integra\u00e7\u00e3o do tempo, do espa\u00e7o e da mente como o principio da sincroniza\u00e7\u00e3o radializada que traz a \u201crecorda\u00e7\u00e3o total\u201d.&nbsp;&nbsp;&nbsp;&nbsp;&nbsp;&nbsp;&nbsp;&nbsp;&nbsp;&nbsp;&nbsp;&nbsp;&nbsp;&nbsp;&nbsp;&nbsp;&nbsp;&nbsp;&nbsp;&nbsp;&nbsp;&nbsp;<\/p>\n\n\n\n<p>2.12&nbsp;&nbsp;&nbsp;&nbsp;&nbsp;&nbsp; Para acelerar a experi\u00eancia direta de universos paralelos, recupera\u00e7\u00e3o da mem\u00f3ria e viagem interdimensional imprima telepaticamente o Perceptor Holomental em seu corpo caloso e o absorva atrav\u00e9s do samadhi meditativo.&nbsp;&nbsp; &nbsp;&nbsp;&nbsp;&nbsp;&nbsp;&nbsp;&nbsp;&nbsp;&nbsp;&nbsp;&nbsp;&nbsp;&nbsp;&nbsp;&nbsp;<\/p>\n\n\n\n<p>2.13&nbsp;&nbsp;&nbsp;&nbsp;&nbsp;&nbsp; 0 Perceptor Holomental \u00e9 o circuito evolutivo que estabelece a tradu\u00e7\u00e3o instant\u00e2nea do n\u00famero de frequ\u00eancias em preceitos cognitivos superconscientes, que nos permitem funcionar em n\u00edvel dimensional superior. N\u00e3o existe nada nos mundos exteriores que n\u00e3o possa ser coordenado nos circuitos do Perceptor Holomental.<\/p>\n\n\n\n<div style=\"height:100px\" aria-hidden=\"true\" class=\"wp-block-spacer\"><\/div>\n\n\n\n<p class=\"has-text-align-center\"><strong>POSTULADOS<\/strong><\/p>\n\n\n\n<p class=\"has-text-align-center\"><strong>DIFEREN\u00c7AS VARI\u00c1VEIS NA EVOLU\u00c7\u00c3O NO TEMPO DE DIFERENTTES MASSAS ESTELARES<\/strong><\/p>\n\n\n\n<p>2.1&nbsp;&nbsp;&nbsp;&nbsp;&nbsp;&nbsp;&nbsp;&nbsp;&nbsp; A mesma din\u00e2mica do tempo que governa a biosfera planet\u00e1ria tamb\u00e9m governa a massa estelar local em sua rela\u00e7\u00e3o com outras massas estelares dentro do sistema do C\u00e9rebro Gal\u00e1ctico, do qual esse sistema estelar \u00e9 membro.&nbsp;&nbsp;&nbsp;&nbsp;&nbsp;&nbsp;&nbsp;&nbsp;&nbsp;&nbsp;&nbsp;&nbsp;&nbsp;&nbsp;&nbsp;&nbsp;&nbsp;&nbsp;&nbsp;&nbsp;&nbsp;&nbsp;&nbsp;&nbsp;&nbsp;&nbsp;&nbsp;&nbsp;&nbsp;&nbsp;<\/p>\n\n\n\n<p>2.2&nbsp;&nbsp;&nbsp;&nbsp;&nbsp;&nbsp;&nbsp;&nbsp;&nbsp; De acordo com os princ\u00edpios do plano original, as diferen\u00e7as vari\u00e1veis na evolu\u00e7\u00e3o no tempo ocorrem nas diferentes massas estelares dentro do C\u00e9rebro Gal\u00e1ctico.&nbsp;&nbsp;&nbsp;&nbsp;&nbsp;&nbsp;&nbsp;&nbsp;&nbsp;&nbsp;&nbsp;&nbsp;&nbsp;&nbsp;&nbsp;&nbsp;&nbsp;&nbsp;&nbsp;&nbsp;&nbsp;&nbsp;&nbsp;&nbsp;&nbsp;&nbsp;&nbsp;&nbsp;&nbsp;&nbsp;<\/p>\n\n\n\n<p>2.3&nbsp;&nbsp;&nbsp;&nbsp;&nbsp;&nbsp;&nbsp;&nbsp;&nbsp; A composi\u00e7\u00e3o das diferen\u00e7as da evolu\u00e7\u00e3o no tempo entre as massas estelares em qualquer momento no tempo cria o espectro completo das possibilidades na progress\u00e3o da energia-mente, a qual define o continuum do tempo e da consci\u00eancia que constituem o C\u00e9rebro Gal\u00e1ctico.&nbsp;&nbsp;&nbsp;&nbsp;&nbsp;&nbsp;&nbsp;&nbsp;&nbsp;&nbsp;&nbsp;&nbsp;&nbsp;&nbsp;&nbsp;&nbsp;&nbsp;&nbsp;&nbsp;&nbsp;&nbsp;&nbsp;&nbsp;&nbsp;&nbsp;&nbsp;<\/p>\n\n\n\n<p>2.4&nbsp;&nbsp;&nbsp;&nbsp;&nbsp;&nbsp;&nbsp;&nbsp;&nbsp; O prop\u00f3sito da variedade das diferen\u00e7as na evolu\u00e7\u00e3o no tempo entre as massas estelares \u00e9 proporcionar, em um dado momento, a qualquer n\u00edvel de desenvolvimento evolutivo estelar, a oportunidade de avaliar a si mesma em rela\u00e7\u00e3o ao resto do C\u00e9rebro Gal\u00e1ctico, em termos de est\u00e1gios mais ou menos avan\u00e7ados. Isto descreve a continuidade simult\u00e2nea da incid\u00eancia da ordem sincr\u00f4nica, ou a experi\u00eancia compreensiva do sistema inteiro.&nbsp;&nbsp;&nbsp;&nbsp;&nbsp;&nbsp;&nbsp;&nbsp;&nbsp;&nbsp;&nbsp;&nbsp;&nbsp;&nbsp;&nbsp;<\/p>\n\n\n\n<p>2.5&nbsp;&nbsp;&nbsp;&nbsp;&nbsp;&nbsp;&nbsp;&nbsp;&nbsp; A experi\u00eancia compreensiva do sistema inteiro do C\u00e9rebro Gal\u00e1ctico, em um dado momento, devido \u00e0 ampla variedade da disposi\u00e7\u00e3o das massas estelares por toda a parte, \u00e9 supremamente est\u00e9tica em sua natureza.&nbsp;&nbsp;&nbsp;&nbsp;&nbsp;&nbsp;&nbsp;&nbsp;&nbsp;&nbsp;&nbsp;&nbsp;&nbsp;&nbsp;&nbsp;&nbsp;&nbsp;&nbsp;<\/p>\n\n\n\n<p>2.6&nbsp;&nbsp;&nbsp;&nbsp;&nbsp;&nbsp;&nbsp;&nbsp;&nbsp; A consci\u00eancia da Lei do Tempo dentro de uma massa estelar induz \u00e0 crescente criatividade auto-reflexiva em conformidade e em cumprimento da Lei do Tempo, T(E)=Arte. O efeito conseq\u00fcente de operar de acordo com a Lei do Tempo \u00e9 a crescente participa\u00e7\u00e3o consciente na ordena\u00e7\u00e3o criativa do universo. Atrav\u00e9s da mente evolu\u00edda telepaticamente, as for\u00e7as da natureza podem ser moldadas para funcionar de acordo com qualquer dos diferentes n\u00edveis de evolu\u00e7\u00e3o.&nbsp;&nbsp;&nbsp;&nbsp;&nbsp;&nbsp;&nbsp;&nbsp;&nbsp;&nbsp;&nbsp;&nbsp;&nbsp;&nbsp;&nbsp;&nbsp;&nbsp;&nbsp;&nbsp;&nbsp;<\/p>\n\n\n\n<p>2.7&nbsp;&nbsp;&nbsp;&nbsp;&nbsp;&nbsp;&nbsp;&nbsp;&nbsp; O que \u00e9 verdadeiro para as diferen\u00e7as vari\u00e1veis de evolu\u00e7\u00e3o no tempo das massas estelares para constituirem um espectro total de uma ordem de possibilidade consciente inteira em qualquer momento no tempo, \u00e9 verdadeiro para a soma das outras ordens gal\u00e1cticas como um todo, existindo do lado de fora da gal\u00e1xia na qual estamos localizados. Todos os C\u00e9rebros Gal\u00e1cticos em suas infinitas possibilidades coordenados por Deus, refletem o espectro total de uma ordem de possibilidades evolutivas dentro do universo criativo evolutivo governado pela Lei do Tempo.&nbsp;&nbsp;&nbsp;&nbsp;&nbsp;&nbsp;&nbsp;&nbsp;&nbsp;&nbsp;&nbsp;&nbsp;&nbsp;&nbsp;&nbsp;&nbsp;&nbsp;&nbsp;&nbsp;&nbsp;&nbsp;&nbsp;&nbsp;&nbsp;&nbsp;&nbsp;&nbsp;&nbsp;&nbsp;&nbsp;<\/p>\n\n\n\n<p>2.8&nbsp;&nbsp;&nbsp;&nbsp;&nbsp;&nbsp;&nbsp;&nbsp;&nbsp; Os sistemas estelares que experimentaram ou est\u00e3o no processo de experimentar a consci\u00eancia inteiramente evolu\u00edda tem, inevitavelmente, uma compreens\u00e3o das massas estelares nas quais a evolu\u00e7\u00e3o consciente no tempo n\u00e3o avan\u00e7ou al\u00e9m do grau do conhecimento auto-reflexivo da Lei do Tempo.&nbsp;&nbsp;&nbsp;&nbsp;&nbsp;&nbsp;&nbsp;&nbsp;&nbsp;&nbsp;&nbsp;&nbsp;&nbsp;&nbsp;&nbsp;&nbsp;&nbsp;&nbsp;&nbsp;&nbsp;&nbsp;&nbsp;&nbsp;&nbsp;&nbsp;<\/p>\n\n\n\n<p>2.9&nbsp;&nbsp;&nbsp;&nbsp;&nbsp;&nbsp;&nbsp;&nbsp;&nbsp; Sistemas estelares evolu\u00eddos num n\u00edvel mais alto e outras ordens gal\u00e1cticas podem investigar outros sistemas menos evolu\u00eddos atrav\u00e9s de v\u00e1rias formas avan\u00e7adas de viagem no tempo, mas n\u00e3o podem interferir de maneira direta com a corrente de consci\u00eancia at\u00e9 que tenha evolu\u00eddo ao ponto de consci\u00eancia auto-reflexiva, momento a momento. Somente a consci\u00eancia ou o reconhecimento telep\u00e1tico m\u00fatuo est\u00e3o permitidos. &nbsp;&nbsp;&nbsp;&nbsp;&nbsp;&nbsp;&nbsp;&nbsp;&nbsp;&nbsp;&nbsp;&nbsp;&nbsp;&nbsp;&nbsp;&nbsp;&nbsp;&nbsp;&nbsp;&nbsp;&nbsp;&nbsp;&nbsp;<\/p>\n\n\n\n<p>2.10&nbsp;&nbsp;&nbsp;&nbsp;&nbsp;&nbsp; Inversamente, a intelig\u00eancia telep\u00e1tica em sistemas menos evolu\u00eddos pode procurar e estabelecer comunica\u00e7\u00e3o com sistemas mais evolu\u00eddos. Todas as informa\u00e7\u00f5es trocadas atrav\u00e9s deste processo podem ser \u00fateis ou funcionar somente dentro da compreens\u00e3o do sistema global da ordem universal.&nbsp;&nbsp;&nbsp;&nbsp;&nbsp;&nbsp;&nbsp;&nbsp;&nbsp;&nbsp;&nbsp;&nbsp;&nbsp;&nbsp;&nbsp;&nbsp;&nbsp;&nbsp;&nbsp;&nbsp;&nbsp;&nbsp;&nbsp;&nbsp;&nbsp;&nbsp;<\/p>\n\n\n\n<p>2.11&nbsp;&nbsp;&nbsp;&nbsp;&nbsp;&nbsp; O prop\u00f3sito da evolu\u00e7\u00e3o no tempo na ordem menos evolu\u00edda ou puramente tridimensional \u00e9 estabelecer a intelig\u00eancia de acordo com o instinto. O instinto \u00e9 o conhecimento de navega\u00e7\u00e3o tridimensional determinado pela necessidade de preservar a forma tridimensional espec\u00edfica e a sua perpetua\u00e7\u00e3o gen\u00e9tica.&nbsp;&nbsp;&nbsp;&nbsp;&nbsp;&nbsp;&nbsp;&nbsp;&nbsp;&nbsp;&nbsp;&nbsp;&nbsp;&nbsp;&nbsp;&nbsp;&nbsp;&nbsp;&nbsp;&nbsp;&nbsp;<\/p>\n\n\n\n<p class=\"has-text-align-left\">2.12&nbsp;&nbsp;&nbsp;&nbsp;&nbsp;&nbsp; O instinto \u00e9 completamente uma fun\u00e7\u00e3o do T(E)= Arte e representa a ordem \u201cinconsciente\u201d da telepatia. Enquanto o instinto est\u00e1 totalmente enraizado nas fun\u00e7\u00f5es org\u00e2nicas, a telepatia \u00e9 independente das opera\u00e7\u00f5es org\u00e2nicas da vida. O instinto tridimensional inclina-se em dire\u00e7\u00e3o da forma\u00e7\u00e3o das estruturas da coer\u00eancia f\u00edsica. A telepatia quadridimensional \u00e9 dissipativa e inclina-se em dire\u00e7\u00e3o da navega\u00e7\u00e3o radiativa no tempo.&nbsp;&nbsp;&nbsp;&nbsp;&nbsp;&nbsp;&nbsp;&nbsp;&nbsp;&nbsp;&nbsp;&nbsp;&nbsp;&nbsp;&nbsp;&nbsp;&nbsp;&nbsp;&nbsp;&nbsp;&nbsp;&nbsp;&nbsp;&nbsp;&nbsp;&nbsp;<\/p>\n\n\n\n<p class=\"has-text-align-left\">2.13&nbsp;&nbsp;&nbsp;&nbsp;&nbsp;&nbsp; Dentro de uma massa estelar qualquer, os quadrantes e os hemisf\u00e9rios do C\u00e9rebro Gal\u00e1ctico possuem a sua pr\u00f3pria espiral de desenvolvimento, refletindo a grande espiral do desenvolvimento que caracteriza a evolu\u00e7\u00e3o total do tempo como consci\u00eancia. Dentro de qualquer massa estelar, qualquer dos quatro quadrantes e qualquer um dos dois hemisf\u00e9rios do C\u00e9rebro Gal\u00e1ctico ser\u00e3o enfatizados indicando o est\u00e1gio e o processo do desenvolvimento evolutivo para o qual a dita massa estelar avan\u00e7ou.&nbsp;&nbsp;&nbsp;&nbsp;&nbsp;&nbsp;&nbsp;&nbsp;&nbsp;<\/p>\n\n\n\n<div style=\"height:100px\" aria-hidden=\"true\" class=\"wp-block-spacer\"><\/div>\n\n\n\n<h2 class=\"wp-block-heading has-text-align-center\"><strong>ATIVA\u00c7\u00c3O SYNCHRONOTRON<\/strong><\/h2>\n\n\n<div class=\"wp-block-image\">\n<figure class=\"aligncenter size-full is-resized\"><img loading=\"lazy\" decoding=\"async\" width=\"893\" height=\"502\" src=\"https:\/\/synchronotron.com\/wp-content\/uploads\/2025\/06\/441coord_KIN82.png\" alt=\"\" class=\"wp-image-16711\" style=\"width:838px;height:auto\" srcset=\"https:\/\/synchronotron.com\/wp-content\/uploads\/2025\/06\/441coord_KIN82.png 893w, https:\/\/synchronotron.com\/wp-content\/uploads\/2025\/06\/441coord_KIN82-300x169.png 300w, https:\/\/synchronotron.com\/wp-content\/uploads\/2025\/06\/441coord_KIN82-768x432.png 768w, https:\/\/synchronotron.com\/wp-content\/uploads\/2025\/06\/441coord_KIN82-720x405.png 720w, https:\/\/synchronotron.com\/wp-content\/uploads\/2025\/06\/441coord_KIN82-600x337.png 600w\" sizes=\"(max-width: 893px) 100vw, 893px\" \/><\/figure>\n<\/div>\n\n<div class=\"wp-block-image\">\n<figure class=\"aligncenter size-full is-resized\"><img loading=\"lazy\" decoding=\"async\" width=\"1026\" height=\"767\" src=\"https:\/\/synchronotron.com\/wp-content\/uploads\/2025\/06\/4441_KIN82.png\" alt=\"\" class=\"wp-image-16712\" style=\"width:834px;height:auto\" srcset=\"https:\/\/synchronotron.com\/wp-content\/uploads\/2025\/06\/4441_KIN82.png 1026w, https:\/\/synchronotron.com\/wp-content\/uploads\/2025\/06\/4441_KIN82-300x224.png 300w, https:\/\/synchronotron.com\/wp-content\/uploads\/2025\/06\/4441_KIN82-1024x766.png 1024w, https:\/\/synchronotron.com\/wp-content\/uploads\/2025\/06\/4441_KIN82-768x574.png 768w, https:\/\/synchronotron.com\/wp-content\/uploads\/2025\/06\/4441_KIN82-160x120.png 160w, https:\/\/synchronotron.com\/wp-content\/uploads\/2025\/06\/4441_KIN82-600x449.png 600w\" sizes=\"(max-width: 1026px) 100vw, 1026px\" \/><\/figure>\n<\/div>\n\n\n<figure class=\"wp-block-image size-large\"><img loading=\"lazy\" decoding=\"async\" width=\"1024\" height=\"601\" src=\"https:\/\/synchronotron.com\/wp-content\/uploads\/2025\/06\/photo_5073586056233856603_y-1024x601.jpg\" alt=\"\" class=\"wp-image-16733\" srcset=\"https:\/\/synchronotron.com\/wp-content\/uploads\/2025\/06\/photo_5073586056233856603_y-1024x601.jpg 1024w, https:\/\/synchronotron.com\/wp-content\/uploads\/2025\/06\/photo_5073586056233856603_y-300x176.jpg 300w, https:\/\/synchronotron.com\/wp-content\/uploads\/2025\/06\/photo_5073586056233856603_y-768x451.jpg 768w, https:\/\/synchronotron.com\/wp-content\/uploads\/2025\/06\/photo_5073586056233856603_y-600x352.jpg 600w, https:\/\/synchronotron.com\/wp-content\/uploads\/2025\/06\/photo_5073586056233856603_y.jpg 1280w\" sizes=\"(max-width: 1024px) 100vw, 1024px\" \/><\/figure>\n\n\n<div class=\"wp-block-image\">\n<figure class=\"aligncenter size-full is-resized\"><img loading=\"lazy\" decoding=\"async\" width=\"461\" height=\"767\" src=\"https:\/\/synchronotron.com\/wp-content\/uploads\/2025\/06\/photo_5073586056233856604_x.jpg\" alt=\"\" class=\"wp-image-16735\" style=\"width:627px;height:auto\" srcset=\"https:\/\/synchronotron.com\/wp-content\/uploads\/2025\/06\/photo_5073586056233856604_x.jpg 461w, https:\/\/synchronotron.com\/wp-content\/uploads\/2025\/06\/photo_5073586056233856604_x-180x300.jpg 180w\" sizes=\"(max-width: 461px) 100vw, 461px\" \/><\/figure>\n<\/div>\n\n\n<div style=\"height:100px\" aria-hidden=\"true\" class=\"wp-block-spacer\"><\/div>\n\n\n\n<h2 class=\"wp-block-heading has-text-align-center\">Manitu Planet\u00e1rio (Matriz do Espa\u00e7o)<\/h2>\n\n\n<div class=\"wp-block-image\">\n<figure class=\"aligncenter size-full is-resized\"><img loading=\"lazy\" decoding=\"async\" width=\"901\" height=\"1280\" src=\"https:\/\/synchronotron.com\/wp-content\/uploads\/2025\/03\/photo_5132137481364418133_y.jpg\" alt=\"\" class=\"wp-image-15204\" style=\"width:740px;height:auto\" srcset=\"https:\/\/synchronotron.com\/wp-content\/uploads\/2025\/03\/photo_5132137481364418133_y.jpg 901w, https:\/\/synchronotron.com\/wp-content\/uploads\/2025\/03\/photo_5132137481364418133_y-211x300.jpg 211w, https:\/\/synchronotron.com\/wp-content\/uploads\/2025\/03\/photo_5132137481364418133_y-721x1024.jpg 721w, https:\/\/synchronotron.com\/wp-content\/uploads\/2025\/03\/photo_5132137481364418133_y-768x1091.jpg 768w, https:\/\/synchronotron.com\/wp-content\/uploads\/2025\/03\/photo_5132137481364418133_y-600x852.jpg 600w\" sizes=\"(max-width: 901px) 100vw, 901px\" \/><\/figure>\n<\/div>\n\n<div class=\"wp-block-image\">\n<figure class=\"aligncenter size-large\"><img loading=\"lazy\" decoding=\"async\" width=\"594\" height=\"1024\" src=\"https:\/\/synchronotron.com\/wp-content\/uploads\/2025\/06\/photo_5073586056233856608_y-594x1024.jpg\" alt=\"\" class=\"wp-image-16736\" srcset=\"https:\/\/synchronotron.com\/wp-content\/uploads\/2025\/06\/photo_5073586056233856608_y-594x1024.jpg 594w, https:\/\/synchronotron.com\/wp-content\/uploads\/2025\/06\/photo_5073586056233856608_y-174x300.jpg 174w, https:\/\/synchronotron.com\/wp-content\/uploads\/2025\/06\/photo_5073586056233856608_y-600x1034.jpg 600w, https:\/\/synchronotron.com\/wp-content\/uploads\/2025\/06\/photo_5073586056233856608_y.jpg 743w\" sizes=\"(max-width: 594px) 100vw, 594px\" \/><\/figure>\n<\/div>\n\n\n<div style=\"height:100px\" aria-hidden=\"true\" class=\"wp-block-spacer\"><\/div>\n\n\n\n<h2 class=\"wp-block-heading has-text-align-center\">CUBO DO GUERREIRO<\/h2>\n\n\n<div class=\"wp-block-image\">\n<figure class=\"aligncenter size-large\"><img loading=\"lazy\" decoding=\"async\" width=\"630\" height=\"1024\" src=\"https:\/\/synchronotron.com\/wp-content\/uploads\/2025\/06\/photo_5073586056233856606_y-630x1024.jpg\" alt=\"\" class=\"wp-image-16737\" srcset=\"https:\/\/synchronotron.com\/wp-content\/uploads\/2025\/06\/photo_5073586056233856606_y-630x1024.jpg 630w, https:\/\/synchronotron.com\/wp-content\/uploads\/2025\/06\/photo_5073586056233856606_y-185x300.jpg 185w, https:\/\/synchronotron.com\/wp-content\/uploads\/2025\/06\/photo_5073586056233856606_y-768x1248.jpg 768w, https:\/\/synchronotron.com\/wp-content\/uploads\/2025\/06\/photo_5073586056233856606_y-600x975.jpg 600w, https:\/\/synchronotron.com\/wp-content\/uploads\/2025\/06\/photo_5073586056233856606_y.jpg 788w\" sizes=\"(max-width: 630px) 100vw, 630px\" \/><\/figure>\n<\/div>\n\n<div class=\"wp-block-image\">\n<figure class=\"aligncenter size-large\"><img loading=\"lazy\" decoding=\"async\" width=\"646\" height=\"1024\" src=\"https:\/\/synchronotron.com\/wp-content\/uploads\/2025\/06\/photo_5073586056233856607_y-646x1024.jpg\" alt=\"\" class=\"wp-image-16738\" srcset=\"https:\/\/synchronotron.com\/wp-content\/uploads\/2025\/06\/photo_5073586056233856607_y-646x1024.jpg 646w, https:\/\/synchronotron.com\/wp-content\/uploads\/2025\/06\/photo_5073586056233856607_y-189x300.jpg 189w, https:\/\/synchronotron.com\/wp-content\/uploads\/2025\/06\/photo_5073586056233856607_y-768x1218.jpg 768w, https:\/\/synchronotron.com\/wp-content\/uploads\/2025\/06\/photo_5073586056233856607_y-600x952.jpg 600w, https:\/\/synchronotron.com\/wp-content\/uploads\/2025\/06\/photo_5073586056233856607_y.jpg 807w\" sizes=\"(max-width: 646px) 100vw, 646px\" \/><\/figure>\n<\/div>\n\n<div class=\"wp-block-image\">\n<figure class=\"aligncenter size-full is-resized\"><img loading=\"lazy\" decoding=\"async\" width=\"454\" height=\"767\" src=\"https:\/\/synchronotron.com\/wp-content\/uploads\/2025\/06\/photo_5073586056233856605_x.jpg\" alt=\"\" class=\"wp-image-16739\" style=\"width:504px;height:auto\" srcset=\"https:\/\/synchronotron.com\/wp-content\/uploads\/2025\/06\/photo_5073586056233856605_x.jpg 454w, https:\/\/synchronotron.com\/wp-content\/uploads\/2025\/06\/photo_5073586056233856605_x-178x300.jpg 178w\" sizes=\"(max-width: 454px) 100vw, 454px\" \/><\/figure>\n<\/div>\n\n\n<div style=\"height:100px\" aria-hidden=\"true\" class=\"wp-block-spacer\"><\/div>\n\n\n\n<h4 class=\"wp-block-heading has-text-align-center\">\u00cdNDICE PERCEPTOR HOLOMENTAL<\/h4>\n\n\n\n<p><strong>PH (porta do heptal), V. 11, H. 5. UMB 291. Runa Harm\u00f4nica UR 88: A Vida Gal\u00e1ctica concretizada como Consci\u00eancia C\u00f3smica. <\/strong>3\u00aa Oitava: Oitava do Todo da Vida Gal\u00e1ctica. Runa da Fila 11. Quinta porta de Unidade do tempo vertical descendente. Corresponde ao Avatar (M\u00e3o). Primeiro Assento de Poder de Hunab Ku 21. Gera o hiperplasma Alfa-Beta secund\u00e1rio do Polo Norte (Marka), estimulando o samadhi informativo e sela o plasma radial Seli. Detem a Corte do Conhecimento C\u00f3smico. Abre a segunda porta do heptal: Porta do Avatar. Terra Gal\u00e1ctica-K\u00e1rmica.<\/p>\n\n\n\n<p>T (tempo), V.20, H.2. UMB 99. (7) S\u00e9tima magnitude do circuito coordenador superconsciente de quinta for\u00e7a do canal Beta-Alfa. Ressonador interno sintonizando e neutralizando os sinais do tempo 5D ao n\u00facleo radial dos sentidos da Ascens\u00e3o C\u00f3smica. Segunda porta da segunda diagonal de Unidade.<\/p>\n\n\n\n<p>E (espa\u00e7o), V. 14, H. 6. UMB 333. (+10) D\u00e9cima magnitude do fluxo do espa\u00e7o externo. Ativa o hiperplasma Beta-Alfa da Ascens\u00e3o C\u00f3smica (na 2\u00aa dimens\u00e3o do tempo exterior). Campo de for\u00e7a do controle da mente superior (2D) ativado pelo campo de for\u00e7a (7D) do Perceptor Holomental radializado radiosonicamente: Comando C\u00f3smico Descendente.<\/p>\n\n\n\n<p>S (syncr\u00f4nica), V. 9, H. 2. UMB 110. (+27) Vig\u00e9sima-S\u00e9tima magnitude do fluxo do espa\u00e7o externo. Ativa o hiperplasma Beta-Alfa da Cria\u00e7\u00e3o C\u00f3smica (na1\u00aa dimens\u00e3o do tempo exterior). Campo de for\u00e7a do samadhi profundo (1D) ativado pelo campo de for\u00e7a (7D) do Perceptor Holomental radializado radiosonicamente: Comando C\u00f3smico Descendente.<\/p>\n\n\n\n<p>ME (mestre), V. 10, H. 4. UMB 239. Runa Harm\u00f4nica UR 71: O Decreto Divino Unifica o Tempo-Espa\u00e7o. 1\u00aa Oitava: Oitava do Decreto Divino. Runa da Fila 9.<\/p>\n\n\n\n<p>PSI Crono, V.16, H.16. UMB 321. Canal do n\u00facleo intergal\u00e1ctico do hiperplasma Beta-Beta. Ativa os c\u00f3digos do Cubo C\u00f3smico. O canal do n\u00facleo Beta-Beta se coordena com as unidades de Entrada PES e Sa\u00edda PES para criar um fluxo ativo. A informa\u00e7\u00e3o subliminal e sensorial \u00e9 recebida (entrada), depois processadas nos campos psi antes de ser transmitidas (Sa\u00edda). O canal do n\u00facleo Beta-Beta governa o campo de for\u00e7a da mediunidade do consciente desperto e coordena o fluxo e a ativa\u00e7\u00e3o da Terceira esfera mental: consciente. Sexta porta da Primeira diagonal de Unidade.<\/p>\n\n\n\n<p>KE (KIN equivalente), V. 9, H. 1. UMB 33. + Terminal Alfa-Alfa Ativa do fluxo do espa\u00e7o externo hiperpl\u00e1smico da Cria\u00e7\u00e3o C\u00f3smica (Primeira dimens\u00e3o do tempo). Campo de for\u00e7a do samadhi profundo ativado pelo campo de for\u00e7a (7D) do Perceptor Holomental radializado radiosonicamente: Comando C\u00f3smico Descendente.<\/p>\n\n\n\n<p>MOAP, V.4, H.14. UMB 255. (-6) Sexta magnitude do fluxo do espa\u00e7o externo sublima o hiperplasma Alfa-Beta da Sincroniza\u00e7\u00e3o C\u00f3smica (na 3\u00aa dimens\u00e3o do tempo exterior). Campo de For\u00e7a T\u00e9rmico Kuali de 5D.<\/p>\n\n\n\n<p>URH 1, V. 10, H. 15. UMB 388. Runa Harm\u00f4nica UR 100: A Uni\u00e3o da Ascens\u00e3o e Queda Estabelecida como Espa\u00e7o C\u00f3smico. 5\u00aa Oitava: Oitava da Uni\u00e3o da Ascens\u00e3o e Queda. Runa da Fila 13.<\/p>\n\n\n\n<p>FH (Frequencia Harm\u00f4nica), V.21, H.4. UMB 18. (-10) D\u00e9cima magnitude sublima a Manifesta\u00e7\u00e3o Planet\u00e1ria do fluxo do tempo externo da Ascens\u00e3o C\u00f3smica.<\/p>\n\n\n\n<p>&nbsp;CP (C\u00edclo Cria\u00e7\u00e3o perp\u00e9tuo), V.2, H.18. UMB 133. (-5) Quinta magnitude do circuito coordenador superconsciente de quinta for\u00e7a do canal Alfa-Beta. Sublimar e transferir os sinais internos do tempo 5D daradi\u00e2ncia harm\u00f4nica ao n\u00facleo radial dos sentidos da Sincroniza\u00e7\u00e3o C\u00f3smica. Segunda porta da Quarta diagonal de Unidade.<\/p>\n\n\n\n<p class=\"has-text-align-center\"><strong>HUNAB KU 21<\/strong><\/p>\n\n\n\n<p>PH (porta heptal), V. 11, H. 5. UMB 291. Runa Harm\u00f4nica UR 88: A Vida Gal\u00e1ctica concretizada como Consci\u00eancia C\u00f3smica. 3\u00aa Oitava: Oitava do Todo da Vida Gal\u00e1ctica. Runa da Fila 11. Quinta porta de Unidade do tempo vertical descendente. Corresponde ao Avatar (M\u00e3o). Primeiro Assento de Poder de Hunab Ku 21. Gera o hiperplasma Alfa-Beta secund\u00e1rio do Polo Norte (Marka), estimulando o samadhi informativo e sela o plasma radial Seli. Detem a Corte do Conhecimento C\u00f3smico. Abre a segunda porta do heptal: Porta do Avatar. Terra Gal\u00e1ctica-K\u00e1rmica.<\/p>\n\n\n\n<p>LT (lente do tempo), V.15, H.18. UMB 270. (-3) Terceira magnitude do circuito PES 6\u00ba dimensional sublima a comunica\u00e7\u00e3o subliminal no campo de for\u00e7a Beta-Beta da mediunidade do consciente desperto. A mediunidade do consciente desperto sublima a Terceira esfera mental: consciente.<\/p>\n\n\n\n<p>D (KIN destino), V. 11, H. 20. UMB 144. Runa Harm\u00f4nica UR 91: O Todo da Arte Gal\u00e1ctica Define o Espa\u00e7o. 4\u00aa Oitava: Oitava do Todo da Arte Gal\u00e1ctica. Runa da Fila 12. Segunda porta de Unidade do tempo vertical ascendente. Corresponde a Suma Sacerdotisa (Vento): Segunda Porta de luz de Hunab Ku 21. Abre a Porta da luz Universal da Corte do Profeta (UMB 315) onde \u00e9 armazenada a profec\u00eda c\u00f3smica. A Suma Sacerdotisa ascende ao Polo Sul (Darka) como Alento C\u00f3smico e ascende como profec\u00eda. Gera o hiperplasma Beta-Beta estimulando a mediunidade do consciente desperto e sela o plasma radial Gama. Abre a Terceira porta do heptal: A Porta do Misterio. Urano Solar-Prof\u00e9tico.<\/p>\n\n\n\n<p>G (KIN guia), V. 11, H. 8. UMB 402. Runa Harm\u00f4nica UR 81: A Radiogenesis Estabelece o Todo da Vida Gal\u00e1ctica. 3\u00aa Oitava: Oitava do Todo da Vida Gal\u00e1ctica. Runa da Fila 11. Oitava porta de Unidade do tempo vertical descendente. Corresponde ao Yogue\/ni (Espelho). Segundo Porta da Matriz de Hunab Ku 21. Yogue\/ni mede a for\u00e7a da luz-fot\u00f3n-cicl\u00f3n de Hunab Ku com a linha de for\u00e7a centr\u00edfuga t\u00e9rmica Dum Kuali e a linha de for\u00e7a centr\u00edpeta t\u00e9rmica-lum\u00ednica Kum. A partir daqui \u00e9 gerado o Hiperneutron que estimula os estados subliminais da consci\u00eancia. Ativa a c\u00e9lula harm\u00f4nica polar norte do polo Marka com o electron mental e sela o plasma radial: Limi. Abre a sexta porta do heptal: a porta da Transc\u00eandencia. Neptuno Solar-Prof\u00e9tico.<\/p>\n\n\n\n<p>AN (KIN an\u00e1logo), V. 14, H. 11. UMB 396. Unidade transformadora. Cataliza o campo de for\u00e7a lum\u00ednico Duar azul transformando a luz e calor interior (Kemio) e o calor da luz interior (Kum) dentro do N\u00facleo do Tempo Interior imprimindo a 7\u00aa esfera mental (Perceptor Holomental) e ativando a sexta esfera<\/p>\n\n\n\n<p>AT (KIN ant\u00edpoda), V. 14, H. 17. UMB 318. (-7) S\u00e9tima magnitude do fluxo do espa\u00e7o externo sublima o hiperplasma Beta-Beta do Cubo C\u00f3smico (na 4\u00aa dimens\u00e3o do tempo exterior). Campo de for\u00e7a da mediunidade do consciente desperto (4D) sublimado pelo campo de for\u00e7a do Perceptor Holomental radializado radios\u00f4nicamente (8D): Comando Harm\u00f4nico Ascendente. Corresponde ao S\u00e1bio (Humano): Terceira Fonte de Poder de Hunab Ku 21 na Corte do Profeta (UMB 315). Ativado pela linha de for\u00e7a el\u00e9trica lum\u00ednico-t\u00e9rmica descendente Kemio \u201cluz do calor interior\u201d (UMB 393). A sabedor\u00eda \u00e9 a fonte da profecia. Terra Solar-Prof\u00e9tica.<\/p>\n\n\n\n<p>O (KIN oculto), V. 8, H. 11. UMB 408. Unidade transformadora. Cataliza o campo de for\u00e7a t\u00e9rmico Kuali vermelho transformando o calor primario e a luz primaria dentro do N\u00facleo do Tempo Interior imprimindo a 7\u00aa esfera mental (Perceptor Holomental) e ativando a quinta esfera mental (superconsciente). Oitava porta de Unidade do tempo radial direito. Corresponde ao Transformador de Mundos (Tormenta): Terceira Porta da Matriz de Hunab Ku 21(linha de for\u00e7a t\u00e9rmica centr\u00edfuga). Une Hunab Ku com a Corte do Compasivo. A auto-gera\u00e7\u00e3o \u00e9 a realiza\u00e7\u00e3o da Consci\u00eancia C\u00f3smica do amor. A partir daqui \u00e9 gerada a linha de for\u00e7a t\u00e9rmica que estimula os estados superconscientes da mente e ativam a ordem harm\u00f4nica do campo de for\u00e7a centr\u00edfugo do amor. O portal da Tormenta mede o campo de for\u00e7a de Hunab Ku para ascender \u00e0s cargas el\u00e9tricas de Dum Kuali e Dum Duar. Plut\u00e3o Solar-Prof\u00e9tico.<\/p>\n\n\n\n<p>HK (Hunab Ku), V.3, H.13. UMB 195. (+4) Quarta magnitude do fluxo do espa\u00e7o externo ativa o hiperplasma Alfa-Beta da Sincroniza\u00e7\u00e3o C\u00f3smica (na 3\u00aa dimens\u00e3o do tempo exterior). Campo de for\u00e7a do samadhi informativo (3D) ativado pelo campo de for\u00e7a t\u00e9rmico Kuali vermelho da paranormalidade superconsciente (5D).<\/p>\n\n\n\n<p>ST (senda do tollan), V. 12, H. 18. UMB 267. Runa Harm\u00f4nica UR 80: A \u00c1rvore do Fogo C\u00f3smico Retorna a Fonte como Mente Estelar. 2\u00aa Oitava: Oitava da \u00c1rvore do Fogo C\u00f3smico. Runa da Fila 10.<\/p>\n\n\n\n<p>Sf (frequencia sendas), V.18, H.19. UMB 216. Matriz do n\u00facleo dos sentidos de quinta for\u00e7a. \u201cGosto do Cubo C\u00f3smico\u201d organiza e coordena o espectro psicof\u00edsico inteiro da consci\u00eancia gustativa (interna, externa e et\u00e9rica) no canal Beta-Beta.\u00a0\u00a0\u00a0<\/p>\n\n\n\n<p>O KE da Frequ\u00eancia Harm\u00f4nica, Kin 205, V.15, H.5. UMB 287. (+4) Quarta magnitude do circuito PES 6\u00ba dimensional. Ativa a comunica\u00e7\u00e3o subliminal no campo de for\u00e7a Beta-Alfa do controle da mente superior. O controle da mente superior ativa a Quarta esfera mental: conscienteCont\u00ednuo.<\/p>\n\n\n\n<p>O KE da Frequ\u00eancia dos Kins, Kin 208, V. 15, H. 8. UMB 368. (-17) Decima s\u00e9tima magnitude do fluxo do espa\u00e7o externo sublima o hiperplasma Beta-Alfa da Ascens\u00e3o C\u00f3smica (na 2\u00aa dimens\u00e3o do tempo exterior). Campo de for\u00e7a do controle da mente superior (2D) sublimado pelo campo de for\u00e7a lum\u00ednico Duar azul do consciente Subliminar (6D).\u00a0\u00a0\u00a0\u00a0\u00a0\u00a0\u00a0\u00a0\u00a0\u00a0\u00a0\u00a0\u00a0\u00a0\u00a0<\/p>\n\n\n\n<div style=\"height:100px\" aria-hidden=\"true\" class=\"wp-block-spacer\"><\/div>\n\n\n\n<h2 class=\"wp-block-heading has-text-align-center\">INFORMA\u00c7\u00d5ES ADICIONAIS<\/h2>\n\n\n\n<p class=\"has-text-align-center\"><strong><u>INFORMA\u00c7\u00d5ES ADICIONAIS SOBRE O CUBO E HIPERCUBO:<\/u><\/strong><\/p>\n\n\n<div class=\"wp-block-image\">\n<figure class=\"aligncenter size-full is-resized\"><img loading=\"lazy\" decoding=\"async\" width=\"653\" height=\"799\" src=\"https:\/\/synchronotron.com\/wp-content\/uploads\/2025\/01\/cuabndo-o-cubo_1.png\" alt=\"\" class=\"wp-image-13259\" style=\"width:722px;height:auto\" srcset=\"https:\/\/synchronotron.com\/wp-content\/uploads\/2025\/01\/cuabndo-o-cubo_1.png 653w, https:\/\/synchronotron.com\/wp-content\/uploads\/2025\/01\/cuabndo-o-cubo_1-245x300.png 245w, https:\/\/synchronotron.com\/wp-content\/uploads\/2025\/01\/cuabndo-o-cubo_1-600x734.png 600w\" sizes=\"(max-width: 653px) 100vw, 653px\" \/><figcaption class=\"wp-element-caption\">*Codon e Runa UR s\u00e3o apenas para exemplifica\u00e7\u00e3o<\/figcaption><\/figure>\n<\/div>\n\n\n<figure class=\"wp-block-image size-full\"><img loading=\"lazy\" decoding=\"async\" width=\"827\" height=\"300\" src=\"https:\/\/synchronotron.com\/wp-content\/uploads\/2025\/01\/NS1.37.7.7_dinamica-hipercubo_plasmas_GK-1.png\" alt=\"\" class=\"wp-image-13170\" srcset=\"https:\/\/synchronotron.com\/wp-content\/uploads\/2025\/01\/NS1.37.7.7_dinamica-hipercubo_plasmas_GK-1.png 827w, https:\/\/synchronotron.com\/wp-content\/uploads\/2025\/01\/NS1.37.7.7_dinamica-hipercubo_plasmas_GK-1-300x109.png 300w, https:\/\/synchronotron.com\/wp-content\/uploads\/2025\/01\/NS1.37.7.7_dinamica-hipercubo_plasmas_GK-1-768x279.png 768w, https:\/\/synchronotron.com\/wp-content\/uploads\/2025\/01\/NS1.37.7.7_dinamica-hipercubo_plasmas_GK-1-600x218.png 600w\" sizes=\"(max-width: 827px) 100vw, 827px\" \/><\/figure>\n\n\n\n<figure class=\"wp-block-image size-full is-resized\"><img loading=\"lazy\" decoding=\"async\" width=\"602\" height=\"681\" src=\"https:\/\/synchronotron.com\/wp-content\/uploads\/2025\/01\/NS1.37.7.7_dinamica-hipercubo_circuitos_GK.png\" alt=\"\" class=\"wp-image-13087\" style=\"width:842px;height:auto\" srcset=\"https:\/\/synchronotron.com\/wp-content\/uploads\/2025\/01\/NS1.37.7.7_dinamica-hipercubo_circuitos_GK.png 602w, https:\/\/synchronotron.com\/wp-content\/uploads\/2025\/01\/NS1.37.7.7_dinamica-hipercubo_circuitos_GK-265x300.png 265w, https:\/\/synchronotron.com\/wp-content\/uploads\/2025\/01\/NS1.37.7.7_dinamica-hipercubo_circuitos_GK-600x679.png 600w\" sizes=\"(max-width: 602px) 100vw, 602px\" \/><\/figure>\n\n\n\n<figure class=\"wp-block-image size-large\"><img loading=\"lazy\" decoding=\"async\" width=\"1024\" height=\"369\" src=\"https:\/\/synchronotron.com\/wp-content\/uploads\/2025\/01\/NS1.37.7.7_dinamica-hipercubo_plasmas_SP-1024x369.png\" alt=\"\" class=\"wp-image-13171\" srcset=\"https:\/\/synchronotron.com\/wp-content\/uploads\/2025\/01\/NS1.37.7.7_dinamica-hipercubo_plasmas_SP-1024x369.png 1024w, https:\/\/synchronotron.com\/wp-content\/uploads\/2025\/01\/NS1.37.7.7_dinamica-hipercubo_plasmas_SP-300x108.png 300w, https:\/\/synchronotron.com\/wp-content\/uploads\/2025\/01\/NS1.37.7.7_dinamica-hipercubo_plasmas_SP-768x277.png 768w, https:\/\/synchronotron.com\/wp-content\/uploads\/2025\/01\/NS1.37.7.7_dinamica-hipercubo_plasmas_SP-600x216.png 600w, https:\/\/synchronotron.com\/wp-content\/uploads\/2025\/01\/NS1.37.7.7_dinamica-hipercubo_plasmas_SP.png 1043w\" sizes=\"(max-width: 1024px) 100vw, 1024px\" \/><\/figure>\n\n\n\n<figure class=\"wp-block-image size-full is-resized\"><img loading=\"lazy\" decoding=\"async\" width=\"605\" height=\"681\" src=\"https:\/\/synchronotron.com\/wp-content\/uploads\/2025\/01\/NS1.37.7.7_dinamica-hipercubo_circuitos_SP.png\" alt=\"\" class=\"wp-image-13090\" style=\"width:846px;height:auto\" srcset=\"https:\/\/synchronotron.com\/wp-content\/uploads\/2025\/01\/NS1.37.7.7_dinamica-hipercubo_circuitos_SP.png 605w, https:\/\/synchronotron.com\/wp-content\/uploads\/2025\/01\/NS1.37.7.7_dinamica-hipercubo_circuitos_SP-267x300.png 267w, https:\/\/synchronotron.com\/wp-content\/uploads\/2025\/01\/NS1.37.7.7_dinamica-hipercubo_circuitos_SP-600x675.png 600w\" sizes=\"(max-width: 605px) 100vw, 605px\" \/><\/figure>\n\n\n\n<figure class=\"wp-block-image size-full is-resized\"><img loading=\"lazy\" decoding=\"async\" width=\"1055\" height=\"815\" src=\"https:\/\/synchronotron.com\/wp-content\/uploads\/2025\/01\/ILUSTRACAO-HIPERCUBO-2.png\" alt=\"\" class=\"wp-image-13100\" style=\"width:850px;height:auto\" srcset=\"https:\/\/synchronotron.com\/wp-content\/uploads\/2025\/01\/ILUSTRACAO-HIPERCUBO-2.png 1055w, https:\/\/synchronotron.com\/wp-content\/uploads\/2025\/01\/ILUSTRACAO-HIPERCUBO-2-300x232.png 300w, https:\/\/synchronotron.com\/wp-content\/uploads\/2025\/01\/ILUSTRACAO-HIPERCUBO-2-1024x791.png 1024w, https:\/\/synchronotron.com\/wp-content\/uploads\/2025\/01\/ILUSTRACAO-HIPERCUBO-2-768x593.png 768w, https:\/\/synchronotron.com\/wp-content\/uploads\/2025\/01\/ILUSTRACAO-HIPERCUBO-2-600x464.png 600w\" sizes=\"(max-width: 1055px) 100vw, 1055px\" \/><\/figure>\n\n\n\n<figure class=\"wp-block-embed is-type-video is-provider-youtube wp-block-embed-youtube wp-embed-aspect-16-9 wp-has-aspect-ratio\"><div class=\"wp-block-embed__wrapper\">\n<iframe title=\"Anima\u00e7\u00e3o Hipercubo\" width=\"1240\" height=\"698\" src=\"https:\/\/www.youtube.com\/embed\/vsBHBI0Lcrc?feature=oembed\" frameborder=\"0\" allow=\"accelerometer; autoplay; clipboard-write; encrypted-media; gyroscope; picture-in-picture; web-share\" referrerpolicy=\"strict-origin-when-cross-origin\" allowfullscreen><\/iframe>\n<\/div><\/figure>\n\n\n\n<p><\/p>\n","protected":false},"excerpt":{"rendered":"<p>Hoje \u00e9 NS1.37.12.16, KIN 82, vento autoexistente branco. 4o KIN&nbsp; da onda encantada do(a) tormenta, 7a onda do Tzolkin, 3a onda do castelo branco. castelo 2 do Tzolkin 53 do caminhante do c\u00e9u magn\u00e9tico vermelho. anel 37 da tormenta r\u00edtmica azul. 12a lua deste anel, lua cristal do coelho. heptal 47 azul, a paci\u00eancia transforma&hellip;<\/p>\n","protected":false},"author":2,"featured_media":10453,"comment_status":"open","ping_status":"open","sticky":false,"template":"","format":"standard","meta":{"_acf_changed":false,"give_campaign_id":0,"_eb_attr":"","om_disable_all_campaigns":false,"_exactmetrics_skip_tracking":false,"_exactmetrics_sitenote_active":false,"_exactmetrics_sitenote_note":"","_exactmetrics_sitenote_category":0,"_uf_show_specific_survey":0,"_uf_disable_surveys":false,"iawp_total_views":11,"footnotes":""},"categories":[48,42],"tags":[],"class_list":["post-16708","post","type-post","status-publish","format-standard","has-post-thumbnail","hentry","category-ativacoes","category-blog-aberto"],"acf":[],"yoast_head":"<!-- This site is optimized with the Yoast SEO plugin v27.5 - https:\/\/yoast.com\/product\/yoast-seo-wordpress\/ -->\n<title>Vento Autoexistente Branco KIN82 (2.4) - Synchronotron<\/title>\n<meta name=\"robots\" content=\"index, follow, max-snippet:-1, max-image-preview:large, max-video-preview:-1\" \/>\n<link rel=\"canonical\" href=\"https:\/\/synchronotron.com\/index.php\/2025\/06\/14\/vento-autoexistente-branco-kin82-2-4\/\" \/>\n<meta property=\"og:locale\" content=\"pt_BR\" \/>\n<meta property=\"og:type\" content=\"article\" \/>\n<meta property=\"og:title\" content=\"Vento Autoexistente Branco KIN82 (2.4) - Synchronotron\" \/>\n<meta property=\"og:description\" content=\"Hoje \u00e9 NS1.37.12.16, KIN 82, vento autoexistente branco. 4o KIN&nbsp; da onda encantada do(a) tormenta, 7a onda do Tzolkin, 3a onda do castelo branco. castelo 2 do Tzolkin 53 do caminhante do c\u00e9u magn\u00e9tico vermelho. anel 37 da tormenta r\u00edtmica azul. 12a lua deste anel, lua cristal do coelho. heptal 47 azul, a paci\u00eancia transforma&hellip;\" \/>\n<meta property=\"og:url\" content=\"https:\/\/synchronotron.com\/index.php\/2025\/06\/14\/vento-autoexistente-branco-kin82-2-4\/\" \/>\n<meta property=\"og:site_name\" content=\"Synchronotron\" \/>\n<meta property=\"article:published_time\" content=\"2025-06-14T07:41:58+00:00\" \/>\n<meta property=\"article:modified_time\" content=\"2025-06-14T18:57:15+00:00\" \/>\n<meta property=\"og:image\" content=\"https:\/\/synchronotron.com\/wp-content\/uploads\/2024\/11\/image-40.png\" \/>\n\t<meta property=\"og:image:width\" content=\"1051\" \/>\n\t<meta property=\"og:image:height\" content=\"1280\" \/>\n\t<meta property=\"og:image:type\" content=\"image\/png\" \/>\n<meta name=\"author\" content=\"Gerd\" \/>\n<meta name=\"twitter:card\" content=\"summary_large_image\" \/>\n<meta name=\"twitter:label1\" content=\"Escrito por\" \/>\n\t<meta name=\"twitter:data1\" content=\"Gerd\" \/>\n\t<meta name=\"twitter:label2\" content=\"Est. tempo de leitura\" \/>\n\t<meta name=\"twitter:data2\" content=\"21 minutos\" \/>\n<script type=\"application\/ld+json\" class=\"yoast-schema-graph\">{\"@context\":\"https:\\\/\\\/schema.org\",\"@graph\":[{\"@type\":\"Article\",\"@id\":\"https:\\\/\\\/synchronotron.com\\\/index.php\\\/2025\\\/06\\\/14\\\/vento-autoexistente-branco-kin82-2-4\\\/#article\",\"isPartOf\":{\"@id\":\"https:\\\/\\\/synchronotron.com\\\/index.php\\\/2025\\\/06\\\/14\\\/vento-autoexistente-branco-kin82-2-4\\\/\"},\"author\":{\"name\":\"Gerd\",\"@id\":\"https:\\\/\\\/synchronotron.com\\\/#\\\/schema\\\/person\\\/cd4d4caede1c4a71ff2eebc7ecac6324\"},\"headline\":\"Vento Autoexistente Branco KIN82 (2.4)\",\"datePublished\":\"2025-06-14T07:41:58+00:00\",\"dateModified\":\"2025-06-14T18:57:15+00:00\",\"mainEntityOfPage\":{\"@id\":\"https:\\\/\\\/synchronotron.com\\\/index.php\\\/2025\\\/06\\\/14\\\/vento-autoexistente-branco-kin82-2-4\\\/\"},\"wordCount\":4026,\"commentCount\":0,\"publisher\":{\"@id\":\"https:\\\/\\\/synchronotron.com\\\/#organization\"},\"image\":{\"@id\":\"https:\\\/\\\/synchronotron.com\\\/index.php\\\/2025\\\/06\\\/14\\\/vento-autoexistente-branco-kin82-2-4\\\/#primaryimage\"},\"thumbnailUrl\":\"https:\\\/\\\/synchronotron.com\\\/wp-content\\\/uploads\\\/2024\\\/11\\\/image-40.png\",\"articleSection\":[\"Ativa\u00e7\u00f5es\",\"Blog Aberto\"],\"inLanguage\":\"pt-BR\",\"potentialAction\":[{\"@type\":\"CommentAction\",\"name\":\"Comment\",\"target\":[\"https:\\\/\\\/synchronotron.com\\\/index.php\\\/2025\\\/06\\\/14\\\/vento-autoexistente-branco-kin82-2-4\\\/#respond\"]}]},{\"@type\":\"WebPage\",\"@id\":\"https:\\\/\\\/synchronotron.com\\\/index.php\\\/2025\\\/06\\\/14\\\/vento-autoexistente-branco-kin82-2-4\\\/\",\"url\":\"https:\\\/\\\/synchronotron.com\\\/index.php\\\/2025\\\/06\\\/14\\\/vento-autoexistente-branco-kin82-2-4\\\/\",\"name\":\"Vento Autoexistente Branco KIN82 (2.4) - Synchronotron\",\"isPartOf\":{\"@id\":\"https:\\\/\\\/synchronotron.com\\\/#website\"},\"primaryImageOfPage\":{\"@id\":\"https:\\\/\\\/synchronotron.com\\\/index.php\\\/2025\\\/06\\\/14\\\/vento-autoexistente-branco-kin82-2-4\\\/#primaryimage\"},\"image\":{\"@id\":\"https:\\\/\\\/synchronotron.com\\\/index.php\\\/2025\\\/06\\\/14\\\/vento-autoexistente-branco-kin82-2-4\\\/#primaryimage\"},\"thumbnailUrl\":\"https:\\\/\\\/synchronotron.com\\\/wp-content\\\/uploads\\\/2024\\\/11\\\/image-40.png\",\"datePublished\":\"2025-06-14T07:41:58+00:00\",\"dateModified\":\"2025-06-14T18:57:15+00:00\",\"breadcrumb\":{\"@id\":\"https:\\\/\\\/synchronotron.com\\\/index.php\\\/2025\\\/06\\\/14\\\/vento-autoexistente-branco-kin82-2-4\\\/#breadcrumb\"},\"inLanguage\":\"pt-BR\",\"potentialAction\":[{\"@type\":\"ReadAction\",\"target\":[\"https:\\\/\\\/synchronotron.com\\\/index.php\\\/2025\\\/06\\\/14\\\/vento-autoexistente-branco-kin82-2-4\\\/\"]}]},{\"@type\":\"ImageObject\",\"inLanguage\":\"pt-BR\",\"@id\":\"https:\\\/\\\/synchronotron.com\\\/index.php\\\/2025\\\/06\\\/14\\\/vento-autoexistente-branco-kin82-2-4\\\/#primaryimage\",\"url\":\"https:\\\/\\\/synchronotron.com\\\/wp-content\\\/uploads\\\/2024\\\/11\\\/image-40.png\",\"contentUrl\":\"https:\\\/\\\/synchronotron.com\\\/wp-content\\\/uploads\\\/2024\\\/11\\\/image-40.png\",\"width\":1051,\"height\":1280},{\"@type\":\"BreadcrumbList\",\"@id\":\"https:\\\/\\\/synchronotron.com\\\/index.php\\\/2025\\\/06\\\/14\\\/vento-autoexistente-branco-kin82-2-4\\\/#breadcrumb\",\"itemListElement\":[{\"@type\":\"ListItem\",\"position\":1,\"name\":\"In\u00edcio\",\"item\":\"https:\\\/\\\/synchronotron.com\\\/\"},{\"@type\":\"ListItem\",\"position\":2,\"name\":\"Vento Autoexistente Branco KIN82 (2.4)\"}]},{\"@type\":\"WebSite\",\"@id\":\"https:\\\/\\\/synchronotron.com\\\/#website\",\"url\":\"https:\\\/\\\/synchronotron.com\\\/\",\"name\":\"Synchronotron\",\"description\":\"\",\"publisher\":{\"@id\":\"https:\\\/\\\/synchronotron.com\\\/#organization\"},\"potentialAction\":[{\"@type\":\"SearchAction\",\"target\":{\"@type\":\"EntryPoint\",\"urlTemplate\":\"https:\\\/\\\/synchronotron.com\\\/?s={search_term_string}\"},\"query-input\":{\"@type\":\"PropertyValueSpecification\",\"valueRequired\":true,\"valueName\":\"search_term_string\"}}],\"inLanguage\":\"pt-BR\"},{\"@type\":\"Organization\",\"@id\":\"https:\\\/\\\/synchronotron.com\\\/#organization\",\"name\":\"Synchronotron\",\"url\":\"https:\\\/\\\/synchronotron.com\\\/\",\"logo\":{\"@type\":\"ImageObject\",\"inLanguage\":\"pt-BR\",\"@id\":\"https:\\\/\\\/synchronotron.com\\\/#\\\/schema\\\/logo\\\/image\\\/\",\"url\":\"https:\\\/\\\/synchronotron.com\\\/wp-content\\\/uploads\\\/2023\\\/08\\\/cropped-logo-synchonotron-1.png\",\"contentUrl\":\"https:\\\/\\\/synchronotron.com\\\/wp-content\\\/uploads\\\/2023\\\/08\\\/cropped-logo-synchonotron-1.png\",\"width\":837,\"height\":837,\"caption\":\"Synchronotron\"},\"image\":{\"@id\":\"https:\\\/\\\/synchronotron.com\\\/#\\\/schema\\\/logo\\\/image\\\/\"}},{\"@type\":\"Person\",\"@id\":\"https:\\\/\\\/synchronotron.com\\\/#\\\/schema\\\/person\\\/cd4d4caede1c4a71ff2eebc7ecac6324\",\"name\":\"Gerd\",\"image\":{\"@type\":\"ImageObject\",\"inLanguage\":\"pt-BR\",\"@id\":\"https:\\\/\\\/synchronotron.com\\\/wp-content\\\/litespeed\\\/avatar\\\/32a81aaa2f6a0e47b016bd34d35d4016.jpg?ver=1777050573\",\"url\":\"https:\\\/\\\/synchronotron.com\\\/wp-content\\\/litespeed\\\/avatar\\\/32a81aaa2f6a0e47b016bd34d35d4016.jpg?ver=1777050573\",\"contentUrl\":\"https:\\\/\\\/synchronotron.com\\\/wp-content\\\/litespeed\\\/avatar\\\/32a81aaa2f6a0e47b016bd34d35d4016.jpg?ver=1777050573\",\"caption\":\"Gerd\"},\"url\":\"https:\\\/\\\/synchronotron.com\\\/index.php\\\/author\\\/gerd\\\/\"}]}<\/script>\n<!-- \/ Yoast SEO plugin. -->","yoast_head_json":{"title":"Vento Autoexistente Branco KIN82 (2.4) - Synchronotron","robots":{"index":"index","follow":"follow","max-snippet":"max-snippet:-1","max-image-preview":"max-image-preview:large","max-video-preview":"max-video-preview:-1"},"canonical":"https:\/\/synchronotron.com\/index.php\/2025\/06\/14\/vento-autoexistente-branco-kin82-2-4\/","og_locale":"pt_BR","og_type":"article","og_title":"Vento Autoexistente Branco KIN82 (2.4) - Synchronotron","og_description":"Hoje \u00e9 NS1.37.12.16, KIN 82, vento autoexistente branco. 4o KIN&nbsp; da onda encantada do(a) tormenta, 7a onda do Tzolkin, 3a onda do castelo branco. castelo 2 do Tzolkin 53 do caminhante do c\u00e9u magn\u00e9tico vermelho. anel 37 da tormenta r\u00edtmica azul. 12a lua deste anel, lua cristal do coelho. heptal 47 azul, a paci\u00eancia transforma&hellip;","og_url":"https:\/\/synchronotron.com\/index.php\/2025\/06\/14\/vento-autoexistente-branco-kin82-2-4\/","og_site_name":"Synchronotron","article_published_time":"2025-06-14T07:41:58+00:00","article_modified_time":"2025-06-14T18:57:15+00:00","og_image":[{"width":1051,"height":1280,"url":"https:\/\/synchronotron.com\/wp-content\/uploads\/2024\/11\/image-40.png","type":"image\/png"}],"author":"Gerd","twitter_card":"summary_large_image","twitter_misc":{"Escrito por":"Gerd","Est. tempo de leitura":"21 minutos"},"schema":{"@context":"https:\/\/schema.org","@graph":[{"@type":"Article","@id":"https:\/\/synchronotron.com\/index.php\/2025\/06\/14\/vento-autoexistente-branco-kin82-2-4\/#article","isPartOf":{"@id":"https:\/\/synchronotron.com\/index.php\/2025\/06\/14\/vento-autoexistente-branco-kin82-2-4\/"},"author":{"name":"Gerd","@id":"https:\/\/synchronotron.com\/#\/schema\/person\/cd4d4caede1c4a71ff2eebc7ecac6324"},"headline":"Vento Autoexistente Branco KIN82 (2.4)","datePublished":"2025-06-14T07:41:58+00:00","dateModified":"2025-06-14T18:57:15+00:00","mainEntityOfPage":{"@id":"https:\/\/synchronotron.com\/index.php\/2025\/06\/14\/vento-autoexistente-branco-kin82-2-4\/"},"wordCount":4026,"commentCount":0,"publisher":{"@id":"https:\/\/synchronotron.com\/#organization"},"image":{"@id":"https:\/\/synchronotron.com\/index.php\/2025\/06\/14\/vento-autoexistente-branco-kin82-2-4\/#primaryimage"},"thumbnailUrl":"https:\/\/synchronotron.com\/wp-content\/uploads\/2024\/11\/image-40.png","articleSection":["Ativa\u00e7\u00f5es","Blog Aberto"],"inLanguage":"pt-BR","potentialAction":[{"@type":"CommentAction","name":"Comment","target":["https:\/\/synchronotron.com\/index.php\/2025\/06\/14\/vento-autoexistente-branco-kin82-2-4\/#respond"]}]},{"@type":"WebPage","@id":"https:\/\/synchronotron.com\/index.php\/2025\/06\/14\/vento-autoexistente-branco-kin82-2-4\/","url":"https:\/\/synchronotron.com\/index.php\/2025\/06\/14\/vento-autoexistente-branco-kin82-2-4\/","name":"Vento Autoexistente Branco KIN82 (2.4) - Synchronotron","isPartOf":{"@id":"https:\/\/synchronotron.com\/#website"},"primaryImageOfPage":{"@id":"https:\/\/synchronotron.com\/index.php\/2025\/06\/14\/vento-autoexistente-branco-kin82-2-4\/#primaryimage"},"image":{"@id":"https:\/\/synchronotron.com\/index.php\/2025\/06\/14\/vento-autoexistente-branco-kin82-2-4\/#primaryimage"},"thumbnailUrl":"https:\/\/synchronotron.com\/wp-content\/uploads\/2024\/11\/image-40.png","datePublished":"2025-06-14T07:41:58+00:00","dateModified":"2025-06-14T18:57:15+00:00","breadcrumb":{"@id":"https:\/\/synchronotron.com\/index.php\/2025\/06\/14\/vento-autoexistente-branco-kin82-2-4\/#breadcrumb"},"inLanguage":"pt-BR","potentialAction":[{"@type":"ReadAction","target":["https:\/\/synchronotron.com\/index.php\/2025\/06\/14\/vento-autoexistente-branco-kin82-2-4\/"]}]},{"@type":"ImageObject","inLanguage":"pt-BR","@id":"https:\/\/synchronotron.com\/index.php\/2025\/06\/14\/vento-autoexistente-branco-kin82-2-4\/#primaryimage","url":"https:\/\/synchronotron.com\/wp-content\/uploads\/2024\/11\/image-40.png","contentUrl":"https:\/\/synchronotron.com\/wp-content\/uploads\/2024\/11\/image-40.png","width":1051,"height":1280},{"@type":"BreadcrumbList","@id":"https:\/\/synchronotron.com\/index.php\/2025\/06\/14\/vento-autoexistente-branco-kin82-2-4\/#breadcrumb","itemListElement":[{"@type":"ListItem","position":1,"name":"In\u00edcio","item":"https:\/\/synchronotron.com\/"},{"@type":"ListItem","position":2,"name":"Vento Autoexistente Branco KIN82 (2.4)"}]},{"@type":"WebSite","@id":"https:\/\/synchronotron.com\/#website","url":"https:\/\/synchronotron.com\/","name":"Synchronotron","description":"","publisher":{"@id":"https:\/\/synchronotron.com\/#organization"},"potentialAction":[{"@type":"SearchAction","target":{"@type":"EntryPoint","urlTemplate":"https:\/\/synchronotron.com\/?s={search_term_string}"},"query-input":{"@type":"PropertyValueSpecification","valueRequired":true,"valueName":"search_term_string"}}],"inLanguage":"pt-BR"},{"@type":"Organization","@id":"https:\/\/synchronotron.com\/#organization","name":"Synchronotron","url":"https:\/\/synchronotron.com\/","logo":{"@type":"ImageObject","inLanguage":"pt-BR","@id":"https:\/\/synchronotron.com\/#\/schema\/logo\/image\/","url":"https:\/\/synchronotron.com\/wp-content\/uploads\/2023\/08\/cropped-logo-synchonotron-1.png","contentUrl":"https:\/\/synchronotron.com\/wp-content\/uploads\/2023\/08\/cropped-logo-synchonotron-1.png","width":837,"height":837,"caption":"Synchronotron"},"image":{"@id":"https:\/\/synchronotron.com\/#\/schema\/logo\/image\/"}},{"@type":"Person","@id":"https:\/\/synchronotron.com\/#\/schema\/person\/cd4d4caede1c4a71ff2eebc7ecac6324","name":"Gerd","image":{"@type":"ImageObject","inLanguage":"pt-BR","@id":"https:\/\/synchronotron.com\/wp-content\/litespeed\/avatar\/32a81aaa2f6a0e47b016bd34d35d4016.jpg?ver=1777050573","url":"https:\/\/synchronotron.com\/wp-content\/litespeed\/avatar\/32a81aaa2f6a0e47b016bd34d35d4016.jpg?ver=1777050573","contentUrl":"https:\/\/synchronotron.com\/wp-content\/litespeed\/avatar\/32a81aaa2f6a0e47b016bd34d35d4016.jpg?ver=1777050573","caption":"Gerd"},"url":"https:\/\/synchronotron.com\/index.php\/author\/gerd\/"}]}},"_links":{"self":[{"href":"https:\/\/synchronotron.com\/index.php\/wp-json\/wp\/v2\/posts\/16708","targetHints":{"allow":["GET"]}}],"collection":[{"href":"https:\/\/synchronotron.com\/index.php\/wp-json\/wp\/v2\/posts"}],"about":[{"href":"https:\/\/synchronotron.com\/index.php\/wp-json\/wp\/v2\/types\/post"}],"author":[{"embeddable":true,"href":"https:\/\/synchronotron.com\/index.php\/wp-json\/wp\/v2\/users\/2"}],"replies":[{"embeddable":true,"href":"https:\/\/synchronotron.com\/index.php\/wp-json\/wp\/v2\/comments?post=16708"}],"version-history":[{"count":0,"href":"https:\/\/synchronotron.com\/index.php\/wp-json\/wp\/v2\/posts\/16708\/revisions"}],"wp:featuredmedia":[{"embeddable":true,"href":"https:\/\/synchronotron.com\/index.php\/wp-json\/wp\/v2\/media\/10453"}],"wp:attachment":[{"href":"https:\/\/synchronotron.com\/index.php\/wp-json\/wp\/v2\/media?parent=16708"}],"wp:term":[{"taxonomy":"category","embeddable":true,"href":"https:\/\/synchronotron.com\/index.php\/wp-json\/wp\/v2\/categories?post=16708"},{"taxonomy":"post_tag","embeddable":true,"href":"https:\/\/synchronotron.com\/index.php\/wp-json\/wp\/v2\/tags?post=16708"}],"curies":[{"name":"wp","href":"https:\/\/api.w.org\/{rel}","templated":true}]}}