{"id":17219,"date":"2025-07-06T14:01:34","date_gmt":"2025-07-06T17:01:34","guid":{"rendered":"https:\/\/synchronotron.com\/?p=17219"},"modified":"2025-07-23T13:32:52","modified_gmt":"2025-07-23T16:32:52","slug":"semente-cosmica-amarela-kin104-4-13","status":"publish","type":"post","link":"https:\/\/synchronotron.com\/index.php\/2025\/07\/06\/semente-cosmica-amarela-kin104-4-13\/","title":{"rendered":"Semente C\u00f3smica Amarela KIN104 (4.13)"},"content":{"rendered":"\n<div class=\"wp-block-cover aligncenter is-light\"><img fetchpriority=\"high\" decoding=\"async\" width=\"1016\" height=\"1280\" class=\"wp-block-cover__image-background wp-image-10509 size-full\" alt=\"\" src=\"https:\/\/synchronotron.com\/wp-content\/uploads\/2024\/11\/image-63.png\" data-object-fit=\"cover\" srcset=\"https:\/\/synchronotron.com\/wp-content\/uploads\/2024\/11\/image-63.png 1016w, https:\/\/synchronotron.com\/wp-content\/uploads\/2024\/11\/image-63-238x300.png 238w, https:\/\/synchronotron.com\/wp-content\/uploads\/2024\/11\/image-63-813x1024.png 813w, https:\/\/synchronotron.com\/wp-content\/uploads\/2024\/11\/image-63-768x968.png 768w, https:\/\/synchronotron.com\/wp-content\/uploads\/2024\/11\/image-63-600x756.png 600w\" sizes=\"(max-width: 1016px) 100vw, 1016px\" \/><span aria-hidden=\"true\" class=\"wp-block-cover__background has-background-dim\" style=\"background-color:#f2b19a\"><\/span><div class=\"wp-block-cover__inner-container is-layout-flow wp-block-cover-is-layout-flow\">\n<p class=\"has-text-align-center has-large-font-size\"><\/p>\n<\/div><\/div>\n\n\n\n<div style=\"height:100px\" aria-hidden=\"true\" class=\"wp-block-spacer\"><\/div>\n\n\n\n<p class=\"has-text-align-center\"><strong>Hoje \u00e9 NS1.37.13.10, KIN 104, semente c\u00f3smica amarela.<\/strong> 13o KIN&nbsp; da onda encantada do(a) humano, 8a onda do Tzolkin, 4a onda do castelo branco. castelo 2 do Tzolkin 53 do caminhante do c\u00e9u magn\u00e9tico vermelho. anel 37 da tormenta r\u00edtmica azul. 13a lua deste anel, lua c\u00f3smica da tartaruga. heptal 50 branco, a humildade refina a medita\u00e7\u00e3o. Plasma GAMA, 3a porta do heptal, ativamos a 3a esfera mental com o hiperplasma BETA-BETA. ativa\u00e7\u00e3o c\u00fabica na parte da frente do cubo. circu\u00edto 6 gal\u00e1tico karmico no hipercubo, fluxos interplanet\u00e1rios: o Circuito 6 \u00e9 o circuito interno da unidade exterior, coordena a consci\u00eancia C\u00f3smica do Corpo de Luz Hexadimensional e transfer\u00eancia de informa\u00e7\u00e3o PES, Arqu\u00e9tipos o Inocente e o Vidente, acessa o Conselho Jupiteriano do Florescimento Criativo.<\/p>\n\n\n\n<p class=\"has-text-align-center\"><strong>HUNAB KU 21<\/strong><\/p>\n\n\n\n<p class=\"has-text-align-center\"><strong>Caminho do heptal 50, A ILUMINA\u00c7\u00c3O EVOLUI O LIVRE ARBITRIO.<\/strong><\/p>\n\n\n\n<p class=\"has-text-align-center\">A SUMA SACERDOTISA ABRE A PORTA DO M\u00cdSTERIO, o(a) Inocente entra por ela, guiado pelo(a) Artista, apoiado pelo(a) Vidente, desafiado(a) pelo(a) Mago, recebe os poderes oculto do(a) Navegador.<\/p>\n\n\n\n<p class=\"has-text-align-center\"><\/p>\n\n\n<div class=\"wp-block-image\">\n<figure class=\"aligncenter size-full is-resized\"><img decoding=\"async\" width=\"806\" height=\"756\" src=\"https:\/\/synchronotron.com\/wp-content\/uploads\/2025\/07\/hk21_kin104.png\" alt=\"\" class=\"wp-image-17221\" style=\"width:742px;height:auto\" srcset=\"https:\/\/synchronotron.com\/wp-content\/uploads\/2025\/07\/hk21_kin104.png 806w, https:\/\/synchronotron.com\/wp-content\/uploads\/2025\/07\/hk21_kin104-300x281.png 300w, https:\/\/synchronotron.com\/wp-content\/uploads\/2025\/07\/hk21_kin104-768x720.png 768w, https:\/\/synchronotron.com\/wp-content\/uploads\/2025\/07\/hk21_kin104-600x563.png 600w\" sizes=\"(max-width: 806px) 100vw, 806px\" \/><\/figure>\n<\/div>\n\n<div class=\"wp-block-image\">\n<figure class=\"aligncenter size-large is-resized\"><img decoding=\"async\" width=\"698\" height=\"1024\" src=\"https:\/\/synchronotron.com\/wp-content\/uploads\/2025\/07\/5134595160435437007-698x1024.jpg\" alt=\"\" class=\"wp-image-17178\" style=\"width:341px;height:auto\" srcset=\"https:\/\/synchronotron.com\/wp-content\/uploads\/2025\/07\/5134595160435437007-698x1024.jpg 698w, https:\/\/synchronotron.com\/wp-content\/uploads\/2025\/07\/5134595160435437007-204x300.jpg 204w, https:\/\/synchronotron.com\/wp-content\/uploads\/2025\/07\/5134595160435437007-768x1127.jpg 768w, https:\/\/synchronotron.com\/wp-content\/uploads\/2025\/07\/5134595160435437007-600x881.jpg 600w, https:\/\/synchronotron.com\/wp-content\/uploads\/2025\/07\/5134595160435437007.jpg 872w\" sizes=\"(max-width: 698px) 100vw, 698px\" \/><\/figure>\n<\/div>\n\n\n<div style=\"height:100px\" aria-hidden=\"true\" class=\"wp-block-spacer\"><\/div>\n\n\n\n<p class=\"has-text-align-center\"><strong>CHAVE SYNCHRONOTRON KIN DESTINO 4.13<\/strong><\/p>\n\n\n\n<p>0 Cubo C\u00f3smico governa a Quarta Dimens\u00e3o do Tempo Exterior. A realiza\u00e7\u00e3o do Cubo C\u00f3smico \u00e9 uma fun\u00e7\u00e3o da atividade da vontade consciente. O Cubo C\u00f3smico \u00e9 uma fun\u00e7\u00e3o da Terceira Esfera Mental: consciente. Hiperplasma Beta-Beta da mediunidade consciente desperta.<\/p>\n\n\n\n<p class=\"has-text-align-center\"><strong>POSTULADO KIN DESTINO 4.13<\/strong><\/p>\n\n\n\n<p class=\"has-text-align-center\">Dentro da ordem biosf\u00e9rica evolutiva da Terra, a esp\u00e9cie humana representa a m\u00e1xima complexidade do processo biogeoqu\u00edmico, resultando num poder auto-reflexivo. Na ordem humana, a transi\u00e7\u00e3o de consciente para consciente-cont\u00ednuo \u00e9 o dom\u00ednio de seus poderes auto-reflexivos. O ponto cr\u00edtico para criar uma consci\u00eancia cont\u00ednua sustent\u00e1vel \u00e9 dependente da descoberta auto-reflexiva da Lei do Tempo, a que marca o cl\u00edmax da evolu\u00e7\u00e3o da biosfera como uma ordem inconsciente, e inicia a evolu\u00e7\u00e3o da biosfera na ordem supra-consciente de ser ou consci\u00eancia c\u00f3smica.<\/p>\n\n\n\n<div style=\"height:100px\" aria-hidden=\"true\" class=\"wp-block-spacer\"><\/div>\n\n\n\n<h2 class=\"wp-block-heading has-text-align-center\"><strong>ATIVA\u00c7\u00c3O SYNCHRONOTRON GUIADA<\/strong><\/h2>\n\n\n\n<p class=\"has-text-align-center\">A ativa\u00e7\u00e3o guiada \u00e9 um processo poderoso que visa ensinar cada indiv\u00edduo a se autoativar. <strong>O objetivo final desse processo \u00e9 que todos n\u00f3s possamos dominar a autoativa\u00e7\u00e3o,<\/strong> criando assim uma percep\u00e7\u00e3o mutlidimensional expandida \u00fanica e pessoal, bem como coletiva.<\/p>\n\n\n\n<p class=\"has-text-align-center\">Assumir a pr\u00f3pria maestria \u00e9 um passo crucial para impulsionar a ascens\u00e3o coletiva e <strong>facilitar a transi\u00e7\u00e3o da biosfera para a noosfera atrav\u00e9s da ativa\u00e7\u00e3o do nosso Perceptor Holmental na pr\u00e1tica.<\/strong><\/p>\n\n\n<div class=\"wp-block-image\">\n<figure class=\"aligncenter size-full is-resized\"><img loading=\"lazy\" decoding=\"async\" width=\"697\" height=\"522\" src=\"https:\/\/synchronotron.com\/wp-content\/uploads\/2025\/05\/arco-iris.png\" alt=\"\" class=\"wp-image-16165\" style=\"width:347px;height:auto\" srcset=\"https:\/\/synchronotron.com\/wp-content\/uploads\/2025\/05\/arco-iris.png 697w, https:\/\/synchronotron.com\/wp-content\/uploads\/2025\/05\/arco-iris-300x225.png 300w, https:\/\/synchronotron.com\/wp-content\/uploads\/2025\/05\/arco-iris-160x120.png 160w, https:\/\/synchronotron.com\/wp-content\/uploads\/2025\/05\/arco-iris-600x449.png 600w\" sizes=\"(max-width: 697px) 100vw, 697px\" \/><\/figure>\n<\/div>\n\n\n<p class=\"has-text-align-center\"><strong>IN LAK\u00b4ECH<\/strong><\/p>\n\n\n\n<div style=\"height:100px\" aria-hidden=\"true\" class=\"wp-block-spacer\"><\/div>\n\n\n\n<p class=\"has-text-align-center\"><strong>CHAVES SYNCHRONOTRON<\/strong><\/p>\n\n\n\n<p class=\"has-text-align-center\"><strong>MATRIZES-MESTRAS E DIMENS\u00d5ES DO TEMPO<\/strong><\/p>\n\n\n\n<p>4.1&nbsp;&nbsp;&nbsp;&nbsp;&nbsp;&nbsp;&nbsp;&nbsp;&nbsp; 0 Sistema do Synchronotron contem quatro matrizes prim\u00e1rias do 441 mais o Perceptor Holomental. Essas quatro matrizes s\u00e3o: Matriz Base, Matriz Tempo, Matriz Espa\u00e7o e Matriz Sincr\u00f3nica. Cada uma delas pode ser sobreposta \u00e0 outra para criar diferentes &#8220;leituras&#8221;.&nbsp;&nbsp;&nbsp;&nbsp;&nbsp;&nbsp;&nbsp;&nbsp;&nbsp;&nbsp;&nbsp;&nbsp;&nbsp;&nbsp;&nbsp;&nbsp;&nbsp;&nbsp;&nbsp;&nbsp;&nbsp;&nbsp;&nbsp;&nbsp;&nbsp;&nbsp;&nbsp;&nbsp;&nbsp;&nbsp;&nbsp;<\/p>\n\n\n\n<p>4.2&nbsp;&nbsp;&nbsp;&nbsp;&nbsp;&nbsp;&nbsp;&nbsp;&nbsp; A Matriz Base \u00e9 a ancora para todas as matrizes 441, na qual a cria\u00e7\u00e3o c\u00f3smica \u00e8 concebida. As grades Tempo, Espaco e Sincr\u00f3nica s\u00e3o as matrizes de coordena\u00e7\u00e3o. A Matriz Base se sobrep\u00f5e ao Perceptor Holomental, mostrando a s\u00edntese e o mapa novo c\u00e9rebro da mente gal\u00e1ctica.&nbsp;&nbsp;&nbsp;&nbsp;&nbsp;&nbsp;&nbsp;&nbsp;&nbsp;&nbsp;&nbsp;&nbsp;&nbsp;&nbsp;&nbsp;&nbsp;&nbsp;&nbsp;&nbsp;&nbsp;&nbsp;&nbsp;<\/p>\n\n\n\n<p>4.3&nbsp;&nbsp;&nbsp;&nbsp;&nbsp;&nbsp;&nbsp;&nbsp;&nbsp; A Matriz Tempo \u00e9 uma for\u00e7a de sublima\u00e7\u00e3o (-) que n\u00e3o \u00e9 propriamente fenom\u00eanica, mas governa o tempo (calend\u00e1rio) do reino fenom\u00eanico, incluindo toda a biologia. Sem n\u00famero a Mente, o tempo e o espa\u00e7o tornam-se unidades indiferenciadas. &nbsp;&nbsp;&nbsp;&nbsp;&nbsp;&nbsp;&nbsp;&nbsp;&nbsp;&nbsp;&nbsp;&nbsp;&nbsp;&nbsp;&nbsp;&nbsp;&nbsp;&nbsp;&nbsp;&nbsp;&nbsp;&nbsp;&nbsp;&nbsp;<\/p>\n\n\n\n<p>4.4&nbsp;&nbsp;&nbsp;&nbsp;&nbsp;&nbsp;&nbsp;&nbsp;&nbsp; A Matriz Espa\u00e7o \u00e9 uma for\u00e7a de ativa\u00e7\u00e3o (+) que evolui para a biologia. Esta matriz biol\u00f3gica fenom\u00eanica evolui para a consci\u00eancia e torna-se unificada com o tempo. O n\u00famero da dimensionalidade ao espa\u00e7o e uma frequ\u00eancia da ordem c\u00edclica para o tempo.&nbsp;&nbsp;&nbsp;&nbsp;&nbsp;&nbsp;&nbsp;&nbsp;&nbsp;&nbsp;&nbsp;&nbsp;&nbsp;&nbsp;&nbsp;&nbsp;&nbsp;&nbsp;&nbsp;&nbsp;&nbsp;<\/p>\n\n\n\n<p>4.5&nbsp;&nbsp;&nbsp;&nbsp;&nbsp;&nbsp;&nbsp;&nbsp;&nbsp; A Matriz Tempo cont\u00e9m o Sincron\u00e1rio de 13 Luas, ou tempo sequencial localizado nas quatro Dimens\u00f5es do Tempo Exterior. A radializa\u00e7\u00e3o de todas as fun\u00e7\u00f5es mentais e sensoriais tamb\u00e9m ocorre nessas quatro Dimens\u00f5es do Tempo Exterior, cada uma das quais \u00e9 governada por uma Esfera Mental e um Hiperplasma. &nbsp;&nbsp;&nbsp;&nbsp;&nbsp;&nbsp;&nbsp;&nbsp;&nbsp;&nbsp;&nbsp;&nbsp;&nbsp;&nbsp;&nbsp;&nbsp;<\/p>\n\n\n\n<p>4.6&nbsp;&nbsp;&nbsp;&nbsp;&nbsp;&nbsp;&nbsp;&nbsp;&nbsp; A Matriz do Espa\u00e7o n\u00e3o \u00e9 uma superf\u00edcie ou um plano dimensional se estendendo em todas as dire\u00e7\u00f5es, mas um meio de coordena\u00e7\u00e3o interdimensional. A Matriz Sincr\u00f3nica cont\u00e9m o padr\u00e3o das 260 unidades do Tzolkin (13&#215;20).&nbsp;&nbsp;&nbsp;&nbsp; &nbsp;&nbsp;&nbsp;&nbsp;&nbsp;&nbsp;&nbsp;&nbsp;&nbsp;&nbsp;&nbsp;&nbsp;&nbsp;&nbsp;&nbsp;<\/p>\n\n\n\n<p>4.7&nbsp;&nbsp;&nbsp;&nbsp;&nbsp;&nbsp;&nbsp;&nbsp;&nbsp; A evolu\u00e7\u00e3o do espa\u00e7o atrav\u00e9s do tempo \u00e9 realizada pelo numero. Todos os n\u00fameros podem ser reduzidos \u00e0 sua Unidade Matriz Base (UMB) e esta, por sua vez, \u00e9 um n\u00famero ps\u00edquico inteiro da Mente Superior que est\u00e1 conectada ao Perceptor Holomental, onde diversos n\u00edveis de informa\u00e7\u00e3o podem ser lidos.&nbsp;&nbsp;&nbsp;&nbsp;&nbsp;&nbsp;&nbsp;&nbsp;&nbsp;&nbsp;&nbsp;&nbsp;&nbsp;&nbsp;&nbsp;&nbsp;&nbsp;&nbsp;<\/p>\n\n\n\n<p>4.8&nbsp;&nbsp;&nbsp;&nbsp;&nbsp;&nbsp;&nbsp;&nbsp;&nbsp; Dentro do Sistema do Cubo, o ser humano \u00e9 um n\u00famero inteiro ou a matriz de n\u00fameros inteiros que usam componentes psicossom\u00e1ticos como um meio de evolu\u00e7\u00e3o iluminada. Conhecer seus n\u00fameros inteiros\/matriz dos n\u00fameros inteiros permite ao ser humano realizar suas fun\u00e7\u00f5es no cubo.&nbsp;&nbsp;&nbsp;&nbsp;&nbsp;&nbsp;&nbsp;&nbsp;&nbsp;&nbsp;&nbsp;&nbsp;&nbsp;&nbsp;&nbsp;&nbsp;&nbsp;&nbsp;&nbsp;&nbsp;&nbsp;&nbsp;&nbsp;&nbsp;&nbsp;&nbsp;<\/p>\n\n\n\n<p>4.9&nbsp;&nbsp;&nbsp;&nbsp;&nbsp;&nbsp;&nbsp;&nbsp;&nbsp; Cada Matriz do Cubo 441 contem quatro Dimens\u00f5es do Tempo Exterior que coordenam a realidade fenom\u00eanico relativa ocorrendo em quatro est\u00e1gios sequenciais simult\u00e2neos: 1) Cria\u00e7\u00e3o C\u00f3smica 2) Ascens\u00e3o C\u00f3smica, 3) Sincroniza\u00e7\u00e3o C\u00f3smica e 4) Cubo C\u00f3smico.&nbsp;&nbsp;&nbsp;&nbsp;&nbsp;&nbsp;&nbsp;&nbsp;&nbsp;&nbsp;&nbsp;&nbsp;&nbsp;&nbsp;&nbsp;&nbsp;&nbsp;&nbsp;&nbsp;&nbsp;&nbsp;<\/p>\n\n\n\n<p>4.10&nbsp;&nbsp;&nbsp;&nbsp;&nbsp;&nbsp; A Cria\u00e7\u00e3o C\u00f3smica governa a Primeira Dimens\u00e3o do Tempo Exterior. Espontaneamente surge a criatividade original, n\u00e3o planejada. A Cria\u00e7\u00e3o C\u00f3smica \u00e9 uma fun\u00e7\u00e3o da Primeira Esfera Mental: pr\u00e9-consciente. Hiperplasma Alfa-Alfa de samadhi&nbsp; profundo. &nbsp;&nbsp;&nbsp;&nbsp;&nbsp;&nbsp;&nbsp;&nbsp;&nbsp;&nbsp;&nbsp;&nbsp;&nbsp;&nbsp;&nbsp;&nbsp;&nbsp;&nbsp;&nbsp;&nbsp;&nbsp;<\/p>\n\n\n\n<p>4.11&nbsp;&nbsp;&nbsp;&nbsp;&nbsp;&nbsp; A Ascens\u00e3o C\u00f3smica governa a Segunda Dimens\u00e3o do Tempo Exterior, sendo a resultado da maestria superior do controle da mente. A Ascens\u00e3o C\u00f3smica \u00e9 uma fun\u00e7\u00e3o da Quarta Esfera Mental: consciente continuo. Hiperplasma Beta-Alfa do controle da mente superior.&nbsp;&nbsp;&nbsp;&nbsp;&nbsp;&nbsp;&nbsp;&nbsp;&nbsp;&nbsp;&nbsp;&nbsp;&nbsp;&nbsp;&nbsp;&nbsp;&nbsp;&nbsp;&nbsp;&nbsp;&nbsp;<\/p>\n\n\n\n<p>4.12&nbsp;&nbsp;&nbsp;&nbsp;&nbsp;&nbsp; A Sincroniza\u00e7\u00e3o C\u00f3smica governa a Terceira Dimens\u00e3o do Tempo Exterior e ativa o inconsciente. A Lei do Tempo torna consciente o que at\u00e9 ent\u00e3o era inconsciente. A Sincroniza\u00e7\u00e3o C\u00f3smica \u00e9 uma fun\u00e7\u00e3o da Segunda Esfera Mental: inconsciente. Hiperplasma Alfa-Beta do samadhi informativo. &nbsp;&nbsp;&nbsp;&nbsp;&nbsp;&nbsp;&nbsp;&nbsp;&nbsp;&nbsp;&nbsp;&nbsp;&nbsp;&nbsp;&nbsp;<\/p>\n\n\n\n<p>4.13&nbsp;&nbsp;&nbsp;&nbsp;&nbsp;&nbsp; 0 Cubo C\u00f3smico governa a Quarta Dimens\u00e3o do Tempo Exterior. A realiza\u00e7\u00e3o do Cubo C\u00f3smico \u00e9 uma fun\u00e7\u00e3o da atividade da vontade consciente. O Cubo C\u00f3smico \u00e9 uma fun\u00e7\u00e3o da Terceira Esfera Mental: consciente. Hiperplasma Beta-Beta da mediunidade consciente desperta.&nbsp;&nbsp;&nbsp;&nbsp;&nbsp;&nbsp;&nbsp;&nbsp;&nbsp;&nbsp;&nbsp;&nbsp;&nbsp;&nbsp;&nbsp;&nbsp;&nbsp;&nbsp;&nbsp;&nbsp;&nbsp;&nbsp;&nbsp;&nbsp;<\/p>\n\n\n\n<div style=\"height:100px\" aria-hidden=\"true\" class=\"wp-block-spacer\"><\/div>\n\n\n\n<p class=\"has-text-align-center\"><strong>POSTULADOS<\/strong><\/p>\n\n\n\n<p class=\"has-text-align-center\"><strong>O C\u00c9REBRO GAL\u00c1CTICO INCORPORADO NO CORPO EVOLUTIVO DO PLANETA TERRA<\/strong><\/p>\n\n\n\n<p>4.1&nbsp;&nbsp;&nbsp;&nbsp;&nbsp;&nbsp;&nbsp;&nbsp;&nbsp; Um corpo planet\u00e1rio \u00e9 uma proje\u00e7\u00e3o materializada em forma de espiral de uma massa estelar prim\u00e1ria. Portanto, o corpo do planeta participa holonomicamente da mesma estrutura do processo que caracteriza o C\u00e9rebro Gal\u00e1ctico.&nbsp;&nbsp; &nbsp;&nbsp;&nbsp;&nbsp;&nbsp;&nbsp;&nbsp;&nbsp;&nbsp;&nbsp;&nbsp;&nbsp;&nbsp;&nbsp;&nbsp;<\/p>\n\n\n\n<p>4.2&nbsp;&nbsp;&nbsp;&nbsp;&nbsp;&nbsp;&nbsp;&nbsp;&nbsp; Um corpo planet\u00e1rio \u00e9 a parte em \u00f3rbita da massa estelar na qual a incorpora\u00e7\u00e3o das geometrias cristalinas do tempo podem ter a possibilidade de executar e definir a dial\u00e9tica na qual o reflexo secund\u00e1rio da vida pode evoluir.&nbsp; &nbsp;&nbsp;&nbsp;&nbsp;&nbsp;&nbsp;&nbsp;&nbsp;&nbsp;&nbsp;&nbsp;&nbsp;&nbsp;&nbsp;&nbsp;<\/p>\n\n\n\n<p>4.3&nbsp;&nbsp;&nbsp;&nbsp;&nbsp;&nbsp;&nbsp;&nbsp;&nbsp; No corpo planet\u00e1rio, a proje\u00e7\u00e3o cristal do tempo como forma, interage quimicamente com as radia\u00e7\u00f5es fot\u00f4nicas emanando principalmente da estrela local. A forma cristalina estabelece uma pulsa\u00e7\u00e3o solar dentro e de acordo com a velocidade de rota\u00e7\u00e3o do corpo planet\u00e1rio em sua altern\u00e2ncia das fases do dia e da noite.&nbsp;&nbsp;&nbsp;&nbsp;&nbsp;&nbsp;&nbsp;&nbsp;&nbsp;&nbsp;&nbsp;&nbsp;&nbsp;&nbsp;&nbsp;&nbsp;&nbsp;&nbsp;&nbsp;&nbsp;&nbsp;&nbsp;&nbsp;<\/p>\n\n\n\n<p>4.4&nbsp;&nbsp;&nbsp;&nbsp;&nbsp;&nbsp;&nbsp;&nbsp;&nbsp; O C\u00e9rebro Gal\u00e1ctico incorporado no corpo evolutivo do planeta Terra transforma inevitavelmente a dial\u00e9tica da pulsa\u00e7\u00e3o solar e a altern\u00e2ncia das fases do dia e da noite em um complexo de formas inorg\u00e2nicas pr\u00e9-conscientes nas quais o elemento \u00e1gua \u00e9 quimicamente gerado da intera\u00e7\u00e3o do cristal, da luz e do calor (condi\u00e7\u00f5es de energia luminosa-el\u00e9trica e t\u00e9rmica-cin\u00e9tica).&nbsp;&nbsp;&nbsp;&nbsp;&nbsp;&nbsp;&nbsp;&nbsp;&nbsp;&nbsp;&nbsp;&nbsp;&nbsp;&nbsp;&nbsp;&nbsp;&nbsp;&nbsp;&nbsp;&nbsp;&nbsp;&nbsp;&nbsp;&nbsp;&nbsp;&nbsp;<\/p>\n\n\n\n<p>4.5&nbsp;&nbsp;&nbsp;&nbsp;&nbsp;&nbsp;&nbsp;&nbsp;&nbsp; Uma vez que o elemento \u00e1gua tenha sido induzido termoeletricamente, ent\u00e3o a condi\u00e7\u00e3o prim\u00e1ria para o reflexo secund\u00e1rio, a vida, \u00e9 estabelecido dentro da ordem evolutiva planet\u00e1ria como a intera\u00e7\u00e3o auto-geradora das fun\u00e7\u00f5es luminosas e t\u00e9rmico-qu\u00edmicas. A s\u00edntese da luz nas plantas \u00e9 diretamente proporcional \u00e0 capacidade processadora de \u00e1gua termicamente regulada do sistema de ra\u00edzes.&nbsp;&nbsp;&nbsp;&nbsp;&nbsp;&nbsp;&nbsp;&nbsp;&nbsp;&nbsp;&nbsp;&nbsp;&nbsp;&nbsp;&nbsp;&nbsp;&nbsp;&nbsp;<\/p>\n\n\n\n<p>4.6&nbsp;&nbsp;&nbsp;&nbsp;&nbsp;&nbsp;&nbsp;&nbsp;&nbsp; A planta \u00e9 para o reino org\u00e2nico o que o cristal \u00e9 para o reino inorg\u00e2nico. As geometrias radiativas do tempo informam a estrutura e o poder procriativo de todas as plantas. A dura\u00e7\u00e3o das plantas como uma esp\u00e9cie, e n\u00e3o somente o ciclo de um elemento individual, mant\u00e9m a ordem do tempo dentro do reino org\u00e2nico inconsciente instintivo da vida. A dura\u00e7\u00e3o das plantas \u00e9 o complemento para a dura\u00e7\u00e3o dos cristais, e juntos criam a dial\u00e9tica do ambiente vivo planet\u00e1rio chamado biosfera.&nbsp;&nbsp;&nbsp;&nbsp;&nbsp;&nbsp;&nbsp;&nbsp;&nbsp;&nbsp;&nbsp;&nbsp;&nbsp;&nbsp;&nbsp;&nbsp;&nbsp;&nbsp;&nbsp;&nbsp;&nbsp;&nbsp;&nbsp;&nbsp;<\/p>\n\n\n\n<p>4.7&nbsp;&nbsp;&nbsp;&nbsp;&nbsp;&nbsp;&nbsp;&nbsp;&nbsp; A vida em si \u00e9 a fun\u00e7\u00e3o de um c\u00f3digo-programa originando-se na matriz radial do tempo quadridimensional. No planeta Terra este c\u00f3digo \u00e9 conhecido como o c\u00f3digo do DNA de 64 unidades. \u00c9 a intera\u00e7\u00e3o do c\u00f3digo do DNA com a Lei do Tempo, T(E)=Arte, por cuja freq\u00fc\u00eancia sincronizadora 13:20, as ordens evolutivas da vida s\u00e3o formadas.&nbsp;&nbsp;&nbsp;&nbsp;&nbsp;&nbsp;&nbsp;&nbsp;&nbsp;&nbsp;&nbsp;&nbsp;&nbsp;&nbsp;&nbsp;&nbsp;&nbsp;&nbsp;&nbsp;&nbsp;&nbsp;&nbsp;&nbsp;&nbsp;&nbsp;<\/p>\n\n\n\n<p>4.8&nbsp;&nbsp;&nbsp;&nbsp;&nbsp;&nbsp;&nbsp;&nbsp;&nbsp; &#8220;Os 64 c\u00f3dons do DNA que cont\u00e9m o programa informativo para todas as possibilidades da vida do reflexo secund\u00e1rio org\u00e2nico no desenvolvimento evolutivo de um planeta determinado, s\u00e3o matematicamente a s\u00e9tima ordem de uma seq\u00fc\u00eancia bin\u00e1ria que se inicia com uma duplica\u00e7\u00e3o da unidade prim\u00e1ria (1):<\/p>\n\n\n\n<p>2, 4, 8, 16, 32, 64. Nesta seq\u00fc\u00eancia, o 32 representa a ordem complexa, o cristal, de cuja dial\u00e9tica bin\u00e1ria a vida do reflexo secund\u00e1rio (64) \u00e9 gerada.&#8221;&nbsp;&nbsp;&nbsp;&nbsp;&nbsp;&nbsp;&nbsp;&nbsp;&nbsp;&nbsp;&nbsp;&nbsp;&nbsp;&nbsp;&nbsp;&nbsp;&nbsp;&nbsp;&nbsp;&nbsp;&nbsp;&nbsp;&nbsp;&nbsp;<\/p>\n\n\n\n<p>4.9&nbsp;&nbsp;&nbsp;&nbsp;&nbsp;&nbsp;&nbsp;&nbsp;&nbsp; O poder formal do cristal incorpora a Sexta ordem ou a ordem reticulada c\u00fabica da progress\u00e3o bin\u00e1ria. As cinco ordens precedentes, unidade 1, polaridade 2, forma posi\u00e7\u00e3o 4, espa\u00e7o extensivo 8, harm\u00f4nico 16, combinados com o ret\u00edculo c\u00fabico cristal 32, s\u00e3o ent\u00e3o incorporados e inclu\u00eddos na vida, 64, forma auto-produtiva. Na progress\u00e3o matem\u00e1tica radial da quarta dimens\u00e3o, todas as ordens inferiores est\u00e3o inclu\u00eddas e incorporadas nas ordens mais elevadas.&nbsp;&nbsp;&nbsp;&nbsp;&nbsp;&nbsp;&nbsp;&nbsp;&nbsp;&nbsp;&nbsp; &nbsp;&nbsp;&nbsp;&nbsp;&nbsp;&nbsp;&nbsp;&nbsp;&nbsp;&nbsp;&nbsp;&nbsp;&nbsp;&nbsp;&nbsp;<\/p>\n\n\n\n<p>4.10&nbsp;&nbsp;&nbsp;&nbsp;&nbsp;&nbsp; A dura\u00e7\u00e3o da biosfera como a complexidade da dial\u00e9tica do cristal e seu reflexo secund\u00e1rio, a vida, constitui a ordem inteira do C\u00e9rebro Gal\u00e1ctico em todo o seu espectro de possibilidades evolutivas. A biosfera evolui atrav\u00e9s do pr\u00e9-consciente o inconsciente, e de inconsciente, passando atrav\u00e9s do consciente e do consciente cont\u00ednuo para o superconsciente.&nbsp;&nbsp;&nbsp;&nbsp;&nbsp;&nbsp;&nbsp;&nbsp;&nbsp;&nbsp;&nbsp;&nbsp;&nbsp;&nbsp;&nbsp;&nbsp;&nbsp;&nbsp;&nbsp;&nbsp;&nbsp;&nbsp;&nbsp;&nbsp;&nbsp;&nbsp;&nbsp;<\/p>\n\n\n\n<p>4.11&nbsp;&nbsp;&nbsp;&nbsp;&nbsp;&nbsp; Dentro da ordem biosf\u00e9rica, todas as fun\u00e7\u00f5es inorg\u00e2nicas constituem um \u00fanico processo unit\u00e1rio chamado processo biogeoqu\u00edmico. O processo biogeoqu\u00edmico \u00e9 mantido pela troca de energia qu\u00edmica auto-mutante, conhecida como a migra\u00e7\u00e3o biog\u00eanica de \u00e1tomos.&nbsp;&nbsp;&nbsp;&nbsp;&nbsp;&nbsp;&nbsp;&nbsp;&nbsp;&nbsp;&nbsp;&nbsp;&nbsp;&nbsp;&nbsp;&nbsp;&nbsp;&nbsp;&nbsp;&nbsp;&nbsp;&nbsp;&nbsp;&nbsp;&nbsp;&nbsp;&nbsp;&nbsp;&nbsp;&nbsp;<\/p>\n\n\n\n<p>4.12&nbsp;&nbsp;&nbsp;&nbsp;&nbsp;&nbsp; O aumento da complexidade do processo biogeoqu\u00edmico \u00e9 caracterizado pela acelera\u00e7\u00e3o da migra\u00e7\u00e3o biog\u00eanica de \u00e1tomos, pela incid\u00eancia de n\u00edveis cada vez mais complexos de vida, induzindo \u00e0 transi\u00e7\u00e3o de ordem de exist\u00eancia inconsciente para consciente.&nbsp;&nbsp;&nbsp;&nbsp;&nbsp;&nbsp;&nbsp;&nbsp;&nbsp;&nbsp;&nbsp;&nbsp;&nbsp;&nbsp;&nbsp;&nbsp;&nbsp;<\/p>\n\n\n\n<p class=\"has-text-align-left\">4.13&nbsp;&nbsp;&nbsp;&nbsp;&nbsp;&nbsp; Dentro da ordem biosf\u00e9rica evolutiva da Terra, a esp\u00e9cie humana representa a m\u00e1xima complexidade do processo biogeoqu\u00edmico, resultando num poder auto-reflexivo. Na ordem humana, a transi\u00e7\u00e3o de consciente para consciente-cont\u00ednuo \u00e9 o dom\u00ednio de seus poderes auto-reflexivos. O ponto cr\u00edtico para criar uma consci\u00eancia cont\u00ednua sustent\u00e1vel \u00e9 dependente da descoberta auto-reflexiva da Lei do Tempo, a que marca o cl\u00edmax da evolu\u00e7\u00e3o da biosfera como uma ordem inconsciente, e inicia a evolu\u00e7\u00e3o da biosfera na ordem supra-consciente de ser ou consci\u00eancia c\u00f3smica.&nbsp;&nbsp;&nbsp;&nbsp;&nbsp;&nbsp;&nbsp;&nbsp;&nbsp;&nbsp;&nbsp;&nbsp;&nbsp;&nbsp;&nbsp;&nbsp;&nbsp;&nbsp;&nbsp;&nbsp;&nbsp;&nbsp;&nbsp;&nbsp;&nbsp;&nbsp;&nbsp;&nbsp;&nbsp;&nbsp;&nbsp;&nbsp;&nbsp;&nbsp;&nbsp;&nbsp;&nbsp;&nbsp;&nbsp;&nbsp;&nbsp;&nbsp;&nbsp;&nbsp;&nbsp;&nbsp;&nbsp;<\/p>\n\n\n\n<div style=\"height:100px\" aria-hidden=\"true\" class=\"wp-block-spacer\"><\/div>\n\n\n\n<h2 class=\"wp-block-heading has-text-align-center\"><strong>ATIVA\u00c7\u00c3O SYNCHRONOTRON<\/strong><\/h2>\n\n\n\n<figure class=\"wp-block-image size-large\"><img loading=\"lazy\" decoding=\"async\" width=\"1024\" height=\"605\" src=\"https:\/\/synchronotron.com\/wp-content\/uploads\/2025\/07\/photo_5141127419145596467_y-1024x605.jpg\" alt=\"\" class=\"wp-image-17224\" srcset=\"https:\/\/synchronotron.com\/wp-content\/uploads\/2025\/07\/photo_5141127419145596467_y-1024x605.jpg 1024w, https:\/\/synchronotron.com\/wp-content\/uploads\/2025\/07\/photo_5141127419145596467_y-300x177.jpg 300w, https:\/\/synchronotron.com\/wp-content\/uploads\/2025\/07\/photo_5141127419145596467_y-768x454.jpg 768w, https:\/\/synchronotron.com\/wp-content\/uploads\/2025\/07\/photo_5141127419145596467_y-600x354.jpg 600w, https:\/\/synchronotron.com\/wp-content\/uploads\/2025\/07\/photo_5141127419145596467_y.jpg 1280w\" sizes=\"(max-width: 1024px) 100vw, 1024px\" \/><\/figure>\n\n\n<div class=\"wp-block-image\">\n<figure class=\"aligncenter size-full is-resized\"><img loading=\"lazy\" decoding=\"async\" width=\"744\" height=\"1280\" src=\"https:\/\/synchronotron.com\/wp-content\/uploads\/2025\/07\/photo_5141127419145596469_y.jpg\" alt=\"\" class=\"wp-image-17226\" style=\"width:549px;height:auto\" srcset=\"https:\/\/synchronotron.com\/wp-content\/uploads\/2025\/07\/photo_5141127419145596469_y.jpg 744w, https:\/\/synchronotron.com\/wp-content\/uploads\/2025\/07\/photo_5141127419145596469_y-174x300.jpg 174w, https:\/\/synchronotron.com\/wp-content\/uploads\/2025\/07\/photo_5141127419145596469_y-595x1024.jpg 595w, https:\/\/synchronotron.com\/wp-content\/uploads\/2025\/07\/photo_5141127419145596469_y-600x1032.jpg 600w\" sizes=\"(max-width: 744px) 100vw, 744px\" \/><\/figure>\n<\/div>\n\n\n<div style=\"height:100px\" aria-hidden=\"true\" class=\"wp-block-spacer\"><\/div>\n\n\n\n<h2 class=\"wp-block-heading has-text-align-center\">Manitu Planet\u00e1rio (Matriz do Espa\u00e7o)<\/h2>\n\n\n<div class=\"wp-block-image\">\n<figure class=\"aligncenter size-full is-resized\"><img loading=\"lazy\" decoding=\"async\" width=\"901\" height=\"1280\" src=\"https:\/\/synchronotron.com\/wp-content\/uploads\/2025\/03\/photo_5132137481364418133_y.jpg\" alt=\"\" class=\"wp-image-15204\" style=\"width:740px;height:auto\" srcset=\"https:\/\/synchronotron.com\/wp-content\/uploads\/2025\/03\/photo_5132137481364418133_y.jpg 901w, https:\/\/synchronotron.com\/wp-content\/uploads\/2025\/03\/photo_5132137481364418133_y-211x300.jpg 211w, https:\/\/synchronotron.com\/wp-content\/uploads\/2025\/03\/photo_5132137481364418133_y-721x1024.jpg 721w, https:\/\/synchronotron.com\/wp-content\/uploads\/2025\/03\/photo_5132137481364418133_y-768x1091.jpg 768w, https:\/\/synchronotron.com\/wp-content\/uploads\/2025\/03\/photo_5132137481364418133_y-600x852.jpg 600w\" sizes=\"(max-width: 901px) 100vw, 901px\" \/><\/figure>\n<\/div>\n\n<div class=\"wp-block-image\">\n<figure class=\"aligncenter size-large is-resized\"><img loading=\"lazy\" decoding=\"async\" width=\"594\" height=\"1024\" src=\"https:\/\/synchronotron.com\/wp-content\/uploads\/2025\/07\/photo_5136846960249122994_y-594x1024.jpg\" alt=\"\" class=\"wp-image-17206\" style=\"width:470px;height:auto\" srcset=\"https:\/\/synchronotron.com\/wp-content\/uploads\/2025\/07\/photo_5136846960249122994_y-594x1024.jpg 594w, https:\/\/synchronotron.com\/wp-content\/uploads\/2025\/07\/photo_5136846960249122994_y-174x300.jpg 174w, https:\/\/synchronotron.com\/wp-content\/uploads\/2025\/07\/photo_5136846960249122994_y-600x1034.jpg 600w, https:\/\/synchronotron.com\/wp-content\/uploads\/2025\/07\/photo_5136846960249122994_y.jpg 743w\" sizes=\"(max-width: 594px) 100vw, 594px\" \/><\/figure>\n<\/div>\n\n\n<div style=\"height:100px\" aria-hidden=\"true\" class=\"wp-block-spacer\"><\/div>\n\n\n\n<h2 class=\"wp-block-heading has-text-align-center\"><strong>Guerreiro do Cubo<\/strong><\/h2>\n\n\n<div class=\"wp-block-image\">\n<figure class=\"aligncenter size-large\"><img loading=\"lazy\" decoding=\"async\" width=\"627\" height=\"1024\" src=\"https:\/\/synchronotron.com\/wp-content\/uploads\/2025\/07\/photo_5141127419145596470_y-627x1024.jpg\" alt=\"\" class=\"wp-image-17227\" srcset=\"https:\/\/synchronotron.com\/wp-content\/uploads\/2025\/07\/photo_5141127419145596470_y-627x1024.jpg 627w, https:\/\/synchronotron.com\/wp-content\/uploads\/2025\/07\/photo_5141127419145596470_y-184x300.jpg 184w, https:\/\/synchronotron.com\/wp-content\/uploads\/2025\/07\/photo_5141127419145596470_y-768x1254.jpg 768w, https:\/\/synchronotron.com\/wp-content\/uploads\/2025\/07\/photo_5141127419145596470_y-600x980.jpg 600w, https:\/\/synchronotron.com\/wp-content\/uploads\/2025\/07\/photo_5141127419145596470_y.jpg 784w\" sizes=\"(max-width: 627px) 100vw, 627px\" \/><\/figure>\n<\/div>\n\n<div class=\"wp-block-image\">\n<figure class=\"aligncenter size-large\"><img loading=\"lazy\" decoding=\"async\" width=\"630\" height=\"1024\" src=\"https:\/\/synchronotron.com\/wp-content\/uploads\/2025\/07\/photo_5141127419145596471_y-630x1024.jpg\" alt=\"\" class=\"wp-image-17228\" srcset=\"https:\/\/synchronotron.com\/wp-content\/uploads\/2025\/07\/photo_5141127419145596471_y-630x1024.jpg 630w, https:\/\/synchronotron.com\/wp-content\/uploads\/2025\/07\/photo_5141127419145596471_y-185x300.jpg 185w, https:\/\/synchronotron.com\/wp-content\/uploads\/2025\/07\/photo_5141127419145596471_y-768x1248.jpg 768w, https:\/\/synchronotron.com\/wp-content\/uploads\/2025\/07\/photo_5141127419145596471_y-600x975.jpg 600w, https:\/\/synchronotron.com\/wp-content\/uploads\/2025\/07\/photo_5141127419145596471_y.jpg 788w\" sizes=\"(max-width: 630px) 100vw, 630px\" \/><\/figure>\n<\/div>\n\n<div class=\"wp-block-image\">\n<figure class=\"aligncenter size-full\"><img loading=\"lazy\" decoding=\"async\" width=\"460\" height=\"767\" src=\"https:\/\/synchronotron.com\/wp-content\/uploads\/2025\/07\/photo_5141127419145596472_x.jpg\" alt=\"\" class=\"wp-image-17229\" srcset=\"https:\/\/synchronotron.com\/wp-content\/uploads\/2025\/07\/photo_5141127419145596472_x.jpg 460w, https:\/\/synchronotron.com\/wp-content\/uploads\/2025\/07\/photo_5141127419145596472_x-180x300.jpg 180w\" sizes=\"(max-width: 460px) 100vw, 460px\" \/><\/figure>\n<\/div>\n\n\n<div style=\"height:100px\" aria-hidden=\"true\" class=\"wp-block-spacer\"><\/div>\n\n\n\n<h4 class=\"wp-block-heading has-text-align-center\">\u00cdNDICE PERCEPTOR HOLOMENTAL<\/h4>\n\n\n\n<p><strong>PH (porta do heptal), V. 11, H. 20. UMB 144. Runa Harm\u00f4nica UR 91: O Todo da Arte Gal\u00e1ctica Define o Espa\u00e7o.<\/strong> 4\u00aa Oitava: Oitava do Todo da Arte Gal\u00e1ctica. Runa da Fila 12. Segunda porta de Unidade do tempo vertical ascendente. Corresponde a Suma Sacerdotisa (Vento): Segunda Porta de luz de Hunab Ku 21. Abre a Porta da luz Universal da Corte do Profeta (UMB 315) onde \u00e9 armazenada a profec\u00eda c\u00f3smica. A Suma Sacerdotisa ascende ao Polo Sul (Darka) como Alento C\u00f3smico e ascende como profec\u00eda. Gera o hiperplasma Beta-Beta estimulando a mediunidade do consciente desperto e sela o plasma radial Gama. Abre a Terceira porta do heptal: A Porta do Misterio. Urano Solar-Prof\u00e9tico.<\/p>\n\n\n\n<p>T (tempo), V.5, H.15. UMB 307. (-4) Quarta magnitude do circuito PES 6\u00ba dimensional sublima a comunica\u00e7\u00e3o subliminal no campo de for\u00e7a Alfa-Beta do samadhi informativo. O samadhi informativo sublima a segunda esfera mental: subconsciente.<\/p>\n\n\n\n<p>E (espa\u00e7o), V.15, H.7. UMB 369. (6) Sexta magnitude do circuito PES 6\u00ba dimensional neutraliza a comunica\u00e7\u00e3o subliminal no hiperplasma Beta-Alfa, campo de for\u00e7a do controle da mente superior. O controle da mente superior neutraliza a Quarta esfera mental: conscienteCont\u00ednuo. A sexta magnitude contem o coordenador interno do vermelho PES 6\u00ba dimensional do tempo exterior do canal Beta-Alfa. S\u00e9tima porta da segunda diagonal de Unidade.<\/p>\n\n\n\n<p>S (syncr\u00f4nica), V. 10, H. 4. UMB 239. Runa Harm\u00f4nica UR 71: O Decreto Divino Unifica o Tempo-Espa\u00e7o. 1\u00aa Oitava: Oitava do Decreto Divino. Runa da Fila 9.<\/p>\n\n\n\n<p>ME (mestre), V.3, H.14. UMB 196. (-3) Terceira magnitude do fluxo do tempo externo sublima ohiperplasma Alfa-Beta da Sincroniza\u00e7\u00e3o C\u00f3smica (na 3\u00aa dimens\u00e3o do tempo exterior). Campo de for\u00e7a do samadhi informativo (3D) sublimado pelo campo de for\u00e7a t\u00e9rmico Kuali vermelho da paranormalidade superconsciente (5D).<\/p>\n\n\n\n<p>PSI Crono, V.17, H.7. UMB 283. (-8) Oitava magnitude do circuito PES 6\u00ba dimensional sublima a comunica\u00e7\u00e3o subliminal no campo de for\u00e7a Beta-Alfa do controle da mente superior. O controle da mente superior sublima a Quarta esfera mental: conscienteCont\u00ednuo.<\/p>\n\n\n\n<p>KE (KIN equivalente), V.6, H.19. UMB 204. (+12) D\u00e9cima segunda magnitude do circuito coordenador superconsciente de quinta for\u00e7a do canal Alfa-Beta. Ativar e transferir os sinais internos do tempo 5D da coopera\u00e7\u00e3o cristal ao n\u00facleo radial dos sentidos da Sincroniza\u00e7\u00e3o C\u00f3smica.<\/p>\n\n\n\n<p>MOAP, V.6, H.16. UMB 351. Canal do n\u00facleo intergal\u00e1ctico do hiperplasma Alfa-Beta. Ativa os c\u00f3digos da Sincroniza\u00e7\u00e3o C\u00f3smica. O canal do n\u00facleo Alfa-Beta se coordena com as unidades de Sa\u00edda PES e Entrada PES para criar um fluxo ativo. A informa\u00e7\u00e3o subliminal e sensorial s\u00e3o recebidas (entrada), logo processadas nos campos psi antes de ser transmitidas (Sa\u00edda). O canal do n\u00facleo Alfa-Beta governa o campo de for\u00e7a do samadhi informativo e coordena o fluxo da ativa\u00e7\u00e3o da segunda esfera mental: subconsciente. Sexta porta da Quarta diagonal de Unidade.<\/p>\n\n\n\n<p>URH 1, V. 11, H. 7. UMB 373. Runa Harm\u00f4nica UR 83: O Todo da Vida Gal\u00e1ctica Extende-se no Espa\u00e7o. 3\u00aa Oitava: Oitava do Todo da Vida Gal\u00e1ctica. Runa da Fila 11. S\u00e9tima porta de Unidade do tempo vertical descendente.<\/p>\n\n\n\n<p>URH 2 (lua\/moon 13), V. 11, H. 2. UMB 108. Runa Harm\u00f4nica UR 84: O Todo da Vida Gal\u00e1ctica Torna-se Meio de Transmis\u00e3o. 3\u00aa Oitava: Oitava do Todo de Vida Gal\u00e1ctica. Runa da Fila 11. Segunda porta de Unidade do tempo vertical descendente. Corresponde a For\u00e7a Primordial (Drag\u00e3o): Primeira Porta de luz de Hunab Ku 21. Abre a Porta da luz Universal da Corte do Avatar (UMB 291) onde est\u00e1 armazenado o conhecimento c\u00f3smico. A For\u00e7a Primordial a partir do Polo Norte (Marka) como Ser C\u00f3smico, evoluindo para todas as formas de dire\u00e7\u00f5es e Manifesta\u00e7\u00f5es. Gera o hiperplasma Alfa-Alfa estimulando o samadhi profundo e sela o plasma radial Dali. Abre a Primeira porta do heptal: Porta do Trono. Neptuno Gal\u00e1ctico-K\u00e1rmico.<\/p>\n\n\n\n<p>FH (Frequencia Harm\u00f4nica), V. 17, H. 11. UMB 279. (5) Quinta magnitude do campo hipergravitacional organizador do campo de for\u00e7a lum\u00ednico Duar azul neutraliza a 6\u00aa esfera mental: consciente Subliminar\/atrator do universo paralelo. N\u00facleo energizante central (H.11 eixo equatorial). Quinta porta de Unidade do tempo radial esquerdo. Corresponde ao Descobridor (Guerrero): Quarto Assento de Poder de Hunab Ku 21 (for\u00e7a centr\u00edpeta interna): Corte da Intelig\u00eancia C\u00f3smica. A Intelig\u00eancia C\u00f3smica cria a c\u00e9lula de luz gal\u00e1ctica. A intelig\u00eancia \u00e9 a for\u00e7a centr\u00edpeta da totalidade c\u00f3smica: Intelig\u00eancia \u00e9 luz. Saturno Solar-Prof\u00e9tico.<\/p>\n\n\n\n<p>&nbsp;CP (C\u00edclo Cria\u00e7\u00e3o perp\u00e9tuo), V.19, H.2. UMB 100. (+6) Sexta magnitude do circuito coordenador superconsciente de quinta for\u00e7a do canal Beta-Alfa. Ativar e transferir os sinais internos do tempo 5D da igualdade r\u00edtmica ao n\u00facleo radial dos sentidos da Ascens\u00e3o C\u00f3smica.&nbsp;&nbsp;&nbsp;&nbsp;&nbsp;&nbsp;&nbsp;&nbsp;&nbsp;&nbsp;&nbsp;&nbsp;&nbsp;&nbsp;&nbsp;<\/p>\n\n\n\n<p class=\"has-text-align-center\"><strong>HUNAB KU 21<\/strong><\/p>\n\n\n\n<p>PH (porta heptal), V. 11, H. 20. UMB 144. Runa Harm\u00f4nica UR 91: O Todo da Arte Gal\u00e1ctica Define o Espa\u00e7o. 4\u00aa Oitava: Oitava do Todo da Arte Gal\u00e1ctica. Runa da Fila 12. Segunda porta de Unidade do tempo vertical ascendente. Corresponde a Suma Sacerdotisa (Vento): Segunda Porta de luz de Hunab Ku 21. Abre a Porta da luz Universal da Corte do Profeta (UMB 315) onde \u00e9 armazenada a profec\u00eda c\u00f3smica. A Suma Sacerdotisa ascende ao Polo Sul (Darka) como Alento C\u00f3smico e ascende como profec\u00eda. Gera o hiperplasma Beta-Beta estimulando a mediunidade do consciente desperto e sela o plasma radial Gama. Abre a Terceira porta do heptal: A Porta do Misterio. Urano Solar-Prof\u00e9tico.<\/p>\n\n\n\n<p>LT (lente do tempo), V.20, H.20. UMB 81. (7) S\u00e9tima magnitude do circuito coordenador superconsciente de quinta for\u00e7a do canal Beta-Beta. Ressonador interno sintonizando e neutralizando os sinais do tempo 5D ao n\u00facleo radial dos sentidos do Cubo C\u00f3smico. Segunda porta da Primeira diagonal de Unidade.<\/p>\n\n\n\n<p>D (KIN destino), V. 20, H. 11. UMB 90. (2) Segunda magnitude do campo hipergravitacional organizador do campo de for\u00e7a lum\u00ednico Duar azul neutraliza a 6\u00aa esfera mental: consciente Subliminar\/atrator do universo paralelo. N\u00facleo energizante central (H.11 eixo equatorial). Segunda porta de Unidade do tempo radial esquerdo. Corresponde ao Inocente (Semente): Quarta Porta de luz de Hunab Ku 21 (extremidade centr\u00edpeta). Internalizar o processo centr\u00edpeto onde as cargas el\u00e9tricas do hipern\u00eautron e a luz primaria (Dum Duar) combina para criar a for\u00e7a con- sciente Subliminar da Inteligencia C\u00f3smica que abre a Corte do Descobridor (UMB 279). Controla o poder da consci\u00eancia universal para evoluir os poderes da intelig\u00eancia c\u00f3smica. J\u00fapiter Gal\u00e1ctico-K\u00e1rmico.<\/p>\n\n\n\n<p>G (KIN guia), V.5, H.8. UMB 300. (+7) S\u00e9tima magnitude do fluxo do espa\u00e7o externo ativa o hiperplasma Alfa-Alfa da Cria\u00e7\u00e3o C\u00f3smica (na 1\u00aa dimens\u00e3o do tempo exterior). Campo de for\u00e7a do samadhi profundo (1D) ativado pelo campo de for\u00e7a t\u00e9rmico Kuali vermelho da paranormalidade superconsciente (5D). Corresponde ao Artista (Estrela UMB 300): segunda Porta de Poder do Hunab Ku 21 na Corte do Compasivo (UMB 303 Cachorro). Ativado pela linha de for\u00e7a el\u00e9trica t\u00e9rmica Dum Kuali \u201ccalor primario\u201d (UMB 405). A arte \u00e9 o inicio do amor. Venus Gal\u00e1ctico-K\u00e1rmico.<\/p>\n\n\n\n<p>AN (KIN an\u00e1logo), V. 17, H. 8. UMB 282. (-21) Vig\u00e9sima-Primeira magnitude do fluxo do espa\u00e7o externo sublima o hiperplasma Beta-Alfa da Ascens\u00e3o C\u00f3smica (na 2\u00aa dimens\u00e3o do tempo exterior). Campo de for\u00e7a do controle da mente superior (2D) sublimado pelo campo de for\u00e7a lum\u00ednico Duar azul do consciente Subliminar (6D). Corresponde ao Vidente (\u00c1guia): Quarta Fonte de Poder de Hunab Ku 21 na Corte do Descobridor (UMB 279). Ativado pela linha de for\u00e7a el\u00e9trica t\u00e9rmico-lum\u00ednica Kum \u201ccalor da luz interior\u201d (UMB 399). A vis\u00e3o \u00e9 a fonte da intelig\u00eancia. J\u00fapiter Solar-Prof\u00e9tico.<\/p>\n\n\n\n<p>AT (KIN ant\u00edpoda), V. 17, H. 14. UMB 276. (+21) Vig\u00e9sima-Primeira magnitude do fluxo do espa\u00e7o externo. Ativa o hiperplasma Beta-Beta do Cubo C\u00f3smico (na 4\u00aa dimens\u00e3o do tempo exterior). Campo de for\u00e7a da mediunidade do consciente desperto (4D). Ativado pelo campo de for\u00e7a lum\u00ednico Duar azul do consciente Subliminar (6D). Corresponde ao Mago: Quarta Porta de Poder de Hunab Ku 21 na Corte do Descobridor (UMB 279). Ativado pela linha de for\u00e7a lum\u00ednico\/t\u00e9rmica Kemio \u201cluz do calor interior\u201d (UMB 393). A atemporalidade \u00e9 o inicio da intelig\u00eancia. Maldek Solar-Prof\u00e9tico.<\/p>\n\n\n\n<p>O (KIN oculto), V. 14, H. 11. UMB 396. Unidade transformadora. Cataliza o campo de for\u00e7a lum\u00ednico Duar azul transformando a luz e calor interior (Kemio) e o calor da luz interior (Kum) dentro do N\u00facleo do Tempo Interior imprimindo a 7\u00aa esfera mental (Perceptor Holomental) e ativando a sexta esfera<\/p>\n\n\n\n<p>HK (Hunab Ku), V.19, H.7. UMB 165. (-10) D\u00e9cima magnitude do circuito PES 6\u00ba dimensional sublima a comunica\u00e7\u00e3o subliminal no campo de for\u00e7a Beta-Alfa do controle da mente superior. O controle da mente superior sublima a Quarta esfera mental: consciente Cont\u00ednuo.<\/p>\n\n\n\n<p>ST (senda do tollan), V. 11, H. 5. UMB 291. Runa Harm\u00f4nica UR 88: A Vida Gal\u00e1ctica concretizada como Consci\u00eancia C\u00f3smica. 3\u00aa Oitava: Oitava do Todo da Vida Gal\u00e1ctica. Runa da Fila 11. Quinta porta de Unidade do tempo vertical descendente. Corresponde ao Avatar (M\u00e3o). Primeiro Assento de Poder de Hunab Ku 21. Gera o hiperplasma Alfa-Beta secund\u00e1rio do Polo Norte (Marka), estimulando o samadhi informativo e sela o plasma radial Seli. Detem a Corte do Conhecimento C\u00f3smico. Abre a segunda porta do heptal: Porta do Avatar. Terra Gal\u00e1ctica-K\u00e1rmica.<\/p>\n\n\n\n<p>Sf (frequencia sendas), V. 14, H. 3. UMB 174. (+3) Terceira magnitude do fluxo do espa\u00e7o externo. Ativa o hiperplasma Beta-Alfa da Ascens\u00e3o C\u00f3smica (na 2\u00aa dimens\u00e3o do tempo exterior). Campo de for\u00e7a do controle da mente superior (2D) ativado pelo campo de for\u00e7a (7D) do Perceptor Holomental radializado radiosonicamente: Comando C\u00f3smico Descendente.<\/p>\n\n\n\n<p>O KE da Frequ\u00eancia Harm\u00f4nica e o KE da Frequ\u00eancia dos Kins no mesmo Kin 118, V. 10, H. 19. UMB 208. Runa Harm\u00f4nica UR 99: O Aperfei\u00e7oamento do Espa\u00e7o pela Uni\u00e3o da Ascens\u00e3o e Queda. 5\u00aa Oitava: Oitava da Uni\u00e3o da Ascens\u00e3o e Queda. Runa da Fila 13.<\/p>\n\n\n\n<p>O KE da Senda do Heptal, Kin 212, V. 15, H. 13. UMB 363. (-20) Vig\u00e9sima magnitude do fluxo do espa\u00e7o externo sublima o hiperplasma Beta-Beta do Cubo C\u00f3smico (na 4\u00aa dimens\u00e3o do tempo exterior). Campo de for\u00e7a da mediunidade do consciente desperto (4D) sublimado pelo campo de for\u00e7a lum\u00ednico Duar azul do consciente Subliminar (6D).<\/p>\n\n\n\n<div style=\"height:100px\" aria-hidden=\"true\" class=\"wp-block-spacer\"><\/div>\n\n\n\n<h2 class=\"wp-block-heading has-text-align-center\">INFORMA\u00c7\u00d5ES ADICIONAIS<\/h2>\n\n\n\n<p class=\"has-text-align-center\"><strong><u>INFORMA\u00c7\u00d5ES ADICIONAIS SOBRE O CUBO E HIPERCUBO:<\/u><\/strong><\/p>\n\n\n<div class=\"wp-block-image\">\n<figure class=\"aligncenter size-full is-resized\"><img loading=\"lazy\" decoding=\"async\" width=\"653\" height=\"799\" src=\"https:\/\/synchronotron.com\/wp-content\/uploads\/2025\/01\/cuabndo-o-cubo_1.png\" alt=\"\" class=\"wp-image-13259\" style=\"width:722px;height:auto\" srcset=\"https:\/\/synchronotron.com\/wp-content\/uploads\/2025\/01\/cuabndo-o-cubo_1.png 653w, https:\/\/synchronotron.com\/wp-content\/uploads\/2025\/01\/cuabndo-o-cubo_1-245x300.png 245w, https:\/\/synchronotron.com\/wp-content\/uploads\/2025\/01\/cuabndo-o-cubo_1-600x734.png 600w\" sizes=\"(max-width: 653px) 100vw, 653px\" \/><figcaption class=\"wp-element-caption\">*Codon e Runa UR s\u00e3o apenas para exemplifica\u00e7\u00e3o<\/figcaption><\/figure>\n<\/div>\n\n\n<figure class=\"wp-block-image size-full\"><img loading=\"lazy\" decoding=\"async\" width=\"827\" height=\"300\" src=\"https:\/\/synchronotron.com\/wp-content\/uploads\/2025\/01\/NS1.37.7.7_dinamica-hipercubo_plasmas_GK-1.png\" alt=\"\" class=\"wp-image-13170\" srcset=\"https:\/\/synchronotron.com\/wp-content\/uploads\/2025\/01\/NS1.37.7.7_dinamica-hipercubo_plasmas_GK-1.png 827w, https:\/\/synchronotron.com\/wp-content\/uploads\/2025\/01\/NS1.37.7.7_dinamica-hipercubo_plasmas_GK-1-300x109.png 300w, https:\/\/synchronotron.com\/wp-content\/uploads\/2025\/01\/NS1.37.7.7_dinamica-hipercubo_plasmas_GK-1-768x279.png 768w, https:\/\/synchronotron.com\/wp-content\/uploads\/2025\/01\/NS1.37.7.7_dinamica-hipercubo_plasmas_GK-1-600x218.png 600w\" sizes=\"(max-width: 827px) 100vw, 827px\" \/><\/figure>\n\n\n\n<figure class=\"wp-block-image size-full is-resized\"><img loading=\"lazy\" decoding=\"async\" width=\"602\" height=\"681\" src=\"https:\/\/synchronotron.com\/wp-content\/uploads\/2025\/01\/NS1.37.7.7_dinamica-hipercubo_circuitos_GK.png\" alt=\"\" class=\"wp-image-13087\" style=\"width:842px;height:auto\" srcset=\"https:\/\/synchronotron.com\/wp-content\/uploads\/2025\/01\/NS1.37.7.7_dinamica-hipercubo_circuitos_GK.png 602w, https:\/\/synchronotron.com\/wp-content\/uploads\/2025\/01\/NS1.37.7.7_dinamica-hipercubo_circuitos_GK-265x300.png 265w, https:\/\/synchronotron.com\/wp-content\/uploads\/2025\/01\/NS1.37.7.7_dinamica-hipercubo_circuitos_GK-600x679.png 600w\" sizes=\"(max-width: 602px) 100vw, 602px\" \/><\/figure>\n\n\n\n<figure class=\"wp-block-image size-large\"><img loading=\"lazy\" decoding=\"async\" width=\"1024\" height=\"369\" src=\"https:\/\/synchronotron.com\/wp-content\/uploads\/2025\/01\/NS1.37.7.7_dinamica-hipercubo_plasmas_SP-1024x369.png\" alt=\"\" class=\"wp-image-13171\" srcset=\"https:\/\/synchronotron.com\/wp-content\/uploads\/2025\/01\/NS1.37.7.7_dinamica-hipercubo_plasmas_SP-1024x369.png 1024w, https:\/\/synchronotron.com\/wp-content\/uploads\/2025\/01\/NS1.37.7.7_dinamica-hipercubo_plasmas_SP-300x108.png 300w, https:\/\/synchronotron.com\/wp-content\/uploads\/2025\/01\/NS1.37.7.7_dinamica-hipercubo_plasmas_SP-768x277.png 768w, https:\/\/synchronotron.com\/wp-content\/uploads\/2025\/01\/NS1.37.7.7_dinamica-hipercubo_plasmas_SP-600x216.png 600w, https:\/\/synchronotron.com\/wp-content\/uploads\/2025\/01\/NS1.37.7.7_dinamica-hipercubo_plasmas_SP.png 1043w\" sizes=\"(max-width: 1024px) 100vw, 1024px\" \/><\/figure>\n\n\n\n<figure class=\"wp-block-image size-full is-resized\"><img loading=\"lazy\" decoding=\"async\" width=\"605\" height=\"681\" src=\"https:\/\/synchronotron.com\/wp-content\/uploads\/2025\/01\/NS1.37.7.7_dinamica-hipercubo_circuitos_SP.png\" alt=\"\" class=\"wp-image-13090\" style=\"width:846px;height:auto\" srcset=\"https:\/\/synchronotron.com\/wp-content\/uploads\/2025\/01\/NS1.37.7.7_dinamica-hipercubo_circuitos_SP.png 605w, https:\/\/synchronotron.com\/wp-content\/uploads\/2025\/01\/NS1.37.7.7_dinamica-hipercubo_circuitos_SP-267x300.png 267w, https:\/\/synchronotron.com\/wp-content\/uploads\/2025\/01\/NS1.37.7.7_dinamica-hipercubo_circuitos_SP-600x675.png 600w\" sizes=\"(max-width: 605px) 100vw, 605px\" \/><\/figure>\n\n\n\n<figure class=\"wp-block-image size-full is-resized\"><img loading=\"lazy\" decoding=\"async\" width=\"1055\" height=\"815\" src=\"https:\/\/synchronotron.com\/wp-content\/uploads\/2025\/01\/ILUSTRACAO-HIPERCUBO-2.png\" alt=\"\" class=\"wp-image-13100\" style=\"width:850px;height:auto\" srcset=\"https:\/\/synchronotron.com\/wp-content\/uploads\/2025\/01\/ILUSTRACAO-HIPERCUBO-2.png 1055w, https:\/\/synchronotron.com\/wp-content\/uploads\/2025\/01\/ILUSTRACAO-HIPERCUBO-2-300x232.png 300w, https:\/\/synchronotron.com\/wp-content\/uploads\/2025\/01\/ILUSTRACAO-HIPERCUBO-2-1024x791.png 1024w, https:\/\/synchronotron.com\/wp-content\/uploads\/2025\/01\/ILUSTRACAO-HIPERCUBO-2-768x593.png 768w, https:\/\/synchronotron.com\/wp-content\/uploads\/2025\/01\/ILUSTRACAO-HIPERCUBO-2-600x464.png 600w\" sizes=\"(max-width: 1055px) 100vw, 1055px\" \/><\/figure>\n\n\n\n<figure class=\"wp-block-embed is-type-video is-provider-youtube wp-block-embed-youtube wp-embed-aspect-16-9 wp-has-aspect-ratio\"><div class=\"wp-block-embed__wrapper\">\n<iframe title=\"Anima\u00e7\u00e3o Hipercubo\" width=\"1240\" height=\"698\" src=\"https:\/\/www.youtube.com\/embed\/vsBHBI0Lcrc?feature=oembed\" frameborder=\"0\" allow=\"accelerometer; autoplay; clipboard-write; encrypted-media; gyroscope; picture-in-picture; web-share\" referrerpolicy=\"strict-origin-when-cross-origin\" allowfullscreen><\/iframe>\n<\/div><\/figure>\n\n\n\n<p><\/p>\n","protected":false},"excerpt":{"rendered":"<p>Hoje \u00e9 NS1.37.13.10, KIN 104, semente c\u00f3smica amarela. 13o KIN&nbsp; da onda encantada do(a) humano, 8a onda do Tzolkin, 4a onda do castelo branco. castelo 2 do Tzolkin 53 do caminhante do c\u00e9u magn\u00e9tico vermelho. anel 37 da tormenta r\u00edtmica azul. 13a lua deste anel, lua c\u00f3smica da tartaruga. heptal 50 branco, a humildade refina&hellip;<\/p>\n","protected":false},"author":2,"featured_media":10509,"comment_status":"open","ping_status":"open","sticky":false,"template":"","format":"standard","meta":{"_acf_changed":false,"give_campaign_id":0,"_eb_attr":"","om_disable_all_campaigns":false,"_exactmetrics_skip_tracking":false,"_exactmetrics_sitenote_active":false,"_exactmetrics_sitenote_note":"","_exactmetrics_sitenote_category":0,"_uf_show_specific_survey":0,"_uf_disable_surveys":false,"iawp_total_views":2,"footnotes":""},"categories":[48,42],"tags":[],"class_list":["post-17219","post","type-post","status-publish","format-standard","has-post-thumbnail","hentry","category-ativacoes","category-blog-aberto"],"acf":[],"yoast_head":"<!-- This site is optimized with the Yoast SEO plugin v27.5 - https:\/\/yoast.com\/product\/yoast-seo-wordpress\/ -->\n<title>Semente C\u00f3smica Amarela KIN104 (4.13) - Synchronotron<\/title>\n<meta name=\"robots\" content=\"index, follow, max-snippet:-1, max-image-preview:large, max-video-preview:-1\" \/>\n<link rel=\"canonical\" href=\"https:\/\/synchronotron.com\/index.php\/2025\/07\/06\/semente-cosmica-amarela-kin104-4-13\/\" \/>\n<meta property=\"og:locale\" content=\"pt_BR\" \/>\n<meta property=\"og:type\" content=\"article\" \/>\n<meta property=\"og:title\" content=\"Semente C\u00f3smica Amarela KIN104 (4.13) - Synchronotron\" \/>\n<meta property=\"og:description\" content=\"Hoje \u00e9 NS1.37.13.10, KIN 104, semente c\u00f3smica amarela. 13o KIN&nbsp; da onda encantada do(a) humano, 8a onda do Tzolkin, 4a onda do castelo branco. castelo 2 do Tzolkin 53 do caminhante do c\u00e9u magn\u00e9tico vermelho. anel 37 da tormenta r\u00edtmica azul. 13a lua deste anel, lua c\u00f3smica da tartaruga. heptal 50 branco, a humildade refina&hellip;\" \/>\n<meta property=\"og:url\" content=\"https:\/\/synchronotron.com\/index.php\/2025\/07\/06\/semente-cosmica-amarela-kin104-4-13\/\" \/>\n<meta property=\"og:site_name\" content=\"Synchronotron\" \/>\n<meta property=\"article:published_time\" content=\"2025-07-06T17:01:34+00:00\" \/>\n<meta property=\"article:modified_time\" content=\"2025-07-23T16:32:52+00:00\" \/>\n<meta property=\"og:image\" content=\"https:\/\/synchronotron.com\/wp-content\/uploads\/2024\/11\/image-63.png\" \/>\n\t<meta property=\"og:image:width\" content=\"1016\" \/>\n\t<meta property=\"og:image:height\" content=\"1280\" \/>\n\t<meta property=\"og:image:type\" content=\"image\/png\" \/>\n<meta name=\"author\" content=\"Gerd\" \/>\n<meta name=\"twitter:card\" content=\"summary_large_image\" \/>\n<meta name=\"twitter:label1\" content=\"Escrito por\" \/>\n\t<meta name=\"twitter:data1\" content=\"Gerd\" \/>\n\t<meta name=\"twitter:label2\" content=\"Est. tempo de leitura\" \/>\n\t<meta name=\"twitter:data2\" content=\"21 minutos\" \/>\n<script type=\"application\/ld+json\" class=\"yoast-schema-graph\">{\"@context\":\"https:\\\/\\\/schema.org\",\"@graph\":[{\"@type\":\"Article\",\"@id\":\"https:\\\/\\\/synchronotron.com\\\/index.php\\\/2025\\\/07\\\/06\\\/semente-cosmica-amarela-kin104-4-13\\\/#article\",\"isPartOf\":{\"@id\":\"https:\\\/\\\/synchronotron.com\\\/index.php\\\/2025\\\/07\\\/06\\\/semente-cosmica-amarela-kin104-4-13\\\/\"},\"author\":{\"name\":\"Gerd\",\"@id\":\"https:\\\/\\\/synchronotron.com\\\/#\\\/schema\\\/person\\\/cd4d4caede1c4a71ff2eebc7ecac6324\"},\"headline\":\"Semente C\u00f3smica Amarela KIN104 (4.13)\",\"datePublished\":\"2025-07-06T17:01:34+00:00\",\"dateModified\":\"2025-07-23T16:32:52+00:00\",\"mainEntityOfPage\":{\"@id\":\"https:\\\/\\\/synchronotron.com\\\/index.php\\\/2025\\\/07\\\/06\\\/semente-cosmica-amarela-kin104-4-13\\\/\"},\"wordCount\":4449,\"commentCount\":0,\"publisher\":{\"@id\":\"https:\\\/\\\/synchronotron.com\\\/#organization\"},\"image\":{\"@id\":\"https:\\\/\\\/synchronotron.com\\\/index.php\\\/2025\\\/07\\\/06\\\/semente-cosmica-amarela-kin104-4-13\\\/#primaryimage\"},\"thumbnailUrl\":\"https:\\\/\\\/synchronotron.com\\\/wp-content\\\/uploads\\\/2024\\\/11\\\/image-63.png\",\"articleSection\":[\"Ativa\u00e7\u00f5es\",\"Blog Aberto\"],\"inLanguage\":\"pt-BR\",\"potentialAction\":[{\"@type\":\"CommentAction\",\"name\":\"Comment\",\"target\":[\"https:\\\/\\\/synchronotron.com\\\/index.php\\\/2025\\\/07\\\/06\\\/semente-cosmica-amarela-kin104-4-13\\\/#respond\"]}]},{\"@type\":\"WebPage\",\"@id\":\"https:\\\/\\\/synchronotron.com\\\/index.php\\\/2025\\\/07\\\/06\\\/semente-cosmica-amarela-kin104-4-13\\\/\",\"url\":\"https:\\\/\\\/synchronotron.com\\\/index.php\\\/2025\\\/07\\\/06\\\/semente-cosmica-amarela-kin104-4-13\\\/\",\"name\":\"Semente C\u00f3smica Amarela KIN104 (4.13) - Synchronotron\",\"isPartOf\":{\"@id\":\"https:\\\/\\\/synchronotron.com\\\/#website\"},\"primaryImageOfPage\":{\"@id\":\"https:\\\/\\\/synchronotron.com\\\/index.php\\\/2025\\\/07\\\/06\\\/semente-cosmica-amarela-kin104-4-13\\\/#primaryimage\"},\"image\":{\"@id\":\"https:\\\/\\\/synchronotron.com\\\/index.php\\\/2025\\\/07\\\/06\\\/semente-cosmica-amarela-kin104-4-13\\\/#primaryimage\"},\"thumbnailUrl\":\"https:\\\/\\\/synchronotron.com\\\/wp-content\\\/uploads\\\/2024\\\/11\\\/image-63.png\",\"datePublished\":\"2025-07-06T17:01:34+00:00\",\"dateModified\":\"2025-07-23T16:32:52+00:00\",\"breadcrumb\":{\"@id\":\"https:\\\/\\\/synchronotron.com\\\/index.php\\\/2025\\\/07\\\/06\\\/semente-cosmica-amarela-kin104-4-13\\\/#breadcrumb\"},\"inLanguage\":\"pt-BR\",\"potentialAction\":[{\"@type\":\"ReadAction\",\"target\":[\"https:\\\/\\\/synchronotron.com\\\/index.php\\\/2025\\\/07\\\/06\\\/semente-cosmica-amarela-kin104-4-13\\\/\"]}]},{\"@type\":\"ImageObject\",\"inLanguage\":\"pt-BR\",\"@id\":\"https:\\\/\\\/synchronotron.com\\\/index.php\\\/2025\\\/07\\\/06\\\/semente-cosmica-amarela-kin104-4-13\\\/#primaryimage\",\"url\":\"https:\\\/\\\/synchronotron.com\\\/wp-content\\\/uploads\\\/2024\\\/11\\\/image-63.png\",\"contentUrl\":\"https:\\\/\\\/synchronotron.com\\\/wp-content\\\/uploads\\\/2024\\\/11\\\/image-63.png\",\"width\":1016,\"height\":1280},{\"@type\":\"BreadcrumbList\",\"@id\":\"https:\\\/\\\/synchronotron.com\\\/index.php\\\/2025\\\/07\\\/06\\\/semente-cosmica-amarela-kin104-4-13\\\/#breadcrumb\",\"itemListElement\":[{\"@type\":\"ListItem\",\"position\":1,\"name\":\"In\u00edcio\",\"item\":\"https:\\\/\\\/synchronotron.com\\\/\"},{\"@type\":\"ListItem\",\"position\":2,\"name\":\"Semente C\u00f3smica Amarela KIN104 (4.13)\"}]},{\"@type\":\"WebSite\",\"@id\":\"https:\\\/\\\/synchronotron.com\\\/#website\",\"url\":\"https:\\\/\\\/synchronotron.com\\\/\",\"name\":\"Synchronotron\",\"description\":\"\",\"publisher\":{\"@id\":\"https:\\\/\\\/synchronotron.com\\\/#organization\"},\"potentialAction\":[{\"@type\":\"SearchAction\",\"target\":{\"@type\":\"EntryPoint\",\"urlTemplate\":\"https:\\\/\\\/synchronotron.com\\\/?s={search_term_string}\"},\"query-input\":{\"@type\":\"PropertyValueSpecification\",\"valueRequired\":true,\"valueName\":\"search_term_string\"}}],\"inLanguage\":\"pt-BR\"},{\"@type\":\"Organization\",\"@id\":\"https:\\\/\\\/synchronotron.com\\\/#organization\",\"name\":\"Synchronotron\",\"url\":\"https:\\\/\\\/synchronotron.com\\\/\",\"logo\":{\"@type\":\"ImageObject\",\"inLanguage\":\"pt-BR\",\"@id\":\"https:\\\/\\\/synchronotron.com\\\/#\\\/schema\\\/logo\\\/image\\\/\",\"url\":\"https:\\\/\\\/synchronotron.com\\\/wp-content\\\/uploads\\\/2023\\\/08\\\/cropped-logo-synchonotron-1.png\",\"contentUrl\":\"https:\\\/\\\/synchronotron.com\\\/wp-content\\\/uploads\\\/2023\\\/08\\\/cropped-logo-synchonotron-1.png\",\"width\":837,\"height\":837,\"caption\":\"Synchronotron\"},\"image\":{\"@id\":\"https:\\\/\\\/synchronotron.com\\\/#\\\/schema\\\/logo\\\/image\\\/\"}},{\"@type\":\"Person\",\"@id\":\"https:\\\/\\\/synchronotron.com\\\/#\\\/schema\\\/person\\\/cd4d4caede1c4a71ff2eebc7ecac6324\",\"name\":\"Gerd\",\"image\":{\"@type\":\"ImageObject\",\"inLanguage\":\"pt-BR\",\"@id\":\"https:\\\/\\\/synchronotron.com\\\/wp-content\\\/litespeed\\\/avatar\\\/32a81aaa2f6a0e47b016bd34d35d4016.jpg?ver=1777050573\",\"url\":\"https:\\\/\\\/synchronotron.com\\\/wp-content\\\/litespeed\\\/avatar\\\/32a81aaa2f6a0e47b016bd34d35d4016.jpg?ver=1777050573\",\"contentUrl\":\"https:\\\/\\\/synchronotron.com\\\/wp-content\\\/litespeed\\\/avatar\\\/32a81aaa2f6a0e47b016bd34d35d4016.jpg?ver=1777050573\",\"caption\":\"Gerd\"},\"url\":\"https:\\\/\\\/synchronotron.com\\\/index.php\\\/author\\\/gerd\\\/\"}]}<\/script>\n<!-- \/ Yoast SEO plugin. -->","yoast_head_json":{"title":"Semente C\u00f3smica Amarela KIN104 (4.13) - Synchronotron","robots":{"index":"index","follow":"follow","max-snippet":"max-snippet:-1","max-image-preview":"max-image-preview:large","max-video-preview":"max-video-preview:-1"},"canonical":"https:\/\/synchronotron.com\/index.php\/2025\/07\/06\/semente-cosmica-amarela-kin104-4-13\/","og_locale":"pt_BR","og_type":"article","og_title":"Semente C\u00f3smica Amarela KIN104 (4.13) - Synchronotron","og_description":"Hoje \u00e9 NS1.37.13.10, KIN 104, semente c\u00f3smica amarela. 13o KIN&nbsp; da onda encantada do(a) humano, 8a onda do Tzolkin, 4a onda do castelo branco. castelo 2 do Tzolkin 53 do caminhante do c\u00e9u magn\u00e9tico vermelho. anel 37 da tormenta r\u00edtmica azul. 13a lua deste anel, lua c\u00f3smica da tartaruga. heptal 50 branco, a humildade refina&hellip;","og_url":"https:\/\/synchronotron.com\/index.php\/2025\/07\/06\/semente-cosmica-amarela-kin104-4-13\/","og_site_name":"Synchronotron","article_published_time":"2025-07-06T17:01:34+00:00","article_modified_time":"2025-07-23T16:32:52+00:00","og_image":[{"width":1016,"height":1280,"url":"https:\/\/synchronotron.com\/wp-content\/uploads\/2024\/11\/image-63.png","type":"image\/png"}],"author":"Gerd","twitter_card":"summary_large_image","twitter_misc":{"Escrito por":"Gerd","Est. tempo de leitura":"21 minutos"},"schema":{"@context":"https:\/\/schema.org","@graph":[{"@type":"Article","@id":"https:\/\/synchronotron.com\/index.php\/2025\/07\/06\/semente-cosmica-amarela-kin104-4-13\/#article","isPartOf":{"@id":"https:\/\/synchronotron.com\/index.php\/2025\/07\/06\/semente-cosmica-amarela-kin104-4-13\/"},"author":{"name":"Gerd","@id":"https:\/\/synchronotron.com\/#\/schema\/person\/cd4d4caede1c4a71ff2eebc7ecac6324"},"headline":"Semente C\u00f3smica Amarela KIN104 (4.13)","datePublished":"2025-07-06T17:01:34+00:00","dateModified":"2025-07-23T16:32:52+00:00","mainEntityOfPage":{"@id":"https:\/\/synchronotron.com\/index.php\/2025\/07\/06\/semente-cosmica-amarela-kin104-4-13\/"},"wordCount":4449,"commentCount":0,"publisher":{"@id":"https:\/\/synchronotron.com\/#organization"},"image":{"@id":"https:\/\/synchronotron.com\/index.php\/2025\/07\/06\/semente-cosmica-amarela-kin104-4-13\/#primaryimage"},"thumbnailUrl":"https:\/\/synchronotron.com\/wp-content\/uploads\/2024\/11\/image-63.png","articleSection":["Ativa\u00e7\u00f5es","Blog Aberto"],"inLanguage":"pt-BR","potentialAction":[{"@type":"CommentAction","name":"Comment","target":["https:\/\/synchronotron.com\/index.php\/2025\/07\/06\/semente-cosmica-amarela-kin104-4-13\/#respond"]}]},{"@type":"WebPage","@id":"https:\/\/synchronotron.com\/index.php\/2025\/07\/06\/semente-cosmica-amarela-kin104-4-13\/","url":"https:\/\/synchronotron.com\/index.php\/2025\/07\/06\/semente-cosmica-amarela-kin104-4-13\/","name":"Semente C\u00f3smica Amarela KIN104 (4.13) - Synchronotron","isPartOf":{"@id":"https:\/\/synchronotron.com\/#website"},"primaryImageOfPage":{"@id":"https:\/\/synchronotron.com\/index.php\/2025\/07\/06\/semente-cosmica-amarela-kin104-4-13\/#primaryimage"},"image":{"@id":"https:\/\/synchronotron.com\/index.php\/2025\/07\/06\/semente-cosmica-amarela-kin104-4-13\/#primaryimage"},"thumbnailUrl":"https:\/\/synchronotron.com\/wp-content\/uploads\/2024\/11\/image-63.png","datePublished":"2025-07-06T17:01:34+00:00","dateModified":"2025-07-23T16:32:52+00:00","breadcrumb":{"@id":"https:\/\/synchronotron.com\/index.php\/2025\/07\/06\/semente-cosmica-amarela-kin104-4-13\/#breadcrumb"},"inLanguage":"pt-BR","potentialAction":[{"@type":"ReadAction","target":["https:\/\/synchronotron.com\/index.php\/2025\/07\/06\/semente-cosmica-amarela-kin104-4-13\/"]}]},{"@type":"ImageObject","inLanguage":"pt-BR","@id":"https:\/\/synchronotron.com\/index.php\/2025\/07\/06\/semente-cosmica-amarela-kin104-4-13\/#primaryimage","url":"https:\/\/synchronotron.com\/wp-content\/uploads\/2024\/11\/image-63.png","contentUrl":"https:\/\/synchronotron.com\/wp-content\/uploads\/2024\/11\/image-63.png","width":1016,"height":1280},{"@type":"BreadcrumbList","@id":"https:\/\/synchronotron.com\/index.php\/2025\/07\/06\/semente-cosmica-amarela-kin104-4-13\/#breadcrumb","itemListElement":[{"@type":"ListItem","position":1,"name":"In\u00edcio","item":"https:\/\/synchronotron.com\/"},{"@type":"ListItem","position":2,"name":"Semente C\u00f3smica Amarela KIN104 (4.13)"}]},{"@type":"WebSite","@id":"https:\/\/synchronotron.com\/#website","url":"https:\/\/synchronotron.com\/","name":"Synchronotron","description":"","publisher":{"@id":"https:\/\/synchronotron.com\/#organization"},"potentialAction":[{"@type":"SearchAction","target":{"@type":"EntryPoint","urlTemplate":"https:\/\/synchronotron.com\/?s={search_term_string}"},"query-input":{"@type":"PropertyValueSpecification","valueRequired":true,"valueName":"search_term_string"}}],"inLanguage":"pt-BR"},{"@type":"Organization","@id":"https:\/\/synchronotron.com\/#organization","name":"Synchronotron","url":"https:\/\/synchronotron.com\/","logo":{"@type":"ImageObject","inLanguage":"pt-BR","@id":"https:\/\/synchronotron.com\/#\/schema\/logo\/image\/","url":"https:\/\/synchronotron.com\/wp-content\/uploads\/2023\/08\/cropped-logo-synchonotron-1.png","contentUrl":"https:\/\/synchronotron.com\/wp-content\/uploads\/2023\/08\/cropped-logo-synchonotron-1.png","width":837,"height":837,"caption":"Synchronotron"},"image":{"@id":"https:\/\/synchronotron.com\/#\/schema\/logo\/image\/"}},{"@type":"Person","@id":"https:\/\/synchronotron.com\/#\/schema\/person\/cd4d4caede1c4a71ff2eebc7ecac6324","name":"Gerd","image":{"@type":"ImageObject","inLanguage":"pt-BR","@id":"https:\/\/synchronotron.com\/wp-content\/litespeed\/avatar\/32a81aaa2f6a0e47b016bd34d35d4016.jpg?ver=1777050573","url":"https:\/\/synchronotron.com\/wp-content\/litespeed\/avatar\/32a81aaa2f6a0e47b016bd34d35d4016.jpg?ver=1777050573","contentUrl":"https:\/\/synchronotron.com\/wp-content\/litespeed\/avatar\/32a81aaa2f6a0e47b016bd34d35d4016.jpg?ver=1777050573","caption":"Gerd"},"url":"https:\/\/synchronotron.com\/index.php\/author\/gerd\/"}]}},"_links":{"self":[{"href":"https:\/\/synchronotron.com\/index.php\/wp-json\/wp\/v2\/posts\/17219","targetHints":{"allow":["GET"]}}],"collection":[{"href":"https:\/\/synchronotron.com\/index.php\/wp-json\/wp\/v2\/posts"}],"about":[{"href":"https:\/\/synchronotron.com\/index.php\/wp-json\/wp\/v2\/types\/post"}],"author":[{"embeddable":true,"href":"https:\/\/synchronotron.com\/index.php\/wp-json\/wp\/v2\/users\/2"}],"replies":[{"embeddable":true,"href":"https:\/\/synchronotron.com\/index.php\/wp-json\/wp\/v2\/comments?post=17219"}],"version-history":[{"count":1,"href":"https:\/\/synchronotron.com\/index.php\/wp-json\/wp\/v2\/posts\/17219\/revisions"}],"predecessor-version":[{"id":17776,"href":"https:\/\/synchronotron.com\/index.php\/wp-json\/wp\/v2\/posts\/17219\/revisions\/17776"}],"wp:featuredmedia":[{"embeddable":true,"href":"https:\/\/synchronotron.com\/index.php\/wp-json\/wp\/v2\/media\/10509"}],"wp:attachment":[{"href":"https:\/\/synchronotron.com\/index.php\/wp-json\/wp\/v2\/media?parent=17219"}],"wp:term":[{"taxonomy":"category","embeddable":true,"href":"https:\/\/synchronotron.com\/index.php\/wp-json\/wp\/v2\/categories?post=17219"},{"taxonomy":"post_tag","embeddable":true,"href":"https:\/\/synchronotron.com\/index.php\/wp-json\/wp\/v2\/tags?post=17219"}],"curies":[{"name":"wp","href":"https:\/\/api.w.org\/{rel}","templated":true}]}}