{"id":17464,"date":"2025-07-13T09:47:02","date_gmt":"2025-07-13T12:47:02","guid":{"rendered":"https:\/\/synchronotron.com\/?p=17464"},"modified":"2025-08-01T10:33:29","modified_gmt":"2025-08-01T13:33:29","slug":"mini-aula-tempo-o-tempo-no-sentido-cientifico-e-na-visao-da-lei-do-tempo","status":"publish","type":"post","link":"https:\/\/synchronotron.com\/index.php\/2025\/07\/13\/mini-aula-tempo-o-tempo-no-sentido-cientifico-e-na-visao-da-lei-do-tempo\/","title":{"rendered":"Mini Aula &#8211; Tempo: O Tempo na Vis\u00e3o Cient\u00edfica Comum vs Lei do Tempo"},"content":{"rendered":"\n<p><a id=\"_Toc203291503\"><strong>Mini Aula &#8211; Tempo: O Tempo na Vis\u00e3o Cient\u00edfica vs na Vis\u00e3o da Lei do Tempo<\/strong><\/a><\/p>\n\n\n\n<p><strong>Conteudo<\/strong><\/p>\n\n\n\n<p><a href=\"#_Toc203291504\">1&nbsp;&nbsp;&nbsp;&nbsp;&nbsp;&nbsp; Tempo na Vis\u00e3o da Ci\u00eancia Comum<\/a><\/p>\n\n\n\n<p><a href=\"#_Toc203291505\">1.1&nbsp;&nbsp;&nbsp;&nbsp;&nbsp;&nbsp;&nbsp;&nbsp; Conceito Cient\u00edfico de Tempo<\/a><\/p>\n\n\n\n<p><a href=\"#_Toc203291506\">1.2&nbsp;&nbsp;&nbsp;&nbsp;&nbsp;&nbsp;&nbsp;&nbsp; Avan\u00e7os na Compreens\u00e3o Cient\u00edfica<\/a><\/p>\n\n\n\n<p><a href=\"#_Toc203291507\">1.3&nbsp;&nbsp;&nbsp;&nbsp;&nbsp;&nbsp;&nbsp;&nbsp; A Seta do Tempo e Entropia<\/a><\/p>\n\n\n\n<p><a href=\"#_Toc203291508\">1.4&nbsp;&nbsp;&nbsp;&nbsp;&nbsp;&nbsp;&nbsp;&nbsp; Medi\u00e7\u00e3o do Tempo<\/a><\/p>\n\n\n\n<p><a href=\"#_Toc203291509\">2&nbsp;&nbsp;&nbsp;&nbsp;&nbsp;&nbsp; O Tempo na Vis\u00e3o da Lei do Tempo (Ci\u00eancia c\u00f3smica*)<\/a><\/p>\n\n\n\n<p><a href=\"#_Toc203291510\">2.1&nbsp;&nbsp;&nbsp;&nbsp;&nbsp;&nbsp;&nbsp;&nbsp; Fundamentos da Lei do Tempo<\/a><\/p>\n\n\n\n<p><a href=\"#_Toc203291511\">2.2&nbsp;&nbsp;&nbsp;&nbsp;&nbsp;&nbsp;&nbsp;&nbsp; Caracter\u00edsticas Essenciais do Tempo segundo a Lei do Tempo<\/a><\/p>\n\n\n\n<p><a href=\"#_Toc203291512\">2.3&nbsp;&nbsp;&nbsp;&nbsp;&nbsp;&nbsp;&nbsp;&nbsp; A Frequ\u00eancia 13:20 e o Calend\u00e1rio das 13 Luas<\/a><\/p>\n\n\n\n<p><a href=\"#_Toc203291513\">2.4&nbsp;&nbsp;&nbsp;&nbsp;&nbsp;&nbsp;&nbsp;&nbsp; Tempo como Ordem Sincr\u00f4nica<\/a><\/p>\n\n\n\n<p><a href=\"#_Toc203291514\">2.5&nbsp;&nbsp;&nbsp;&nbsp;&nbsp;&nbsp;&nbsp;&nbsp; Equa\u00e7\u00e3o Fundamental: T(E) = Arte<\/a><\/p>\n\n\n\n<p><a href=\"#_Toc203291515\">2.6&nbsp;&nbsp;&nbsp;&nbsp;&nbsp;&nbsp;&nbsp;&nbsp; Implica\u00e7\u00f5es para a Consci\u00eancia e a Sociedade<\/a><\/p>\n\n\n\n<p><a href=\"#_Toc203291516\">3&nbsp;&nbsp;&nbsp;&nbsp;&nbsp;&nbsp; Tempo &#8211; Vis\u00e3o Cient\u00edfica vs&nbsp; Vis\u00e3o da Lei do Tempo.<\/a><\/p>\n\n\n\n<p><a href=\"#_Toc203291517\">4&nbsp;&nbsp;&nbsp;&nbsp;&nbsp;&nbsp; Conclus\u00e3o<\/a><strong><br><\/strong><\/p>\n\n\n\n<h3 class=\"wp-block-heading\">1&nbsp;&nbsp;&nbsp;&nbsp;&nbsp;&nbsp;&nbsp;&nbsp;&nbsp; &nbsp;<a id=\"_Toc203291504\">Tempo na Vis\u00e3o da Ci\u00eancia Comum<\/a><\/h3>\n\n\n\n<h4 class=\"wp-block-heading\"><a id=\"_Toc203291505\">1.1&nbsp;&nbsp;&nbsp;&nbsp;&nbsp; Conceito Cient\u00edfico de Tempo<\/a><\/h4>\n\n\n\n<p>Na ci\u00eancia, o tempo \u00e9 uma grandeza fundamental usada para ordenar eventos, medir dura\u00e7\u00f5es e quantificar movimentos. \u00c9 uma dimens\u00e3o essencial para a f\u00edsica, relacionada intrinsecamente \u00e0 energia, espa\u00e7o e movimento. Tradicionalmente, o tempo era visto como absoluto e universal, isto \u00e9, igual para todos os observadores, conforme a mec\u00e2nica cl\u00e1ssica de Isaac Newton.<\/p>\n\n\n\n<h4 class=\"wp-block-heading\"><a id=\"_Toc203291506\">1.2&nbsp;&nbsp;&nbsp;&nbsp;&nbsp; Avan\u00e7os na Compreens\u00e3o Cient\u00edfica<\/a><\/h4>\n\n\n\n<p>Com a teoria da relatividade de Albert Einstein, essa vis\u00e3o mudou radicalmente. O tempo passou a ser entendido como relativo, dependendo do estado de movimento do observador e da gravidade. O tempo e o espa\u00e7o formam um continuum chamado espa\u00e7o-tempo, no qual o tempo \u00e9 considerado como a quarta dimens\u00e3o.<\/p>\n\n\n\n<ul class=\"wp-block-list\">\n<li><strong>Relatividade Especial:<\/strong> O tempo pode passar de forma diferente para observadores em movimento relativo.<\/li>\n\n\n\n<li><strong>Relatividade Geral:<\/strong> A gravidade influencia a passagem do tempo, fazendo com que ele corra mais lentamente pr\u00f3ximo a objetos massivos.<\/li>\n<\/ul>\n\n\n\n<h4 class=\"wp-block-heading\"><a id=\"_Toc203291507\">1.3&nbsp;&nbsp;&nbsp;&nbsp;&nbsp; A Seta do Tempo e Entropia<\/a><\/h4>\n\n\n\n<p>A f\u00edsica tamb\u00e9m introduz a ideia da &#8220;seta do tempo&#8221;, que indica a dire\u00e7\u00e3o do tempo do passado para o futuro, associada ao aumento da entropia, ou desordem, segundo a segunda lei da termodin\u00e2mica. Isso explica por que percebemos o tempo como unidirecional na vis\u00e3o da ci\u00eancia comum.<\/p>\n\n\n\n<h4 class=\"wp-block-heading\"><a id=\"_Toc203291508\">1.4&nbsp;&nbsp;&nbsp;&nbsp;&nbsp; Medi\u00e7\u00e3o do Tempo<\/a><\/h4>\n\n\n\n<p>O tempo \u00e9 medido com alta precis\u00e3o por rel\u00f3gios at\u00f4micos, que definem o padr\u00e3o internacional de tempo (Tempo At\u00f4mico Internacional &#8211; TAI). O Tempo Universal Coordenado (UTC) \u00e9 ajustado para manter a sincroniza\u00e7\u00e3o com o tempo solar m\u00e9dio da Terra.<\/p>\n\n\n\n<h3 class=\"wp-block-heading\"><a id=\"_Toc203291509\">2&nbsp;&nbsp;&nbsp;&nbsp;&nbsp;&nbsp;&nbsp;&nbsp;&nbsp; O Tempo na Vis\u00e3o da Lei do Tempo (Ci\u00eancia c\u00f3smica*)<\/a><\/h3>\n\n\n\n<p>* A palavra&nbsp;cosmo&nbsp;vem do grego antigo&nbsp;k\u00f3smos (\u03ba\u03cc\u03c3\u03bc\u03bf\u03c2), que originalmente significava&nbsp;&#8220;ordem&#8221;, &#8220;organiza\u00e7\u00e3o&#8221;&nbsp;e tamb\u00e9m&nbsp;&#8220;beleza&#8221;&nbsp;ou&nbsp;&#8220;harmonia.<\/p>\n\n\n\n<h4 class=\"wp-block-heading\"><a id=\"_Toc203291510\">2.1&nbsp;&nbsp;&nbsp;&nbsp;&nbsp; Fundamentos da Lei do Tempo<\/a><\/h4>\n\n\n\n<p>A Lei do Tempo, proposta por Jos\u00e9 Arg\u00fcelles, apresenta uma compreens\u00e3o revolucion\u00e1ria do tempo, distinta da vis\u00e3o linear e quantitativa predominante na ci\u00eancia moderna. Segundo essa perspectiva, o tempo \u00e9:<\/p>\n\n\n\n<ul class=\"wp-block-list\">\n<li><strong>Uma frequ\u00eancia universal de sincroniza\u00e7\u00e3o<\/strong>: Representada matematicamente pela raz\u00e3o 13:20, que se manifesta nos ciclos naturais e c\u00f3smicos (frequ\u00eancia 13:20).<\/li>\n\n\n\n<li><strong>A quarta dimens\u00e3o<\/strong>: O tempo \u00e9 uma dimens\u00e3o da mente, n\u00e3o da mat\u00e9ria. Ele n\u00e3o pode ser tocado ou visto, mas sentido internamente, sendo respons\u00e1vel pela ordem sincr\u00f4nica de todos os fen\u00f4menos do universo.<\/li>\n<\/ul>\n\n\n\n<h4 class=\"wp-block-heading\"><a id=\"_Toc203291511\">2.2&nbsp;&nbsp;&nbsp;&nbsp;&nbsp; Caracter\u00edsticas Essenciais do Tempo segundo a Lei do Tempo<\/a><\/h4>\n\n\n\n<ul class=\"wp-block-list\">\n<li><strong>Radialidade<\/strong>: O tempo se expande em todas as dire\u00e7\u00f5es a partir do momento presente, como a luz de uma l\u00e2mpada, conectando eventos e experi\u00eancias de forma n\u00e3o linear.<\/li>\n\n\n\n<li><strong>Ciclicidade<\/strong>: O tempo \u00e9 composto por ciclos repetitivos, como os ciclos lunares, solares e as esta\u00e7\u00f5es do ano. Essa vis\u00e3o c\u00edclica reflete uma ordem natural e harmoniosa, diferente da linearidade do tempo convencional.<\/li>\n\n\n\n<li><strong>Fractalidade<\/strong>: O tempo \u00e9 fractal, ou seja, as mesmas padr\u00f5es se repetem em diferentes escalas e dimens\u00f5es, conectando o micro ao macrocosmo.<\/li>\n\n\n\n<li><strong>Sincronicidade<\/strong>: O tempo \u00e9 a base da sincronicidade, fen\u00f4meno no qual eventos aparentemente desconexos acontecem de forma sincronicados, revelando uma ordem maior e interligada.<\/li>\n\n\n\n<li><strong>Infinidade e n\u00e3o-linearidade<\/strong>: A percep\u00e7\u00e3o do tempo pode se expandir ou contrair conforme o estado de consci\u00eancia, tornando-o infinito e n\u00e3o limitado \u00e0 sequ\u00eancia passado-presente-futuro.<\/li>\n<\/ul>\n\n\n\n<h4 class=\"wp-block-heading\"><a id=\"_Toc203291512\">2.3&nbsp;&nbsp;&nbsp;&nbsp;&nbsp; A Frequ\u00eancia 13:20 e o Calend\u00e1rio das 13 Luas<\/a><\/h4>\n\n\n\n<ul class=\"wp-block-list\">\n<li><strong>Frequ\u00eancia 13:20<\/strong>: Baseia-se em 13 tons gal\u00e1cticos e 20 selos solares, formando a matriz do tempo natural. Essa estrutura est\u00e1 presente no Tzolkin (Modelo Harm\u00f4nico).<\/li>\n\n\n\n<li><strong>Almanaque das 13 Luas<\/strong>: Prop\u00f5e 13 meses de 28 dias, totalizando 364 dias, mais um \u201cDia Fora do Tempo\u201d, em oposi\u00e7\u00e3o ao calend\u00e1rio gregoriano (frequ\u00eancia artificial 12:60) que alinha a humanidade com a frequ\u00eancia natural do tempo, promovendo maior harmonia e sincronia com os ciclos naturais.<\/li>\n<\/ul>\n\n\n\n<h4 class=\"wp-block-heading\"><a id=\"_Toc203291513\">2.4&nbsp;&nbsp;&nbsp;&nbsp;&nbsp; Tempo como Ordem Sincr\u00f4nica<\/a><\/h4>\n\n\n\n<p>A Lei do Tempo define o tempo como a <em>ordem sincr\u00f4nica<\/em> que conecta todos os eventos e seres do universo. Assim como a gravidade mant\u00e9m a coes\u00e3o do espa\u00e7o, a ordem sincr\u00f4nica mant\u00e9m a coes\u00e3o do tempo, sendo respons\u00e1vel pela interliga\u00e7\u00e3o de tudo que existe.<\/p>\n\n\n\n<h4 class=\"wp-block-heading\"><a id=\"_Toc203291514\">2.5&nbsp;&nbsp;&nbsp;&nbsp;&nbsp; Equa\u00e7\u00e3o Fundamental: T(E) = Arte<\/a><\/h4>\n\n\n\n<p>Um dos princ\u00edpios centrais da Lei do Tempo \u00e9 a equa\u00e7\u00e3o:<\/p>\n\n\n\n<p><strong>T(E) = Arte \/ &nbsp;Tempo (faturado por Energia) = Arte<\/strong><\/p>\n\n\n\n<p>Onde:<\/p>\n\n\n\n<ul class=\"wp-block-list\">\n<li><strong>T<\/strong> \u00e9 o Tempo<\/li>\n\n\n\n<li><strong>E<\/strong> \u00e9 a energia de qualquer processo ou forma manifestada<\/li>\n\n\n\n<li><strong>Arte<\/strong> \u00e9 o resultado harm\u00f4nico, a express\u00e3o m\u00e1xima da ordem universal<\/li>\n<\/ul>\n\n\n\n<p>A express\u00e3o&nbsp;T(E) = Arte,&nbsp;significa de forma simples, que o&nbsp;tempo (T) multiplicado pela energia (E)&nbsp;resulta em&nbsp;arte. Em outras palavras, essa f\u00f3rmula sugere que quando consideramos a energia usada durante um certo tempo (com a frequ\u00eancia natural do tempo 13:20), o resultado \u00e9 Arte (cria\u00e7\u00e3o ou manifesta\u00e7\u00e3o art\u00edstica perfeita sincronizada com a beleza do cosmo).<\/p>\n\n\n\n<p><strong>Sob a frequ\u00eancia natural do tempo (13:20), toda energia se manifesta de forma art\u00edstica, harm\u00f4nica e criativa (Arte), em oposi\u00e7\u00e3o ao paradigma \u201ctempo \u00e9 dinheiro\u201d da sociedade moderna.<\/strong><\/p>\n\n\n\n<h4 class=\"wp-block-heading\"><a id=\"_Toc203291515\">2.6&nbsp;&nbsp;&nbsp;&nbsp;&nbsp; Implica\u00e7\u00f5es para a Consci\u00eancia e a Sociedade<\/a><\/h4>\n\n\n\n<ul class=\"wp-block-list\">\n<li><strong>Mudan\u00e7a de paradigma<\/strong>: Adotar a frequ\u00eancia natural do tempo implica uma transforma\u00e7\u00e3o na percep\u00e7\u00e3o, na organiza\u00e7\u00e3o social e na rela\u00e7\u00e3o com a natureza.<\/li>\n\n\n\n<li><strong>Despertar da consci\u00eancia<\/strong>: A Lei do Tempo prop\u00f5e que a humanidade pode acessar n\u00edveis superiores de consci\u00eancia e sincronicidade ao alinhar-se com o tempo natural, promovendo paz, equil\u00edbrio e criatividade coletiva.<\/li>\n<\/ul>\n\n\n\n<p>Em resumo, a vis\u00e3o da Lei do Tempo oferece um modelo hol\u00edstico e matem\u00e1tico do tempo, fundamentado na ordem sincr\u00f4nica, na frequ\u00eancia 13:20 e na experi\u00eancia interna da mente, propondo uma nova forma de viver e perceber a realidade.<\/p>\n\n\n\n<h3 class=\"wp-block-heading\"><a id=\"_Toc203291516\">3&nbsp;&nbsp;&nbsp;&nbsp;&nbsp;&nbsp;&nbsp;&nbsp;&nbsp; Tempo &#8211; Vis\u00e3o Cient\u00edfica Comum vs &nbsp;Vis\u00e3o da Lei do Tempo<\/a><\/h3>\n\n\n\n<figure class=\"wp-block-table\"><table class=\"has-fixed-layout\"><thead><tr><td><strong>Aspecto<\/strong><\/td><td><strong>Vis\u00e3o Cient\u00edfica<\/strong> <strong>Comum<\/strong><\/td><td><strong>Vis\u00e3o da Lei do Tempo<\/strong><\/td><\/tr><\/thead><tbody><tr><td>Natureza do Tempo<\/td><td>Grandeza f\u00edsica, dimens\u00e3o do espa\u00e7o-tempo.<\/td><td>Frequ\u00eancia, ordem sincr\u00f4nica, dimens\u00e3o da mente.<\/td><\/tr><tr><td>Dire\u00e7\u00e3o do Tempo<\/td><td>Linear, unidirecional (seta do tempo).<\/td><td>C\u00edclico, fractal, radial.<\/td><\/tr><tr><td>Medi\u00e7\u00e3o<\/td><td>Rel\u00f3gios at\u00f4micos, padr\u00e3o internacional.<\/td><td>Frequ\u00eancia 13:20.<\/td><\/tr><tr><td>Percep\u00e7\u00e3o Humana<\/td><td>Relativa, influenciada por movimento e gravidade.<\/td><td>Sincr\u00f4nica, baseada na consci\u00eancia e mente.<\/td><\/tr><tr><td>Rela\u00e7\u00e3o com o Universo<\/td><td>Espa\u00e7o e tempo formam o continuum espa\u00e7o-tempo.<\/td><td>Tempo como frequ\u00eancia que conecta tudo.<\/td><\/tr><\/tbody><\/table><\/figure>\n\n\n\n<h3 class=\"wp-block-heading\"><a id=\"_Toc203291517\">4&nbsp;&nbsp;&nbsp;&nbsp;&nbsp;&nbsp;&nbsp;&nbsp;&nbsp; Conclus\u00e3o<\/a><\/h3>\n\n\n\n<p>O tempo \u00e9 um conceito multifacetado que pode ser compreendido de formas distintas, dependendo do enfoque. <\/p>\n\n\n\n<p>A ci\u00eancia moderna o define como uma dimens\u00e3o f\u00edsica relativa, enquanto a Lei do Tempo prop\u00f5e uma vis\u00e3o hol\u00edstica, onde o tempo \u00e9 uma frequ\u00eancia que rege a sincronicidade e a conex\u00e3o universal.<\/p>\n\n\n\n<p>In Lak\u00b4ech<\/p>\n","protected":false},"excerpt":{"rendered":"<p>Mini Aula &#8211; Tempo: O Tempo na Vis\u00e3o Cient\u00edfica vs na Vis\u00e3o da Lei do Tempo Conteudo 1&nbsp;&nbsp;&nbsp;&nbsp;&nbsp;&nbsp; Tempo na Vis\u00e3o da Ci\u00eancia Comum 1.1&nbsp;&nbsp;&nbsp;&nbsp;&nbsp;&nbsp;&nbsp;&nbsp; Conceito Cient\u00edfico de Tempo 1.2&nbsp;&nbsp;&nbsp;&nbsp;&nbsp;&nbsp;&nbsp;&nbsp; Avan\u00e7os na Compreens\u00e3o Cient\u00edfica 1.3&nbsp;&nbsp;&nbsp;&nbsp;&nbsp;&nbsp;&nbsp;&nbsp; A Seta do Tempo e Entropia 1.4&nbsp;&nbsp;&nbsp;&nbsp;&nbsp;&nbsp;&nbsp;&nbsp; Medi\u00e7\u00e3o do Tempo 2&nbsp;&nbsp;&nbsp;&nbsp;&nbsp;&nbsp; O Tempo na Vis\u00e3o da Lei do Tempo (Ci\u00eancia&hellip;<\/p>\n","protected":false},"author":2,"featured_media":17465,"comment_status":"open","ping_status":"open","sticky":false,"template":"","format":"standard","meta":{"_acf_changed":false,"give_campaign_id":0,"_eb_attr":"","om_disable_all_campaigns":false,"_exactmetrics_skip_tracking":false,"_exactmetrics_sitenote_active":false,"_exactmetrics_sitenote_note":"","_exactmetrics_sitenote_category":0,"_uf_show_specific_survey":0,"_uf_disable_surveys":false,"iawp_total_views":15,"footnotes":""},"categories":[69,49],"tags":[],"class_list":["post-17464","post","type-post","status-publish","format-standard","has-post-thumbnail","hentry","category-mini-aulas-lei-do-tempo","category-novidades"],"acf":[],"yoast_head":"<!-- This site is optimized with the Yoast SEO plugin v27.5 - https:\/\/yoast.com\/product\/yoast-seo-wordpress\/ -->\n<title>Mini Aula - Tempo: O Tempo na Vis\u00e3o Cient\u00edfica Comum vs Lei do Tempo - Synchronotron<\/title>\n<meta name=\"robots\" content=\"index, follow, max-snippet:-1, max-image-preview:large, max-video-preview:-1\" \/>\n<link rel=\"canonical\" href=\"https:\/\/synchronotron.com\/index.php\/2025\/07\/13\/mini-aula-tempo-o-tempo-no-sentido-cientifico-e-na-visao-da-lei-do-tempo\/\" \/>\n<meta property=\"og:locale\" content=\"pt_BR\" \/>\n<meta property=\"og:type\" content=\"article\" \/>\n<meta property=\"og:title\" content=\"Mini Aula - Tempo: O Tempo na Vis\u00e3o Cient\u00edfica Comum vs Lei do Tempo - Synchronotron\" \/>\n<meta property=\"og:description\" content=\"Mini Aula &#8211; Tempo: O Tempo na Vis\u00e3o Cient\u00edfica vs na Vis\u00e3o da Lei do Tempo Conteudo 1&nbsp;&nbsp;&nbsp;&nbsp;&nbsp;&nbsp; Tempo na Vis\u00e3o da Ci\u00eancia Comum 1.1&nbsp;&nbsp;&nbsp;&nbsp;&nbsp;&nbsp;&nbsp;&nbsp; Conceito Cient\u00edfico de Tempo 1.2&nbsp;&nbsp;&nbsp;&nbsp;&nbsp;&nbsp;&nbsp;&nbsp; Avan\u00e7os na Compreens\u00e3o Cient\u00edfica 1.3&nbsp;&nbsp;&nbsp;&nbsp;&nbsp;&nbsp;&nbsp;&nbsp; A Seta do Tempo e Entropia 1.4&nbsp;&nbsp;&nbsp;&nbsp;&nbsp;&nbsp;&nbsp;&nbsp; Medi\u00e7\u00e3o do Tempo 2&nbsp;&nbsp;&nbsp;&nbsp;&nbsp;&nbsp; O Tempo na Vis\u00e3o da Lei do Tempo (Ci\u00eancia&hellip;\" \/>\n<meta property=\"og:url\" content=\"https:\/\/synchronotron.com\/index.php\/2025\/07\/13\/mini-aula-tempo-o-tempo-no-sentido-cientifico-e-na-visao-da-lei-do-tempo\/\" \/>\n<meta property=\"og:site_name\" content=\"Synchronotron\" \/>\n<meta property=\"article:published_time\" content=\"2025-07-13T12:47:02+00:00\" \/>\n<meta property=\"article:modified_time\" content=\"2025-08-01T13:33:29+00:00\" \/>\n<meta property=\"og:image\" content=\"https:\/\/synchronotron.com\/wp-content\/uploads\/2025\/07\/250713_imagem-mini-aula-1.png\" \/>\n\t<meta property=\"og:image:width\" content=\"488\" \/>\n\t<meta property=\"og:image:height\" content=\"373\" \/>\n\t<meta property=\"og:image:type\" content=\"image\/png\" \/>\n<meta name=\"author\" content=\"Gerd\" \/>\n<meta name=\"twitter:card\" content=\"summary_large_image\" \/>\n<meta name=\"twitter:label1\" content=\"Escrito por\" \/>\n\t<meta name=\"twitter:data1\" content=\"Gerd\" \/>\n\t<meta name=\"twitter:label2\" content=\"Est. tempo de leitura\" \/>\n\t<meta name=\"twitter:data2\" content=\"7 minutos\" \/>\n<script type=\"application\/ld+json\" class=\"yoast-schema-graph\">{\"@context\":\"https:\\\/\\\/schema.org\",\"@graph\":[{\"@type\":\"Article\",\"@id\":\"https:\\\/\\\/synchronotron.com\\\/index.php\\\/2025\\\/07\\\/13\\\/mini-aula-tempo-o-tempo-no-sentido-cientifico-e-na-visao-da-lei-do-tempo\\\/#article\",\"isPartOf\":{\"@id\":\"https:\\\/\\\/synchronotron.com\\\/index.php\\\/2025\\\/07\\\/13\\\/mini-aula-tempo-o-tempo-no-sentido-cientifico-e-na-visao-da-lei-do-tempo\\\/\"},\"author\":{\"name\":\"Gerd\",\"@id\":\"https:\\\/\\\/synchronotron.com\\\/#\\\/schema\\\/person\\\/cd4d4caede1c4a71ff2eebc7ecac6324\"},\"headline\":\"Mini Aula &#8211; Tempo: O Tempo na Vis\u00e3o Cient\u00edfica Comum vs Lei do Tempo\",\"datePublished\":\"2025-07-13T12:47:02+00:00\",\"dateModified\":\"2025-08-01T13:33:29+00:00\",\"mainEntityOfPage\":{\"@id\":\"https:\\\/\\\/synchronotron.com\\\/index.php\\\/2025\\\/07\\\/13\\\/mini-aula-tempo-o-tempo-no-sentido-cientifico-e-na-visao-da-lei-do-tempo\\\/\"},\"wordCount\":1478,\"commentCount\":0,\"publisher\":{\"@id\":\"https:\\\/\\\/synchronotron.com\\\/#organization\"},\"image\":{\"@id\":\"https:\\\/\\\/synchronotron.com\\\/index.php\\\/2025\\\/07\\\/13\\\/mini-aula-tempo-o-tempo-no-sentido-cientifico-e-na-visao-da-lei-do-tempo\\\/#primaryimage\"},\"thumbnailUrl\":\"https:\\\/\\\/synchronotron.com\\\/wp-content\\\/uploads\\\/2025\\\/07\\\/250713_imagem-mini-aula-1.png\",\"articleSection\":[\"Mini Aulas da Lei do Tempo\",\"Novidades\"],\"inLanguage\":\"pt-BR\",\"potentialAction\":[{\"@type\":\"CommentAction\",\"name\":\"Comment\",\"target\":[\"https:\\\/\\\/synchronotron.com\\\/index.php\\\/2025\\\/07\\\/13\\\/mini-aula-tempo-o-tempo-no-sentido-cientifico-e-na-visao-da-lei-do-tempo\\\/#respond\"]}]},{\"@type\":\"WebPage\",\"@id\":\"https:\\\/\\\/synchronotron.com\\\/index.php\\\/2025\\\/07\\\/13\\\/mini-aula-tempo-o-tempo-no-sentido-cientifico-e-na-visao-da-lei-do-tempo\\\/\",\"url\":\"https:\\\/\\\/synchronotron.com\\\/index.php\\\/2025\\\/07\\\/13\\\/mini-aula-tempo-o-tempo-no-sentido-cientifico-e-na-visao-da-lei-do-tempo\\\/\",\"name\":\"Mini Aula - Tempo: O Tempo na Vis\u00e3o Cient\u00edfica Comum vs Lei do Tempo - Synchronotron\",\"isPartOf\":{\"@id\":\"https:\\\/\\\/synchronotron.com\\\/#website\"},\"primaryImageOfPage\":{\"@id\":\"https:\\\/\\\/synchronotron.com\\\/index.php\\\/2025\\\/07\\\/13\\\/mini-aula-tempo-o-tempo-no-sentido-cientifico-e-na-visao-da-lei-do-tempo\\\/#primaryimage\"},\"image\":{\"@id\":\"https:\\\/\\\/synchronotron.com\\\/index.php\\\/2025\\\/07\\\/13\\\/mini-aula-tempo-o-tempo-no-sentido-cientifico-e-na-visao-da-lei-do-tempo\\\/#primaryimage\"},\"thumbnailUrl\":\"https:\\\/\\\/synchronotron.com\\\/wp-content\\\/uploads\\\/2025\\\/07\\\/250713_imagem-mini-aula-1.png\",\"datePublished\":\"2025-07-13T12:47:02+00:00\",\"dateModified\":\"2025-08-01T13:33:29+00:00\",\"breadcrumb\":{\"@id\":\"https:\\\/\\\/synchronotron.com\\\/index.php\\\/2025\\\/07\\\/13\\\/mini-aula-tempo-o-tempo-no-sentido-cientifico-e-na-visao-da-lei-do-tempo\\\/#breadcrumb\"},\"inLanguage\":\"pt-BR\",\"potentialAction\":[{\"@type\":\"ReadAction\",\"target\":[\"https:\\\/\\\/synchronotron.com\\\/index.php\\\/2025\\\/07\\\/13\\\/mini-aula-tempo-o-tempo-no-sentido-cientifico-e-na-visao-da-lei-do-tempo\\\/\"]}]},{\"@type\":\"ImageObject\",\"inLanguage\":\"pt-BR\",\"@id\":\"https:\\\/\\\/synchronotron.com\\\/index.php\\\/2025\\\/07\\\/13\\\/mini-aula-tempo-o-tempo-no-sentido-cientifico-e-na-visao-da-lei-do-tempo\\\/#primaryimage\",\"url\":\"https:\\\/\\\/synchronotron.com\\\/wp-content\\\/uploads\\\/2025\\\/07\\\/250713_imagem-mini-aula-1.png\",\"contentUrl\":\"https:\\\/\\\/synchronotron.com\\\/wp-content\\\/uploads\\\/2025\\\/07\\\/250713_imagem-mini-aula-1.png\",\"width\":488,\"height\":373},{\"@type\":\"BreadcrumbList\",\"@id\":\"https:\\\/\\\/synchronotron.com\\\/index.php\\\/2025\\\/07\\\/13\\\/mini-aula-tempo-o-tempo-no-sentido-cientifico-e-na-visao-da-lei-do-tempo\\\/#breadcrumb\",\"itemListElement\":[{\"@type\":\"ListItem\",\"position\":1,\"name\":\"In\u00edcio\",\"item\":\"https:\\\/\\\/synchronotron.com\\\/\"},{\"@type\":\"ListItem\",\"position\":2,\"name\":\"Mini Aula &#8211; Tempo: O Tempo na Vis\u00e3o Cient\u00edfica Comum vs Lei do Tempo\"}]},{\"@type\":\"WebSite\",\"@id\":\"https:\\\/\\\/synchronotron.com\\\/#website\",\"url\":\"https:\\\/\\\/synchronotron.com\\\/\",\"name\":\"Synchronotron\",\"description\":\"\",\"publisher\":{\"@id\":\"https:\\\/\\\/synchronotron.com\\\/#organization\"},\"potentialAction\":[{\"@type\":\"SearchAction\",\"target\":{\"@type\":\"EntryPoint\",\"urlTemplate\":\"https:\\\/\\\/synchronotron.com\\\/?s={search_term_string}\"},\"query-input\":{\"@type\":\"PropertyValueSpecification\",\"valueRequired\":true,\"valueName\":\"search_term_string\"}}],\"inLanguage\":\"pt-BR\"},{\"@type\":\"Organization\",\"@id\":\"https:\\\/\\\/synchronotron.com\\\/#organization\",\"name\":\"Synchronotron\",\"url\":\"https:\\\/\\\/synchronotron.com\\\/\",\"logo\":{\"@type\":\"ImageObject\",\"inLanguage\":\"pt-BR\",\"@id\":\"https:\\\/\\\/synchronotron.com\\\/#\\\/schema\\\/logo\\\/image\\\/\",\"url\":\"https:\\\/\\\/synchronotron.com\\\/wp-content\\\/uploads\\\/2023\\\/08\\\/cropped-logo-synchonotron-1.png\",\"contentUrl\":\"https:\\\/\\\/synchronotron.com\\\/wp-content\\\/uploads\\\/2023\\\/08\\\/cropped-logo-synchonotron-1.png\",\"width\":837,\"height\":837,\"caption\":\"Synchronotron\"},\"image\":{\"@id\":\"https:\\\/\\\/synchronotron.com\\\/#\\\/schema\\\/logo\\\/image\\\/\"}},{\"@type\":\"Person\",\"@id\":\"https:\\\/\\\/synchronotron.com\\\/#\\\/schema\\\/person\\\/cd4d4caede1c4a71ff2eebc7ecac6324\",\"name\":\"Gerd\",\"image\":{\"@type\":\"ImageObject\",\"inLanguage\":\"pt-BR\",\"@id\":\"https:\\\/\\\/synchronotron.com\\\/wp-content\\\/litespeed\\\/avatar\\\/32a81aaa2f6a0e47b016bd34d35d4016.jpg?ver=1777050573\",\"url\":\"https:\\\/\\\/synchronotron.com\\\/wp-content\\\/litespeed\\\/avatar\\\/32a81aaa2f6a0e47b016bd34d35d4016.jpg?ver=1777050573\",\"contentUrl\":\"https:\\\/\\\/synchronotron.com\\\/wp-content\\\/litespeed\\\/avatar\\\/32a81aaa2f6a0e47b016bd34d35d4016.jpg?ver=1777050573\",\"caption\":\"Gerd\"},\"url\":\"https:\\\/\\\/synchronotron.com\\\/index.php\\\/author\\\/gerd\\\/\"}]}<\/script>\n<!-- \/ Yoast SEO plugin. -->","yoast_head_json":{"title":"Mini Aula - Tempo: O Tempo na Vis\u00e3o Cient\u00edfica Comum vs Lei do Tempo - Synchronotron","robots":{"index":"index","follow":"follow","max-snippet":"max-snippet:-1","max-image-preview":"max-image-preview:large","max-video-preview":"max-video-preview:-1"},"canonical":"https:\/\/synchronotron.com\/index.php\/2025\/07\/13\/mini-aula-tempo-o-tempo-no-sentido-cientifico-e-na-visao-da-lei-do-tempo\/","og_locale":"pt_BR","og_type":"article","og_title":"Mini Aula - Tempo: O Tempo na Vis\u00e3o Cient\u00edfica Comum vs Lei do Tempo - Synchronotron","og_description":"Mini Aula &#8211; Tempo: O Tempo na Vis\u00e3o Cient\u00edfica vs na Vis\u00e3o da Lei do Tempo Conteudo 1&nbsp;&nbsp;&nbsp;&nbsp;&nbsp;&nbsp; Tempo na Vis\u00e3o da Ci\u00eancia Comum 1.1&nbsp;&nbsp;&nbsp;&nbsp;&nbsp;&nbsp;&nbsp;&nbsp; Conceito Cient\u00edfico de Tempo 1.2&nbsp;&nbsp;&nbsp;&nbsp;&nbsp;&nbsp;&nbsp;&nbsp; Avan\u00e7os na Compreens\u00e3o Cient\u00edfica 1.3&nbsp;&nbsp;&nbsp;&nbsp;&nbsp;&nbsp;&nbsp;&nbsp; A Seta do Tempo e Entropia 1.4&nbsp;&nbsp;&nbsp;&nbsp;&nbsp;&nbsp;&nbsp;&nbsp; Medi\u00e7\u00e3o do Tempo 2&nbsp;&nbsp;&nbsp;&nbsp;&nbsp;&nbsp; O Tempo na Vis\u00e3o da Lei do Tempo (Ci\u00eancia&hellip;","og_url":"https:\/\/synchronotron.com\/index.php\/2025\/07\/13\/mini-aula-tempo-o-tempo-no-sentido-cientifico-e-na-visao-da-lei-do-tempo\/","og_site_name":"Synchronotron","article_published_time":"2025-07-13T12:47:02+00:00","article_modified_time":"2025-08-01T13:33:29+00:00","og_image":[{"width":488,"height":373,"url":"https:\/\/synchronotron.com\/wp-content\/uploads\/2025\/07\/250713_imagem-mini-aula-1.png","type":"image\/png"}],"author":"Gerd","twitter_card":"summary_large_image","twitter_misc":{"Escrito por":"Gerd","Est. tempo de leitura":"7 minutos"},"schema":{"@context":"https:\/\/schema.org","@graph":[{"@type":"Article","@id":"https:\/\/synchronotron.com\/index.php\/2025\/07\/13\/mini-aula-tempo-o-tempo-no-sentido-cientifico-e-na-visao-da-lei-do-tempo\/#article","isPartOf":{"@id":"https:\/\/synchronotron.com\/index.php\/2025\/07\/13\/mini-aula-tempo-o-tempo-no-sentido-cientifico-e-na-visao-da-lei-do-tempo\/"},"author":{"name":"Gerd","@id":"https:\/\/synchronotron.com\/#\/schema\/person\/cd4d4caede1c4a71ff2eebc7ecac6324"},"headline":"Mini Aula &#8211; Tempo: O Tempo na Vis\u00e3o Cient\u00edfica Comum vs Lei do Tempo","datePublished":"2025-07-13T12:47:02+00:00","dateModified":"2025-08-01T13:33:29+00:00","mainEntityOfPage":{"@id":"https:\/\/synchronotron.com\/index.php\/2025\/07\/13\/mini-aula-tempo-o-tempo-no-sentido-cientifico-e-na-visao-da-lei-do-tempo\/"},"wordCount":1478,"commentCount":0,"publisher":{"@id":"https:\/\/synchronotron.com\/#organization"},"image":{"@id":"https:\/\/synchronotron.com\/index.php\/2025\/07\/13\/mini-aula-tempo-o-tempo-no-sentido-cientifico-e-na-visao-da-lei-do-tempo\/#primaryimage"},"thumbnailUrl":"https:\/\/synchronotron.com\/wp-content\/uploads\/2025\/07\/250713_imagem-mini-aula-1.png","articleSection":["Mini Aulas da Lei do Tempo","Novidades"],"inLanguage":"pt-BR","potentialAction":[{"@type":"CommentAction","name":"Comment","target":["https:\/\/synchronotron.com\/index.php\/2025\/07\/13\/mini-aula-tempo-o-tempo-no-sentido-cientifico-e-na-visao-da-lei-do-tempo\/#respond"]}]},{"@type":"WebPage","@id":"https:\/\/synchronotron.com\/index.php\/2025\/07\/13\/mini-aula-tempo-o-tempo-no-sentido-cientifico-e-na-visao-da-lei-do-tempo\/","url":"https:\/\/synchronotron.com\/index.php\/2025\/07\/13\/mini-aula-tempo-o-tempo-no-sentido-cientifico-e-na-visao-da-lei-do-tempo\/","name":"Mini Aula - Tempo: O Tempo na Vis\u00e3o Cient\u00edfica Comum vs Lei do Tempo - Synchronotron","isPartOf":{"@id":"https:\/\/synchronotron.com\/#website"},"primaryImageOfPage":{"@id":"https:\/\/synchronotron.com\/index.php\/2025\/07\/13\/mini-aula-tempo-o-tempo-no-sentido-cientifico-e-na-visao-da-lei-do-tempo\/#primaryimage"},"image":{"@id":"https:\/\/synchronotron.com\/index.php\/2025\/07\/13\/mini-aula-tempo-o-tempo-no-sentido-cientifico-e-na-visao-da-lei-do-tempo\/#primaryimage"},"thumbnailUrl":"https:\/\/synchronotron.com\/wp-content\/uploads\/2025\/07\/250713_imagem-mini-aula-1.png","datePublished":"2025-07-13T12:47:02+00:00","dateModified":"2025-08-01T13:33:29+00:00","breadcrumb":{"@id":"https:\/\/synchronotron.com\/index.php\/2025\/07\/13\/mini-aula-tempo-o-tempo-no-sentido-cientifico-e-na-visao-da-lei-do-tempo\/#breadcrumb"},"inLanguage":"pt-BR","potentialAction":[{"@type":"ReadAction","target":["https:\/\/synchronotron.com\/index.php\/2025\/07\/13\/mini-aula-tempo-o-tempo-no-sentido-cientifico-e-na-visao-da-lei-do-tempo\/"]}]},{"@type":"ImageObject","inLanguage":"pt-BR","@id":"https:\/\/synchronotron.com\/index.php\/2025\/07\/13\/mini-aula-tempo-o-tempo-no-sentido-cientifico-e-na-visao-da-lei-do-tempo\/#primaryimage","url":"https:\/\/synchronotron.com\/wp-content\/uploads\/2025\/07\/250713_imagem-mini-aula-1.png","contentUrl":"https:\/\/synchronotron.com\/wp-content\/uploads\/2025\/07\/250713_imagem-mini-aula-1.png","width":488,"height":373},{"@type":"BreadcrumbList","@id":"https:\/\/synchronotron.com\/index.php\/2025\/07\/13\/mini-aula-tempo-o-tempo-no-sentido-cientifico-e-na-visao-da-lei-do-tempo\/#breadcrumb","itemListElement":[{"@type":"ListItem","position":1,"name":"In\u00edcio","item":"https:\/\/synchronotron.com\/"},{"@type":"ListItem","position":2,"name":"Mini Aula &#8211; Tempo: O Tempo na Vis\u00e3o Cient\u00edfica Comum vs Lei do Tempo"}]},{"@type":"WebSite","@id":"https:\/\/synchronotron.com\/#website","url":"https:\/\/synchronotron.com\/","name":"Synchronotron","description":"","publisher":{"@id":"https:\/\/synchronotron.com\/#organization"},"potentialAction":[{"@type":"SearchAction","target":{"@type":"EntryPoint","urlTemplate":"https:\/\/synchronotron.com\/?s={search_term_string}"},"query-input":{"@type":"PropertyValueSpecification","valueRequired":true,"valueName":"search_term_string"}}],"inLanguage":"pt-BR"},{"@type":"Organization","@id":"https:\/\/synchronotron.com\/#organization","name":"Synchronotron","url":"https:\/\/synchronotron.com\/","logo":{"@type":"ImageObject","inLanguage":"pt-BR","@id":"https:\/\/synchronotron.com\/#\/schema\/logo\/image\/","url":"https:\/\/synchronotron.com\/wp-content\/uploads\/2023\/08\/cropped-logo-synchonotron-1.png","contentUrl":"https:\/\/synchronotron.com\/wp-content\/uploads\/2023\/08\/cropped-logo-synchonotron-1.png","width":837,"height":837,"caption":"Synchronotron"},"image":{"@id":"https:\/\/synchronotron.com\/#\/schema\/logo\/image\/"}},{"@type":"Person","@id":"https:\/\/synchronotron.com\/#\/schema\/person\/cd4d4caede1c4a71ff2eebc7ecac6324","name":"Gerd","image":{"@type":"ImageObject","inLanguage":"pt-BR","@id":"https:\/\/synchronotron.com\/wp-content\/litespeed\/avatar\/32a81aaa2f6a0e47b016bd34d35d4016.jpg?ver=1777050573","url":"https:\/\/synchronotron.com\/wp-content\/litespeed\/avatar\/32a81aaa2f6a0e47b016bd34d35d4016.jpg?ver=1777050573","contentUrl":"https:\/\/synchronotron.com\/wp-content\/litespeed\/avatar\/32a81aaa2f6a0e47b016bd34d35d4016.jpg?ver=1777050573","caption":"Gerd"},"url":"https:\/\/synchronotron.com\/index.php\/author\/gerd\/"}]}},"_links":{"self":[{"href":"https:\/\/synchronotron.com\/index.php\/wp-json\/wp\/v2\/posts\/17464","targetHints":{"allow":["GET"]}}],"collection":[{"href":"https:\/\/synchronotron.com\/index.php\/wp-json\/wp\/v2\/posts"}],"about":[{"href":"https:\/\/synchronotron.com\/index.php\/wp-json\/wp\/v2\/types\/post"}],"author":[{"embeddable":true,"href":"https:\/\/synchronotron.com\/index.php\/wp-json\/wp\/v2\/users\/2"}],"replies":[{"embeddable":true,"href":"https:\/\/synchronotron.com\/index.php\/wp-json\/wp\/v2\/comments?post=17464"}],"version-history":[{"count":1,"href":"https:\/\/synchronotron.com\/index.php\/wp-json\/wp\/v2\/posts\/17464\/revisions"}],"predecessor-version":[{"id":17965,"href":"https:\/\/synchronotron.com\/index.php\/wp-json\/wp\/v2\/posts\/17464\/revisions\/17965"}],"wp:featuredmedia":[{"embeddable":true,"href":"https:\/\/synchronotron.com\/index.php\/wp-json\/wp\/v2\/media\/17465"}],"wp:attachment":[{"href":"https:\/\/synchronotron.com\/index.php\/wp-json\/wp\/v2\/media?parent=17464"}],"wp:term":[{"taxonomy":"category","embeddable":true,"href":"https:\/\/synchronotron.com\/index.php\/wp-json\/wp\/v2\/categories?post=17464"},{"taxonomy":"post_tag","embeddable":true,"href":"https:\/\/synchronotron.com\/index.php\/wp-json\/wp\/v2\/tags?post=17464"}],"curies":[{"name":"wp","href":"https:\/\/api.w.org\/{rel}","templated":true}]}}