{"id":17871,"date":"2025-07-30T11:34:06","date_gmt":"2025-07-30T14:34:06","guid":{"rendered":"https:\/\/synchronotron.com\/?p=17871"},"modified":"2025-07-30T11:34:09","modified_gmt":"2025-07-30T14:34:09","slug":"estrela-espectral-amarela-kin128-8-11","status":"publish","type":"post","link":"https:\/\/synchronotron.com\/index.php\/2025\/07\/30\/estrela-espectral-amarela-kin128-8-11\/","title":{"rendered":"Estrela Espectral Amarela KIN128 (8.11)"},"content":{"rendered":"\n<div class=\"wp-block-cover aligncenter is-light\"><img fetchpriority=\"high\" decoding=\"async\" width=\"1034\" height=\"1280\" class=\"wp-block-cover__image-background wp-image-12630 size-full\" alt=\"\" src=\"https:\/\/synchronotron.com\/wp-content\/uploads\/2025\/01\/artista.jpg\" data-object-fit=\"cover\" srcset=\"https:\/\/synchronotron.com\/wp-content\/uploads\/2025\/01\/artista.jpg 1034w, https:\/\/synchronotron.com\/wp-content\/uploads\/2025\/01\/artista-242x300.jpg 242w, https:\/\/synchronotron.com\/wp-content\/uploads\/2025\/01\/artista-827x1024.jpg 827w, https:\/\/synchronotron.com\/wp-content\/uploads\/2025\/01\/artista-768x951.jpg 768w, https:\/\/synchronotron.com\/wp-content\/uploads\/2025\/01\/artista-600x743.jpg 600w\" sizes=\"(max-width: 1034px) 100vw, 1034px\" \/><span aria-hidden=\"true\" class=\"wp-block-cover__background has-background-dim\" style=\"background-color:#f2b19a\"><\/span><div class=\"wp-block-cover__inner-container is-layout-flow wp-block-cover-is-layout-flow\">\n<p class=\"has-text-align-center has-large-font-size\"><\/p>\n<\/div><\/div>\n\n\n\n<div style=\"height:100px\" aria-hidden=\"true\" class=\"wp-block-spacer\"><\/div>\n\n\n\n<figure class=\"wp-block-image size-full\"><img decoding=\"async\" width=\"870\" height=\"367\" src=\"https:\/\/synchronotron.com\/wp-content\/uploads\/2025\/07\/KIN128-1.png\" alt=\"\" class=\"wp-image-17874\" srcset=\"https:\/\/synchronotron.com\/wp-content\/uploads\/2025\/07\/KIN128-1.png 870w, https:\/\/synchronotron.com\/wp-content\/uploads\/2025\/07\/KIN128-1-300x127.png 300w, https:\/\/synchronotron.com\/wp-content\/uploads\/2025\/07\/KIN128-1-768x324.png 768w, https:\/\/synchronotron.com\/wp-content\/uploads\/2025\/07\/KIN128-1-600x253.png 600w\" sizes=\"(max-width: 870px) 100vw, 870px\" \/><\/figure>\n\n\n\n<p class=\"has-text-align-center\"><strong>NS1.38 \/ Tzolkin 53<\/strong><\/p>\n\n\n\n<p class=\"has-text-align-center\"><strong>Hoje \u00e9 NS1.38.1.5, KIN 128, estrela espectral amarela,<\/strong> 11. KIN\u00a0 da onda encantada do(a) espelho, 10. onda do Tzolkin, 2. onda do castelo azul, castelo 3 do Tzolkin. Estamos no Tzolkin 53 do caminhante do c\u00e9u magn\u00e9tico vermelho, anel 38 da semente ressonante amarela, 1. lua deste anel, lua magn\u00e9tica do morcego, heptal 1 vermelho, o conhecimento inicia a vis\u00e3o. Plasma ALFA, 5. porta do heptal, ativamos a 5. esfera mental com o hiperplasma HIPEREL\u00c9TRON, ativa\u00e7\u00e3o c\u00fabica no lado direito do cubo. Estamos no circu\u00edto 2 gal\u00e1tico karmico no hipercubo, fluxos interplanet\u00e1rios: o Circuito 2 coordena o despertar do corpo c\u00e1rmico\/destino, Arqu\u00e9tipos o Artista e o Ilusionista, acessa o Conselho Venusiano das Artes M\u00e1gicas.<\/p>\n\n\n\n<p class=\"has-text-align-center\"><strong>HUNAB KU 21<\/strong><\/p>\n\n\n\n<p class=\"has-text-align-center\"><strong>Caminho do heptal 1, O SER EVOLUI O SEXO.<\/strong><\/p>\n\n\n\n<p class=\"has-text-align-center\">O ILUMINADO ABRE A PORTA DO TEMPO-ESPA\u00c7O, o(a) Artista entra por ela, guiado pelo(a) Artista, apoiado pelo(a) Ilusionista, desafiado(a) pelo(a) Yogui \/ Yoguini, recebe os poderes oculto do(a) Profeta.<\/p>\n\n\n\n<p class=\"has-text-align-center\"><\/p>\n\n\n<div class=\"wp-block-image\">\n<figure class=\"aligncenter size-full is-resized\"><img decoding=\"async\" width=\"805\" height=\"734\" src=\"https:\/\/synchronotron.com\/wp-content\/uploads\/2025\/07\/HK_128.png\" alt=\"\" class=\"wp-image-17875\" style=\"width:742px;height:auto\" srcset=\"https:\/\/synchronotron.com\/wp-content\/uploads\/2025\/07\/HK_128.png 805w, https:\/\/synchronotron.com\/wp-content\/uploads\/2025\/07\/HK_128-300x274.png 300w, https:\/\/synchronotron.com\/wp-content\/uploads\/2025\/07\/HK_128-768x700.png 768w, https:\/\/synchronotron.com\/wp-content\/uploads\/2025\/07\/HK_128-600x547.png 600w\" sizes=\"(max-width: 805px) 100vw, 805px\" \/><\/figure>\n<\/div>\n\n<div class=\"wp-block-image\">\n<figure class=\"aligncenter size-large is-resized\"><img loading=\"lazy\" decoding=\"async\" width=\"717\" height=\"1024\" src=\"https:\/\/synchronotron.com\/wp-content\/uploads\/2025\/07\/photo_4911723766938186088_y-717x1024.jpg\" alt=\"\" class=\"wp-image-17804\" style=\"width:341px;height:auto\" srcset=\"https:\/\/synchronotron.com\/wp-content\/uploads\/2025\/07\/photo_4911723766938186088_y-717x1024.jpg 717w, https:\/\/synchronotron.com\/wp-content\/uploads\/2025\/07\/photo_4911723766938186088_y-210x300.jpg 210w, https:\/\/synchronotron.com\/wp-content\/uploads\/2025\/07\/photo_4911723766938186088_y-768x1097.jpg 768w, https:\/\/synchronotron.com\/wp-content\/uploads\/2025\/07\/photo_4911723766938186088_y-600x857.jpg 600w, https:\/\/synchronotron.com\/wp-content\/uploads\/2025\/07\/photo_4911723766938186088_y.jpg 896w\" sizes=\"(max-width: 717px) 100vw, 717px\" \/><\/figure>\n<\/div>\n\n\n<div style=\"height:100px\" aria-hidden=\"true\" class=\"wp-block-spacer\"><\/div>\n\n\n\n<p class=\"has-text-align-center\"><strong>CHAVE SYNCHRONOTRON KIN DESTINO 8.11<\/strong><\/p>\n\n\n\n<p>As 55 oitavas organizadas em 10 circuitos constituem uma grande partitura musical, a sinfonia c\u00f3smica telep\u00e1tica que est\u00e1 subjacente a uma gama de possibilidades de universos vis\u00edveis e invis\u00edveis como s\u00e3o conhecidos.<\/p>\n\n\n\n<p class=\"has-text-align-center\"><strong>POSTULADO KIN DESTINO 8.11<\/strong><\/p>\n\n\n\n<p class=\"has-text-align-center\">O teletransporte sensorial \u00e9 a pr\u00e1tica da proje\u00e7\u00e3o telep\u00e1tica atrav\u00e9s de um programa sensorial coordenado, do sistema biops\u00edquico integrado atrav\u00e9s da yoga e sem quaisquer forma\u00e7\u00f5es de pensamento mental ou desejos corp\u00f3reos. Mantendo uma forma de geometria projetiva nesta condi\u00e7\u00e3o cultiva o consciente cont\u00ednuo.<\/p>\n\n\n\n<div style=\"height:100px\" aria-hidden=\"true\" class=\"wp-block-spacer\"><\/div>\n\n\n\n<h2 class=\"wp-block-heading has-text-align-center\"><strong>ATIVA\u00c7\u00c3O SYNCHRONOTRON GUIADA<\/strong><\/h2>\n\n\n\n<p class=\"has-text-align-center\">A ativa\u00e7\u00e3o guiada \u00e9 um processo poderoso que visa ensinar cada indiv\u00edduo a se autoativar. <strong>O objetivo final desse processo \u00e9 que todos n\u00f3s possamos dominar a autoativa\u00e7\u00e3o,<\/strong> criando assim uma percep\u00e7\u00e3o mutlidimensional expandida \u00fanica e pessoal, bem como coletiva.<\/p>\n\n\n\n<p class=\"has-text-align-center\">Assumir a pr\u00f3pria maestria \u00e9 um passo crucial para impulsionar a ascens\u00e3o coletiva e <strong>facilitar a transi\u00e7\u00e3o da biosfera para a noosfera atrav\u00e9s da ativa\u00e7\u00e3o do nosso Perceptor Holmental na pr\u00e1tica.<\/strong><\/p>\n\n\n<div class=\"wp-block-image\">\n<figure class=\"aligncenter size-full is-resized\"><img loading=\"lazy\" decoding=\"async\" width=\"697\" height=\"522\" src=\"https:\/\/synchronotron.com\/wp-content\/uploads\/2025\/05\/arco-iris.png\" alt=\"\" class=\"wp-image-16165\" style=\"width:347px;height:auto\" srcset=\"https:\/\/synchronotron.com\/wp-content\/uploads\/2025\/05\/arco-iris.png 697w, https:\/\/synchronotron.com\/wp-content\/uploads\/2025\/05\/arco-iris-300x225.png 300w, https:\/\/synchronotron.com\/wp-content\/uploads\/2025\/05\/arco-iris-160x120.png 160w, https:\/\/synchronotron.com\/wp-content\/uploads\/2025\/05\/arco-iris-600x449.png 600w\" sizes=\"(max-width: 697px) 100vw, 697px\" \/><\/figure>\n<\/div>\n\n\n<p class=\"has-text-align-center\"><strong>IN LAK\u00b4ECH<\/strong><\/p>\n\n\n\n<div style=\"height:100px\" aria-hidden=\"true\" class=\"wp-block-spacer\"><\/div>\n\n\n\n<p class=\"has-text-align-center\"><strong>CHAVES SYNCHRONOTRON<\/strong><\/p>\n\n\n\n<p class=\"has-text-align-center\"><strong>SER GAL\u00c1CTICO, OITAVAS E HARMONIA DA MENTE ESTELAR<\/strong><\/p>\n\n\n\n<p>8.1&nbsp;&nbsp;&nbsp;&nbsp;&nbsp;&nbsp;&nbsp;&nbsp;&nbsp; 0 Synchronotron \u00e9 um sistema galactoc\u00f3smica de conhecimento, n\u00e3o necessariamente baseado em, mas incluindo a percep\u00e7\u00e3o humana atrav\u00e9s de um m\u00e9todo de cogni\u00e7\u00e3o supermental.&nbsp;&nbsp;&nbsp;&nbsp;&nbsp;&nbsp;&nbsp;&nbsp;&nbsp;&nbsp;&nbsp;&nbsp;&nbsp;&nbsp;&nbsp;&nbsp;&nbsp;&nbsp;&nbsp;&nbsp;&nbsp;&nbsp;&nbsp;&nbsp;&nbsp;&nbsp;&nbsp;&nbsp;<\/p>\n\n\n\n<p>8.2&nbsp;&nbsp;&nbsp;&nbsp;&nbsp;&nbsp;&nbsp;&nbsp;&nbsp; 0 Ser Gal\u00e1ctico \u00e9 ambos: uma ordem de consci\u00eancia sintetizada e a pr\u00f3pria estrutura da gal\u00e1xia, \u00e9 o ser unit\u00e1rio que resume os aspectos da vida da gal\u00e1xia inteira &#8211; um ser de inimagin\u00e1vel escala monumental.&nbsp;&nbsp;&nbsp;&nbsp;&nbsp;&nbsp;&nbsp;&nbsp;&nbsp;&nbsp;&nbsp;&nbsp;&nbsp;&nbsp;&nbsp;&nbsp;&nbsp;&nbsp;&nbsp;&nbsp;<\/p>\n\n\n\n<p>8.3&nbsp;&nbsp;&nbsp;&nbsp;&nbsp;&nbsp;&nbsp;&nbsp;&nbsp; 0 holograma gal\u00e1ctico em seus ciclos evolutivos \u00e9 transmitido atrav\u00e9s de feixes de tempo vindos do campo de intelig\u00eancia de dentro do buraco negro junto ao centro da gal\u00e1xia, Hunab&#8217;ku. Feixes s\u00e3o ondas de densidade que varrem a gal\u00e1xia afetando sua evolu\u00e7\u00e3o.&nbsp;&nbsp;&nbsp;&nbsp;&nbsp;&nbsp;&nbsp;&nbsp;&nbsp;&nbsp;&nbsp;&nbsp;&nbsp;&nbsp;&nbsp;<\/p>\n\n\n\n<p>8.4&nbsp;&nbsp;&nbsp;&nbsp;&nbsp;&nbsp;&nbsp;&nbsp;&nbsp; A focaliza\u00e7\u00e3o solar modera os feixes de tempo atrav\u00e9s das sequ\u00eancias dos ciclos das manchas solares sintonizadas com a frequ\u00eancia ressonante do DNA planet\u00e1rio. GM108X: transmiss\u00e3o da Mente Maya Gal\u00e1ctica \u00e9 a frequ\u00eancia do meio de transmiss\u00e3o da telepatia biossolar.&nbsp;&nbsp;&nbsp;&nbsp;&nbsp;&nbsp;&nbsp;&nbsp;&nbsp;&nbsp;&nbsp;&nbsp;&nbsp;&nbsp;&nbsp;&nbsp;&nbsp;<\/p>\n\n\n\n<p>8.5&nbsp;&nbsp;&nbsp;&nbsp;&nbsp;&nbsp;&nbsp;&nbsp;&nbsp; Quando experimentado como um sistema ou rede de comunica\u00e7\u00e3o, os planetas do sistema solar n\u00e3o est\u00e3o ordenados de acordo com suas \u00f3rbitas, e sim com suas fun\u00e7\u00f5es de consci\u00eancia que comp\u00f5em um Ser Gal\u00e1ctico Superior. Cada planeta (unidade de consci\u00eancia) tem um circuito de entrada (Gal\u00e1ctico K\u00e1rmico) e um circuito de sa\u00edda (Solar Prof\u00e9tico).&nbsp;&nbsp;&nbsp;&nbsp;&nbsp;&nbsp;&nbsp;&nbsp;&nbsp;<\/p>\n\n\n\n<p>8.6&nbsp;&nbsp;&nbsp;&nbsp;&nbsp;&nbsp;&nbsp;&nbsp;&nbsp; A Matriz do Cubo 441 (OMA Matriz Original Alcan\u00e7ada) \u00e9 uma forma do meio de transmiss\u00e3o e comunica\u00e7\u00e3o do telepata biossolar atrav\u00e9s de todos os sistemas estelares. Existe um Plano e uma Ordem espiritual para o Universo que n\u00e3o \u00e9 percebida pela massa da humanidade.&nbsp;&nbsp;&nbsp;&nbsp;&nbsp;&nbsp;&nbsp;&nbsp;&nbsp;&nbsp;&nbsp;&nbsp;&nbsp;&nbsp;&nbsp;&nbsp;&nbsp;&nbsp;&nbsp;&nbsp;&nbsp;&nbsp;&nbsp;&nbsp;&nbsp;&nbsp;&nbsp;<\/p>\n\n\n\n<p>8.7&nbsp;&nbsp;&nbsp;&nbsp;&nbsp;&nbsp;&nbsp;&nbsp;&nbsp; 0 Ser Gal\u00e1ctico \u00e9 a pr\u00f3pria gal\u00e1xia totalmente desperta como um super ser que se liga \u00e0 Rede de Conhecimento Intergal\u00e1ctico, abrindo-se para universos paralelos e outros c\u00e9rebros gal\u00e1cticos, que s\u00e3o sincronicamente ordenados como \u201cextens\u00e3o espelho\u201d da dimensionalidade em rela\u00e7\u00e3o a este universo ou ordem gal\u00e1ctica.&nbsp;&nbsp;&nbsp;&nbsp;&nbsp;&nbsp;&nbsp;&nbsp;&nbsp;&nbsp;&nbsp;&nbsp;&nbsp;&nbsp;&nbsp;&nbsp;&nbsp;&nbsp;&nbsp;&nbsp;&nbsp;&nbsp;&nbsp;&nbsp;<\/p>\n\n\n\n<p>8.8&nbsp;&nbsp;&nbsp;&nbsp;&nbsp;&nbsp;&nbsp;&nbsp;&nbsp; Os n\u00fameros n\u00e3o s\u00e3o apenas n\u00facleos de frequ\u00eancia telep\u00e1tica, por\u00e9m tonalidades musicais de uma discreta, mas paranormal faixa de frequ\u00eancia de oitava, que codifica a ordem universal.&nbsp;&nbsp;&nbsp;&nbsp;&nbsp;&nbsp;&nbsp;&nbsp;&nbsp;&nbsp;&nbsp;&nbsp;&nbsp;&nbsp;&nbsp;&nbsp;&nbsp;&nbsp;&nbsp;&nbsp;&nbsp;&nbsp;&nbsp;<\/p>\n\n\n\n<p>8.9&nbsp;&nbsp;&nbsp;&nbsp;&nbsp;&nbsp;&nbsp;&nbsp;&nbsp; 0 441 \u00e9 a matriz de frequ\u00eancias subjacentes a toda resson\u00e2ncia e som, mantida unida por uma faixa de tonalidades de 55 oitavas (440- \u201cDo 55\u201d). No centro da matriz est\u00e1 o tom mestre 441, &#8220;Do 56\u201d: a reverbera\u00e7\u00e3o do RANG primordial do qual o universo foi constitu\u00eddo e chegou a ser.&nbsp;&nbsp;&nbsp;&nbsp;&nbsp;&nbsp;&nbsp;&nbsp;&nbsp;&nbsp;&nbsp;&nbsp;&nbsp;&nbsp;&nbsp;&nbsp;<\/p>\n\n\n\n<p>8.10&nbsp;&nbsp;&nbsp;&nbsp;&nbsp;&nbsp; 0 RANG \u00e9 a explos\u00e3o c\u00f3smica primordial, a fonte e o poder do som. Desta ruptura a Cria\u00e7\u00e3o foi sonorizada na exist\u00eancia. No modelo do universo radial o RANG primordial \u00e9 arquet\u00edpico e gravado no holograma universal como fator necess\u00e1rio para a cria\u00e7\u00e3o de qualquer novo fen\u00f4meno.&nbsp;&nbsp;&nbsp;&nbsp;&nbsp;&nbsp;&nbsp;&nbsp;&nbsp;&nbsp;&nbsp;&nbsp;&nbsp;&nbsp;&nbsp;&nbsp;&nbsp;&nbsp;&nbsp;&nbsp;&nbsp;&nbsp;&nbsp;&nbsp;&nbsp;&nbsp;&nbsp;&nbsp;&nbsp;<\/p>\n\n\n\n<p>8.11&nbsp;&nbsp;&nbsp;&nbsp;&nbsp;&nbsp; As 55 oitavas organizadas em 10 circuitos constituem uma grande partitura musical, a sinfonia c\u00f3smica telep\u00e1tica que est\u00e1 subjacente a uma gama de possibilidades de universos vis\u00edveis e invis\u00edveis como s\u00e3o conhecidos.&nbsp;&nbsp;&nbsp;&nbsp;&nbsp;&nbsp;&nbsp;&nbsp;&nbsp;&nbsp;&nbsp;&nbsp;&nbsp;&nbsp;&nbsp;&nbsp;&nbsp;&nbsp;&nbsp;&nbsp;&nbsp;<\/p>\n\n\n\n<p>8.12&nbsp;&nbsp;&nbsp;&nbsp;&nbsp;&nbsp; Todas as fun\u00e7\u00f5es do tempo, espa\u00e7o e mente podem ser resolvidas como resson\u00e2ncias musicais. As 55 oitavas +1 representam a faixa de frequ\u00eancia fractal base do universo como uma proje\u00e7\u00e3o psicomental.&nbsp;&nbsp;&nbsp;&nbsp;&nbsp;&nbsp;&nbsp;&nbsp;&nbsp;&nbsp;&nbsp;&nbsp;&nbsp;&nbsp;&nbsp;&nbsp;&nbsp;&nbsp;&nbsp;&nbsp;&nbsp;&nbsp;&nbsp;&nbsp;&nbsp;&nbsp;&nbsp;&nbsp;&nbsp;&nbsp;&nbsp;<\/p>\n\n\n\n<p>8.13&nbsp;&nbsp;&nbsp;&nbsp;&nbsp;&nbsp; Tempo, espa\u00e7o e mente s\u00e3o matrizes num\u00e9ricas entrela\u00e7adas que se equalizam mutuamente. Juntas essas matrizes constituem a linguagem, a gram\u00e1tica, e o vocabul\u00e1rio de frequ\u00eancias telep\u00e1ticas que est\u00e3o ocorrendo constantemente, evoluindo o universo momento a momento atrav\u00e9s de diversos padr\u00f5es de sincronicidade sempre mutante.\u00a0\u00a0\u00a0\u00a0\u00a0\u00a0\u00a0\u00a0\u00a0\u00a0\u00a0\u00a0\u00a0\u00a0\u00a0\u00a0\u00a0\u00a0\u00a0\u00a0\u00a0\u00a0\u00a0\u00a0\u00a0\u00a0\u00a0\u00a0\u00a0\u00a0\u00a0\u00a0\u00a0\u00a0\u00a0\u00a0<\/p>\n\n\n\n<div style=\"height:100px\" aria-hidden=\"true\" class=\"wp-block-spacer\"><\/div>\n\n\n\n<p class=\"has-text-align-center\"><strong>POSTULADOS<\/strong><\/p>\n\n\n\n<p class=\"has-text-align-center\"><strong>YOGA, MEDITA\u00c7\u00c3O E TELETRANSPORTE SENSORIAL<\/strong><\/p>\n\n\n\n<p>8.1&nbsp;&nbsp;&nbsp;&nbsp;&nbsp;&nbsp;&nbsp;&nbsp;&nbsp; O cultivo da explora\u00e7\u00e3o telep\u00e1tica sistem\u00e1tica das Harm\u00f4nicas Celestiais \u00e9 uma fun\u00e7\u00e3o da necessidade evolutiva, envolvendo o ajuste da rela\u00e7\u00e3o entre as fun\u00e7\u00f5es AC e CA, rompidas pela seq\u00fc\u00eancia de tempo artificial da esp\u00e9cie errante, o \u201chomo sapiens\u201d.&nbsp;&nbsp;&nbsp;&nbsp;&nbsp;&nbsp;&nbsp;&nbsp;&nbsp;&nbsp;&nbsp;&nbsp;&nbsp;&nbsp;&nbsp;&nbsp;&nbsp;&nbsp;&nbsp;&nbsp;&nbsp;&nbsp;&nbsp;&nbsp;<\/p>\n\n\n\n<p>8.2&nbsp;&nbsp;&nbsp;&nbsp;&nbsp;&nbsp;&nbsp;&nbsp;&nbsp; O per\u00edodo cr\u00edtico de ajuste \u00e9 definido pela transi\u00e7\u00e3o biosfera-noosfera. A causa prim\u00e1ria da crise a provocar a transi\u00e7\u00e3o biosfera-noosfera \u00e9 a separa\u00e7\u00e3o da fun\u00e7\u00e3o AC da CA, exacerbada pelo desvio do tempo artificial 12:60 da norma biosf\u00e9rica 13:20.&nbsp;&nbsp;&nbsp;&nbsp;&nbsp;&nbsp;&nbsp;&nbsp;&nbsp;&nbsp;&nbsp;&nbsp;&nbsp;&nbsp;&nbsp;&nbsp;&nbsp;&nbsp;&nbsp;&nbsp;&nbsp;&nbsp;&nbsp;&nbsp;&nbsp;&nbsp;&nbsp;&nbsp;&nbsp;<\/p>\n\n\n\n<p>8.3&nbsp;&nbsp;&nbsp;&nbsp;&nbsp;&nbsp;&nbsp;&nbsp;&nbsp; O desvio da norma implica a separa\u00e7\u00e3o tanto entre o aparato operativo e os procedimentos operativos do organismo desviante como entre o organismo e a pr\u00f3pria biosfera.&nbsp;&nbsp;&nbsp;&nbsp;&nbsp;&nbsp;&nbsp;&nbsp;&nbsp;&nbsp;&nbsp;&nbsp;&nbsp;&nbsp;&nbsp;&nbsp;&nbsp;&nbsp;&nbsp;&nbsp;&nbsp;<\/p>\n\n\n\n<p>8.4&nbsp;&nbsp;&nbsp;&nbsp;&nbsp;&nbsp;&nbsp;&nbsp;&nbsp; &#8220;Com a inicia\u00e7\u00e3o do dom\u00ednio do CA (Advert\u00eancia C\u00f3smica), 3113 AC (-3187, Encantamento do Sonho) a estrutura reticular de cristal da corrente AC (Aboriginal Continuity) \u00e9 acrescentada cada vez mais como a ret\u00edcula geom\u00e9trica do centro urbano artificial. A transforma\u00e7\u00e3o do CA (64) na Civiliza\u00e7\u00e3o Avan\u00e7ando, transforma-se crescentemente de prot\u00f3tipo org\u00e2nico (planta) em padr\u00f5es radiativos de poder mundial e aquisi\u00e7\u00e3o, chamados de imp\u00e9rios.&#8221;&nbsp;&nbsp;&nbsp;&nbsp;&nbsp;&nbsp;&nbsp;&nbsp;&nbsp;&nbsp;&nbsp;&nbsp;&nbsp;&nbsp;&nbsp;&nbsp;&nbsp;&nbsp;&nbsp;&nbsp;&nbsp;&nbsp;&nbsp;&nbsp;&nbsp;&nbsp;<\/p>\n\n\n\n<p>8.5&nbsp;&nbsp;&nbsp;&nbsp;&nbsp;&nbsp;&nbsp;&nbsp;&nbsp; O efeito total do desvio AC-CA da norma biosf\u00e9rica \u00e9 duplo: a cristaliza\u00e7\u00e3o das constru\u00e7\u00f5es artificiais debilita no final das contas as fun\u00e7\u00f5es biol\u00f3gicas e impede a intelig\u00eancia instintiva de tornar-se inteligentemente consciente; isto resulta em uma condi\u00e7\u00e3o simult\u00e2nea de sobrecarga sensorial e priva\u00e7\u00e3o sensorial dentro do organismo individual da esp\u00e9cie fora dos padr\u00f5es como um todo.&nbsp;&nbsp;&nbsp;&nbsp;&nbsp;&nbsp;&nbsp;&nbsp;&nbsp;&nbsp;&nbsp;&nbsp;&nbsp;&nbsp;&nbsp;&nbsp;&nbsp;&nbsp;&nbsp;&nbsp;<\/p>\n\n\n\n<p>8.6&nbsp;&nbsp;&nbsp;&nbsp;&nbsp;&nbsp;&nbsp;&nbsp;&nbsp; A formula\u00e7\u00e3o da Lei do Tempo e a aplica\u00e7\u00e3o das ferramentas corretivas quadridimensionais iniciam o restabelecimento da rela\u00e7\u00e3o correta entre a AC (Continuidade Aboriginal) e a CA (Advert\u00eancia C\u00f3smica). Individual e coletivamente, este processo constitui o programa central da \u201creeduca\u00e7\u00e3o magn\u00e9tica\u201d da humanidade, e \u00e9 geralmente definida como \u201cyoga\u201d&nbsp;&nbsp;&nbsp;&nbsp;&nbsp;&nbsp;&nbsp;&nbsp;&nbsp;&nbsp;&nbsp;&nbsp;&nbsp;&nbsp;&nbsp;&nbsp;&nbsp;&nbsp;<\/p>\n\n\n\n<p>8.7&nbsp;&nbsp;&nbsp;&nbsp;&nbsp;&nbsp;&nbsp;&nbsp;&nbsp; Yoga (s\u00e2nscrito) Yok\u201fHah (Maia) refere-se \u00e0 disciplina biops\u00edquica levando \u00e0 experi\u00eancia da \u201cuni\u00e3o divina\u201d e \u00e0 \u201cverdade superior\u201d. A Yoga \u00e9 a uni\u00e3o divina da verdade superior que restabelece a rela\u00e7\u00e3o correta das fun\u00e7\u00f5es AC-CA, entendidas como os circuitos de tempo biol\u00f3gico-culturais quadridimensionais internamente realiz\u00e1veis.&nbsp;&nbsp;&nbsp;&nbsp;&nbsp;&nbsp;&nbsp;&nbsp;&nbsp;&nbsp;&nbsp;&nbsp;&nbsp;&nbsp;&nbsp;&nbsp;&nbsp;&nbsp;&nbsp;&nbsp;&nbsp;&nbsp;&nbsp;<\/p>\n\n\n\n<p>8.8&nbsp;&nbsp;&nbsp;&nbsp;&nbsp;&nbsp;&nbsp;&nbsp;&nbsp; Na Yoga, as fun\u00e7\u00f5es AC-CA s\u00e3o ativadas pela respira\u00e7\u00e3o consciente como a dial\u00e9tica de uma simetria bilateral inversa em movimento correlacionada com a espinha e o sistema nervoso central. A Hata Yoga e outros sistemas relacionados de trabalho de auto-regula\u00e7\u00e3o psicof\u00edsica s\u00e3o para o estabelecimento de uma bio-homeostase flex\u00edvel centralizada na coluna espinhal e o sistema nervoso central com seus centros psicof\u00edsicos respectivos (chakras).&nbsp;&nbsp;&nbsp;&nbsp;&nbsp;&nbsp;&nbsp;&nbsp;&nbsp;<\/p>\n\n\n\n<p>8.9&nbsp;&nbsp;&nbsp;&nbsp;&nbsp;&nbsp;&nbsp;&nbsp;&nbsp; A pr\u00e1tica da yoga, entendida genericamente, \u00e9 um pr\u00e9-requisito para qualquer considera\u00e7\u00e3o de viagem no tempo. A viagem no tempo \u00e9 uma fun\u00e7\u00e3o de uma sensa\u00e7\u00e3o corp\u00f3rea interna do circuito biops\u00edquico integrado AC-CA, a que pode ser experimentada uniformemente e consolidada em uma forma ou diretiva simples de energia focada.&nbsp;&nbsp;&nbsp;&nbsp;&nbsp;&nbsp;&nbsp;&nbsp;&nbsp;&nbsp;&nbsp;&nbsp;&nbsp;&nbsp;&nbsp;&nbsp;&nbsp;&nbsp;&nbsp;&nbsp;&nbsp;&nbsp;&nbsp;&nbsp;<\/p>\n\n\n\n<p>8.10&nbsp;&nbsp;&nbsp;&nbsp;&nbsp;&nbsp; A medita\u00e7\u00e3o, vis\u00e3o clara sem pensamentos ou desejos corp\u00f3reos, \u00e9 praticada com a Yoga para a reabilita\u00e7\u00e3o da ordem sensorial prejudicada pela seq\u00fc\u00eancia do tempo artificial. A sincroniza\u00e7\u00e3o da ordem sensorial \u00e9 a condi\u00e7\u00e3o da mente meditativa que \u00e9 o pr\u00e9-requisito para a viagem no tempo.&nbsp;&nbsp;&nbsp;&nbsp;&nbsp;&nbsp;&nbsp;&nbsp;&nbsp;&nbsp;&nbsp;&nbsp;&nbsp;&nbsp;&nbsp;&nbsp;&nbsp;&nbsp;&nbsp;&nbsp;&nbsp;&nbsp;&nbsp;<\/p>\n\n\n\n<p>8.11&nbsp;&nbsp;&nbsp;&nbsp;&nbsp;&nbsp; O teletransporte sensorial \u00e9 a pr\u00e1tica da proje\u00e7\u00e3o telep\u00e1tica atrav\u00e9s de um programa sensorial coordenado, do sistema biops\u00edquico integrado atrav\u00e9s da yoga e sem quaisquer forma\u00e7\u00f5es de pensamento mental ou desejos corp\u00f3reos. Mantendo uma forma de geometria projetiva nesta condi\u00e7\u00e3o cultiva o consciente cont\u00ednuo.&nbsp;&nbsp;&nbsp;&nbsp;&nbsp;&nbsp;&nbsp;&nbsp;&nbsp;&nbsp;&nbsp;&nbsp;&nbsp;&nbsp;&nbsp;&nbsp;&nbsp;&nbsp;<\/p>\n\n\n\n<p>8.12&nbsp;&nbsp;&nbsp;&nbsp;&nbsp;&nbsp; A coordena\u00e7\u00e3o inteligente das diferentes potencialidades do vetor tempo atrav\u00e9s do teletransporte sensorial \u00e9 o meio prim\u00e1rio para a ativa\u00e7\u00e3o das diferentes Harm\u00f4nicas Celestiais e para o estabelecimento da funda\u00e7\u00e3o correta para a viagem no tempo&nbsp;&nbsp;&nbsp;&nbsp;&nbsp;&nbsp;&nbsp;&nbsp;&nbsp;&nbsp;&nbsp;&nbsp;&nbsp;&nbsp;&nbsp;&nbsp;&nbsp;&nbsp;&nbsp;&nbsp;&nbsp;&nbsp;&nbsp;&nbsp;&nbsp;&nbsp;<\/p>\n\n\n\n<p class=\"has-text-align-left\">8.13&nbsp;&nbsp;&nbsp;&nbsp;&nbsp;&nbsp; As Harm\u00f4nicas Celestiais s\u00e3o as raz\u00f5es 13:20 quadridimensionais mentalmente percept\u00edveis e capazes de induzir e de serem induzidas pelas oscila\u00e7\u00f5es neuro-sensoriais em conformidade com as geometrias projetivas prim\u00e1rias. As oscila\u00e7\u00f5es neuro-sensoriais e as geometrias projetivas prim\u00e1rias s\u00e3o dependentes da intera\u00e7\u00e3o coordenada das correntes AC-CA integradas pela yoga em um corpo sensorial sincronizado em cuja mente nenhum pensamento pode apegar-se.<\/p>\n\n\n\n<div style=\"height:100px\" aria-hidden=\"true\" class=\"wp-block-spacer\"><\/div>\n\n\n\n<h2 class=\"wp-block-heading has-text-align-center\"><strong>ATIVA\u00c7\u00c3O SYNCHRONOTRON<\/strong><\/h2>\n\n\n<div class=\"wp-block-image\">\n<figure class=\"aligncenter size-full is-resized\"><img loading=\"lazy\" decoding=\"async\" width=\"943\" height=\"537\" src=\"https:\/\/synchronotron.com\/wp-content\/uploads\/2025\/07\/441coord_128-1.png\" alt=\"\" class=\"wp-image-17877\" style=\"width:834px;height:auto\" srcset=\"https:\/\/synchronotron.com\/wp-content\/uploads\/2025\/07\/441coord_128-1.png 943w, https:\/\/synchronotron.com\/wp-content\/uploads\/2025\/07\/441coord_128-1-300x171.png 300w, https:\/\/synchronotron.com\/wp-content\/uploads\/2025\/07\/441coord_128-1-768x437.png 768w, https:\/\/synchronotron.com\/wp-content\/uploads\/2025\/07\/441coord_128-1-600x342.png 600w\" sizes=\"(max-width: 943px) 100vw, 943px\" \/><\/figure>\n<\/div>\n\n<div class=\"wp-block-image\">\n<figure class=\"aligncenter size-full\"><img loading=\"lazy\" decoding=\"async\" width=\"1028\" height=\"719\" src=\"https:\/\/synchronotron.com\/wp-content\/uploads\/2025\/07\/441_128.png\" alt=\"\" class=\"wp-image-17878\" srcset=\"https:\/\/synchronotron.com\/wp-content\/uploads\/2025\/07\/441_128.png 1028w, https:\/\/synchronotron.com\/wp-content\/uploads\/2025\/07\/441_128-300x210.png 300w, https:\/\/synchronotron.com\/wp-content\/uploads\/2025\/07\/441_128-1024x716.png 1024w, https:\/\/synchronotron.com\/wp-content\/uploads\/2025\/07\/441_128-768x537.png 768w, https:\/\/synchronotron.com\/wp-content\/uploads\/2025\/07\/441_128-600x420.png 600w\" sizes=\"(max-width: 1028px) 100vw, 1028px\" \/><\/figure>\n<\/div>\n\n\n<figure class=\"wp-block-image size-large\"><img loading=\"lazy\" decoding=\"async\" width=\"1024\" height=\"606\" src=\"https:\/\/synchronotron.com\/wp-content\/uploads\/2025\/07\/photo_4922738442497011923_y-1024x606.jpg\" alt=\"\" class=\"wp-image-17879\" srcset=\"https:\/\/synchronotron.com\/wp-content\/uploads\/2025\/07\/photo_4922738442497011923_y-1024x606.jpg 1024w, https:\/\/synchronotron.com\/wp-content\/uploads\/2025\/07\/photo_4922738442497011923_y-300x177.jpg 300w, https:\/\/synchronotron.com\/wp-content\/uploads\/2025\/07\/photo_4922738442497011923_y-768x454.jpg 768w, https:\/\/synchronotron.com\/wp-content\/uploads\/2025\/07\/photo_4922738442497011923_y-600x355.jpg 600w, https:\/\/synchronotron.com\/wp-content\/uploads\/2025\/07\/photo_4922738442497011923_y.jpg 1280w\" sizes=\"(max-width: 1024px) 100vw, 1024px\" \/><\/figure>\n\n\n<div class=\"wp-block-image\">\n<figure class=\"aligncenter size-full is-resized\"><img loading=\"lazy\" decoding=\"async\" width=\"469\" height=\"767\" src=\"https:\/\/synchronotron.com\/wp-content\/uploads\/2025\/07\/photo_4922493668015845137_x.jpg\" alt=\"\" class=\"wp-image-17880\" style=\"width:569px;height:auto\" srcset=\"https:\/\/synchronotron.com\/wp-content\/uploads\/2025\/07\/photo_4922493668015845137_x.jpg 469w, https:\/\/synchronotron.com\/wp-content\/uploads\/2025\/07\/photo_4922493668015845137_x-183x300.jpg 183w\" sizes=\"(max-width: 469px) 100vw, 469px\" \/><\/figure>\n<\/div>\n\n\n<div style=\"height:100px\" aria-hidden=\"true\" class=\"wp-block-spacer\"><\/div>\n\n\n\n<h2 class=\"wp-block-heading has-text-align-center\">Manitu Planet\u00e1rio (Matriz do Espa\u00e7o)<\/h2>\n\n\n<div class=\"wp-block-image\">\n<figure class=\"aligncenter size-full is-resized\"><img loading=\"lazy\" decoding=\"async\" width=\"901\" height=\"1280\" src=\"https:\/\/synchronotron.com\/wp-content\/uploads\/2025\/03\/photo_5132137481364418133_y.jpg\" alt=\"\" class=\"wp-image-15204\" style=\"width:740px;height:auto\" srcset=\"https:\/\/synchronotron.com\/wp-content\/uploads\/2025\/03\/photo_5132137481364418133_y.jpg 901w, https:\/\/synchronotron.com\/wp-content\/uploads\/2025\/03\/photo_5132137481364418133_y-211x300.jpg 211w, https:\/\/synchronotron.com\/wp-content\/uploads\/2025\/03\/photo_5132137481364418133_y-721x1024.jpg 721w, https:\/\/synchronotron.com\/wp-content\/uploads\/2025\/03\/photo_5132137481364418133_y-768x1091.jpg 768w, https:\/\/synchronotron.com\/wp-content\/uploads\/2025\/03\/photo_5132137481364418133_y-600x852.jpg 600w\" sizes=\"(max-width: 901px) 100vw, 901px\" \/><\/figure>\n<\/div>\n\n<div class=\"wp-block-image\">\n<figure class=\"aligncenter size-large is-resized\"><img loading=\"lazy\" decoding=\"async\" width=\"596\" height=\"1024\" src=\"https:\/\/synchronotron.com\/wp-content\/uploads\/2025\/07\/photo_4922493668015845138_y-596x1024.jpg\" alt=\"\" class=\"wp-image-17881\" style=\"width:522px;height:auto\" srcset=\"https:\/\/synchronotron.com\/wp-content\/uploads\/2025\/07\/photo_4922493668015845138_y-596x1024.jpg 596w, https:\/\/synchronotron.com\/wp-content\/uploads\/2025\/07\/photo_4922493668015845138_y-175x300.jpg 175w, https:\/\/synchronotron.com\/wp-content\/uploads\/2025\/07\/photo_4922493668015845138_y-600x1031.jpg 600w, https:\/\/synchronotron.com\/wp-content\/uploads\/2025\/07\/photo_4922493668015845138_y.jpg 745w\" sizes=\"(max-width: 596px) 100vw, 596px\" \/><\/figure>\n<\/div>\n\n\n<div style=\"height:100px\" aria-hidden=\"true\" class=\"wp-block-spacer\"><\/div>\n\n\n\n<h4 class=\"wp-block-heading has-text-align-center\">\u00cdNDICE PERCEPTOR HOLOMENTAL<\/h4>\n\n\n\n<p><strong>PH (porta do heptal), V. 11, H. 14. UMB 414. Runa Harm\u00f4nica UR 90: O Todo da Arte Gal\u00e1ctica \u00e9 Definida pelo Tempo.<\/strong> 4\u00aaOitava: Oitava do Todo da Arte Gal\u00e1ctico. Runa da Fila 12. Oitava porta de Unidade do tempo vertical ascendente. Corresponde ao Iluminado (Sol): Quarto Portal da Matriz de Hunab Ku 21. O Sol mede a for\u00e7a da luz-fot\u00f3n-cicl\u00f3n de Hunab Ku com a linha de for\u00e7a centr\u00edpeta lum\u00ednica Dum Duar e a linha de for\u00e7a lum\u00ednico-t\u00e9rmica centr\u00edpeta de Kemio. A partir daqui \u00e9 gerado Hiperelectron que estimula os estados da mente superconsciente. Ativa a c\u00e9lula de harm\u00f4nia polar<\/p>\n\n\n\n<p>T (tempo), V.5, H.1. UMB 37. (-11) D\u00e9cima Primeira magnitude sublima a Libera\u00e7\u00e3o Espectral do fluxo do tempo externo da Cria\u00e7\u00e3o C\u00f3smica. Corresponde-se com a 11\u00aa horizontal e 11\u00aa vertical que coordenam a matriz do PHM.<\/p>\n\n\n\n<p>E (espa\u00e7o), V. 13, H. 4. UMB 236. (-5) Quinta magnitude do fluxo do espa\u00e7o externo sublima o hiperplasma Beta-Alfa da Ascens\u00e3o C\u00f3smica (na 2\u00aa dimens\u00e3o do tempo exterior). Campo de for\u00e7a<\/p>\n\n\n\n<p>S (syncr\u00f4nica), V. 11, H. 8. UMB 402. Runa Harm\u00f4nica UR 81: A Radiogenesis Estabelece o Todo da Vida Gal\u00e1ctica. 3\u00aa Oitava: Oitava do Todo da Vida Gal\u00e1ctica. Runa da Fila 11. Oitava porta de Unidade do tempo vertical descendente. Corresponde ao Yogue\/ni (Espelho). Segundo Porta da Matriz de Hunab Ku 21. Yogue\/ni mede a for\u00e7a da luz-fot\u00f3n-cicl\u00f3n de Hunab Ku com a linha de for\u00e7a centr\u00edfuga t\u00e9rmica Dum Kuali e a linha de for\u00e7a centr\u00edpeta t\u00e9rmica-lum\u00ednica Kum. A partir daqui \u00e9 gerado o Hiperneutron que estimula os estados subliminais da consci\u00eancia. Ativa a c\u00e9lula harm\u00f4nica polar norte do polo Marka com o electron mental e sela o plasma radial: Limi. Abre a sexta porta do heptal: a porta da Transc\u00eandencia. Neptuno Solar-Prof\u00e9tico.<\/p>\n\n\n\n<p>ME (mestre), V. 21, H. 10. UMB 12. (+1) Primeira magnitude Unidade transformadora de isolamento do campo de for\u00e7a lum\u00ednico Duar azul Ativa a 6\u00aa esfera mental: consciente Subliminar.<\/p>\n\n\n\n<p>PSI Crono, V.5, H.21. UMB 65. (+11) D\u00e9cima primeira magnitude Ativa a Libera\u00e7\u00e3o Espectral do fluxo do tempo externo da Sincroniza\u00e7\u00e3o C\u00f3smica. Corresponde-se com a 11\u00aa h e 11\u00aa v que coordena a matriz do PHM.<\/p>\n\n\n\n<p>KE (KIN equivalente), V.6, H.16. UMB 351. Canal do n\u00facleo intergal\u00e1ctico do hiperplasma Alfa-Beta. Ativa os c\u00f3digos da Sincroniza\u00e7\u00e3o C\u00f3smica. O canal do n\u00facleo Alfa-Beta se coordena com as unidades de Sa\u00edda PES e Entrada PES para criar um fluxo ativo. A informa\u00e7\u00e3o subliminal e sensorial s\u00e3o recebidas (entrada), logo processadas nos campos psi antes de ser transmitidas (Sa\u00edda). O canal do n\u00facleo Alfa-Beta governa o campo de for\u00e7a do samadhi informativo e coordena o fluxo da ativa\u00e7\u00e3o da segunda esfera mental: subconsciente. Sexta porta da Quarta diagonal de Unidade.<\/p>\n\n\n\n<p>MOAP, V.2, H.7. UMB 122. (+1) Primeira magnitude do circuito PES 6\u00ba Dimensional ativa a comunica\u00e7\u00e3o subliminal no campo de for\u00e7a Alfa-Alfa do samadhi profundo. O samadhi profundo ativa a primeira esfera mental: pr\u00e9-consciente.<\/p>\n\n\n\n<p>URH 1, 3V. 10, H. 6. UMB 337. Runa Harm\u00f4nica UR 69: O C\u00e9u Divide o Tempo. 1\u00aa Oitava: Oitava do Decreto Divino. Runa da Fila 9.<\/p>\n\n\n\n<p>FH (Frequencia Harm\u00f4nica), V.1, H.13. UMB 53. + Gerador Alfa-Beta ativa o fluxo do espa\u00e7o externo hiperpl\u00e1smico da Sincroniza\u00e7\u00e3o C\u00f3smica (Terceira dimens\u00e3o do tempo. O campo de for\u00e7a superconsciente t\u00e9rmico Kuali vermelho ativa o campo de for\u00e7a do samadhi informativo.<\/p>\n\n\n\n<p>&nbsp;CP (C\u00edclo Cria\u00e7\u00e3o perp\u00e9tuo), V.3, H.2. UMB 116. (-8) Oitava magnitude do circuito coordenador superconsciente de quinta for\u00e7a do canal Alfa-Alfa. Sublimar e transferir os sinais internos do tempo 5D da integridade gal\u00e1ctica ao n\u00facleo radial dos sentidos da Cria\u00e7\u00e3o C\u00f3smica.<\/p>\n\n\n\n<p class=\"has-text-align-center\"><strong>HUNAB KU 21<\/strong><\/p>\n\n\n\n<p>PH (porta heptal), V. 11, H. 14. UMB 414. Runa Harm\u00f4nica UR 90: O Todo da Arte Gal\u00e1ctica \u00e9 Definida pelo Tempo. 4\u00aaOitava: Oitava do Todo da Arte Gal\u00e1ctico. Runa da Fila 12. Oitava porta de Unidade do tempo vertical ascendente. Corresponde ao Iluminado (Sol): Quarto Portal da Matriz de Hunab Ku 21. O Sol mede a for\u00e7a da luz-fot\u00f3n-cicl\u00f3n de Hunab Ku com a linha de for\u00e7a centr\u00edpeta lum\u00ednica Dum Duar e a linha de for\u00e7a lum\u00ednico-t\u00e9rmica centr\u00edpeta de Kemio. A partir daqui \u00e9 gerado Hiperelectron que estimula os estados da mente superconsciente. Ativa a c\u00e9lula de harm\u00f4nia polar<\/p>\n\n\n\n<p>LT (lente do tempo), V.17, H.3. UMB 171. Matriz do n\u00facleo dos sentidos de quinta for\u00e7a. \u201cTato da Ascens\u00e3o C\u00f3smica\u201d organiza e coordena o espectro psicof\u00edsico inteiro da consci\u00eancia t\u00e1til (interna, externa e et\u00e9rica) no canal Beta-Alfa.<\/p>\n\n\n\n<p>D (KIN destino), V.5, H.8. UMB 300. (+7) S\u00e9tima magnitude do fluxo do espa\u00e7o externo ativa o hiperplasma Alfa-Alfa da Cria\u00e7\u00e3o C\u00f3smica (na 1\u00aa dimens\u00e3o do tempo exterior). Campo de for\u00e7a do samadhi profundo (1D) ativado pelo campo de for\u00e7a t\u00e9rmico Kuali vermelho da paranormalidade superconsciente (5D). Corresponde ao Artista (Estrela UMB 300): segunda Porta de Poder do Hunab Ku 21 na Corte do Compasivo (UMB 303 Cachorro). Ativado pela linha de for\u00e7a el\u00e9trica t\u00e9rmica Dum Kuali \u201ccalor primario\u201d (UMB 405). A arte \u00e9 o inicio do amor. Venus Gal\u00e1ctico-K\u00e1rmico.<\/p>\n\n\n\n<p>G (KIN guia), V.5, H.8. UMB 300. (+7) S\u00e9tima magnitude do fluxo do espa\u00e7o externo ativa o hiperplasma Alfa-Alfa da Cria\u00e7\u00e3o C\u00f3smica (na 1\u00aa dimens\u00e3o do tempo exterior). Campo de for\u00e7a do samadhi profundo (1D) ativado pelo campo de for\u00e7a t\u00e9rmico Kuali vermelho da paranormalidade superconsciente (5D). Corresponde ao Artista (Estrela UMB 300): segunda Porta de Poder do Hunab Ku 21 na Corte do Compasivo (UMB 303 Cachorro). Ativado pela linha de for\u00e7a el\u00e9trica t\u00e9rmica Dum Kuali \u201ccalor primario\u201d (UMB 405). A arte \u00e9 o inicio do amor. Venus Gal\u00e1ctico-K\u00e1rmico.<\/p>\n\n\n\n<p>AN (KIN an\u00e1logo), V. 8, H. 17. UMB 312. (+21) Vig\u00e9sima-Primeira magnitude do fluxo do espa\u00e7o externo. Ativa o hiperplasma Alfa-Beta da Sincroniza\u00e7\u00e3o C\u00f3smica (na 3\u00aa dimens\u00e3o do tempo exterior). Campo de for\u00e7a do samadhi informativo (3D) ativado pelo campo de for\u00e7a do Perceptor Holomental radializado radios\u00f4nicamente (8D): Comando Harm\u00f4nico Ascendente. Corresponde ao Ilusionista (Macaco): Terceira porta de Poder de Hunab Ku 21 na Corte do Profeta (UMB 315). Ativado pela carga el\u00e9trica lum\u00ednica descendente Dum Duar \u201cluz primaria\u201d (UMB 411). A magia \u00e9 o inicio da profecia. Venus Solar-Prof\u00e9tico.<\/p>\n\n\n\n<p>AT (KIN ant\u00edpoda), V. 11, H. 8. UMB 402. Runa Harm\u00f4nica UR 81: A Radiogenesis Estabelece o Todo da Vida Gal\u00e1ctica. 3\u00aa Oitava: Oitava do Todo da Vida Gal\u00e1ctica. Runa da Fila 11. Oitava porta de Unidade do tempo vertical descendente. Corresponde ao Yogue\/ni (Espelho). Segundo Porta da Matriz de Hunab Ku 21. Yogue\/ni mede a for\u00e7a da luz-fot\u00f3n-cicl\u00f3n de Hunab Ku com a linha de for\u00e7a centr\u00edfuga t\u00e9rmica Dum Kuali e a linha de for\u00e7a centr\u00edpeta t\u00e9rmica-lum\u00ednica Kum. A partir daqui \u00e9 gerado o Hiperneutron que estimula os estados subliminais da consci\u00eancia. Ativa a c\u00e9lula harm\u00f4nica polar norte do polo Marka com o electron mental e sela o plasma radial: Limi. Abre a sexta porta do heptal: a porta da Transc\u00eandencia. Neptuno Solar-Prof\u00e9tico.<\/p>\n\n\n\n<p>O (KIN oculto), V. 11, H. 17. UMB 315. Runa Harm\u00f4nica UR 95: O Todo da Arte Gal\u00e1ctico Torna-se Medita\u00e7\u00e3o da Realidade. 4\u00aa Oitava: Oitava do Todo da Arte Gal\u00e1ctica. Runa da Fila 12. Quinta porta de Unidade do tempo vertical ascendente. Corresponde ao Profeta (Caminhante do C\u00e9u): Terceiro Assento de Poder de Hunab Ku 21. Gera o hiperplasma Beta-Alfa secund\u00e1rio do Polo Sul (Darka) estimulando o controle da mente superior e sela o plasma radial Kali. Detem a Corte da Profec\u00eda C\u00f3smica. Abre a Quarta porta do heptal. Porta da Inicia\u00e7\u00e3o. Marte Solar-Prof\u00e9tico.<\/p>\n\n\n\n<p>HK (Hunab Ku), V. 17, H. 11. UMB 279. (5) Quinta magnitude do campo hipergravitacional organizador do campo de for\u00e7a lum\u00ednico Duar azul neutraliza a 6\u00aa esfera mental: consciente Subliminar\/atrator do universo paralelo. N\u00facleo energizante central (H.11 eixo equatorial). Quinta porta de Unidade do tempo radial esquerdo. Corresponde ao Descobridor (Guerrero): Quarto Assento de Poder de Hunab Ku 21 (for\u00e7a centr\u00edpeta interna): Corte da Intelig\u00eancia C\u00f3smica. A Intelig\u00eancia C\u00f3smica cria a c\u00e9lula de luz gal\u00e1ctica. A intelig\u00eancia \u00e9 a for\u00e7a centr\u00edpeta da totalidade c\u00f3smica: Intelig\u00eancia \u00e9 luz. Saturno Solar-Prof\u00e9tico.<\/p>\n\n\n\n<p>ST (senda do tollan), V. 14, H. 11. UMB 396. Unidade transformadora. Cataliza o campo de for\u00e7a lum\u00ednico Duar azul transformando a luz e calor interior (Kemio) e o calor da luz interior (Kum) dentro do N\u00facleo do Tempo Interior imprimindo a 7\u00aa esfera mental (Perceptor Holomental) e ativando a sexta esfera<\/p>\n\n\n\n<p>Sf (frequencia sendas), V. 20, H. 8. UMB 93. (-26) Vig\u00e9sima-Sexta magnitude do fluxo do espa\u00e7o externo sublima o hiperplasma Beta-Alfa da Ascens\u00e3o C\u00f3smica (na 2\u00aa dimens\u00e3o do tempo exterior). Campo de for\u00e7a do controle da mente superior (2D) sublimado pelo campo de for\u00e7a lum\u00ednico Duar azul do consciente Subliminar (6D).&nbsp;&nbsp;&nbsp;&nbsp;&nbsp;&nbsp;&nbsp;&nbsp;&nbsp;&nbsp;&nbsp;<\/p>\n\n\n\n<p>O KE da Frequ\u00eancia Harm\u00f4nica, Kin 248, V. 17, H. 8. UMB 282. (-21) Vig\u00e9sima-Primeira magnitude do fluxo do espa\u00e7o externo sublima o hiperplasma Beta-Alfa da Ascens\u00e3o C\u00f3smica (na 2\u00aa dimens\u00e3o do tempo exterior). Campo de for\u00e7a do controle da mente superior (2D) sublimado pelo campo de for\u00e7a lum\u00ednico Duar azul do consciente Subliminar (6D). Corresponde ao Vidente (\u00c1guia): Quarta Fonte de Poder de Hunab Ku 21 na Corte do Descobridor (UMB 279). Ativado pela linha de for\u00e7a el\u00e9trica t\u00e9rmico-lum\u00ednica Kum \u201ccalor da luz interior\u201d (UMB 399). A vis\u00e3o \u00e9 a fonte da intelig\u00eancia. J\u00fapiter Solar-Prof\u00e9tico.<\/p>\n\n\n\n<p>O KE da Frequ\u00eancia dos Kins, Kin 138, V. 11, H. 19. UMB 209. Runa Harm\u00f4nica UR 93: A Estrutura da Realidade \u00e9 Desenvolvida pelo Tempo. 4\u00aa Oitava: Oitava do Todo da Arte Gal\u00e1ctica. Runa da Fila 12. Terceira porta de Unidade do tempo vertical ascendente. <\/p>\n\n\n\n<p>O KE da Senda do Heptal, Kin 139, UMB 144, Oitava 4, UR 91 O Todo da Arte Gal\u00e1ctica Define o Espa\u00e7o, Segunda Porta de Unidade do Tempo vertical ascendente, Arqu\u00e9tipo Suma Sacerdotisa, Segunda Porta de Luz Hunab Ku 21.<\/p>\n\n\n\n<div style=\"height:100px\" aria-hidden=\"true\" class=\"wp-block-spacer\"><\/div>\n\n\n\n<h2 class=\"wp-block-heading has-text-align-center\">INFORMA\u00c7\u00d5ES ADICIONAIS<\/h2>\n\n\n\n<p class=\"has-text-align-center\"><strong><u>INFORMA\u00c7\u00d5ES ADICIONAIS SOBRE O CUBO E HIPERCUBO:<\/u><\/strong><\/p>\n\n\n<div class=\"wp-block-image\">\n<figure class=\"aligncenter size-full is-resized\"><img loading=\"lazy\" decoding=\"async\" width=\"653\" height=\"799\" src=\"https:\/\/synchronotron.com\/wp-content\/uploads\/2025\/01\/cuabndo-o-cubo_1.png\" alt=\"\" class=\"wp-image-13259\" style=\"width:722px;height:auto\" srcset=\"https:\/\/synchronotron.com\/wp-content\/uploads\/2025\/01\/cuabndo-o-cubo_1.png 653w, https:\/\/synchronotron.com\/wp-content\/uploads\/2025\/01\/cuabndo-o-cubo_1-245x300.png 245w, https:\/\/synchronotron.com\/wp-content\/uploads\/2025\/01\/cuabndo-o-cubo_1-600x734.png 600w\" sizes=\"(max-width: 653px) 100vw, 653px\" \/><figcaption class=\"wp-element-caption\">*Codon e Runa UR s\u00e3o apenas para exemplifica\u00e7\u00e3o<\/figcaption><\/figure>\n<\/div>\n\n\n<figure class=\"wp-block-image size-full\"><img loading=\"lazy\" decoding=\"async\" width=\"827\" height=\"300\" src=\"https:\/\/synchronotron.com\/wp-content\/uploads\/2025\/01\/NS1.37.7.7_dinamica-hipercubo_plasmas_GK-1.png\" alt=\"\" class=\"wp-image-13170\" srcset=\"https:\/\/synchronotron.com\/wp-content\/uploads\/2025\/01\/NS1.37.7.7_dinamica-hipercubo_plasmas_GK-1.png 827w, https:\/\/synchronotron.com\/wp-content\/uploads\/2025\/01\/NS1.37.7.7_dinamica-hipercubo_plasmas_GK-1-300x109.png 300w, https:\/\/synchronotron.com\/wp-content\/uploads\/2025\/01\/NS1.37.7.7_dinamica-hipercubo_plasmas_GK-1-768x279.png 768w, https:\/\/synchronotron.com\/wp-content\/uploads\/2025\/01\/NS1.37.7.7_dinamica-hipercubo_plasmas_GK-1-600x218.png 600w\" sizes=\"(max-width: 827px) 100vw, 827px\" \/><\/figure>\n\n\n\n<figure class=\"wp-block-image size-full is-resized\"><img loading=\"lazy\" decoding=\"async\" width=\"602\" height=\"681\" src=\"https:\/\/synchronotron.com\/wp-content\/uploads\/2025\/01\/NS1.37.7.7_dinamica-hipercubo_circuitos_GK.png\" alt=\"\" class=\"wp-image-13087\" style=\"width:842px;height:auto\" srcset=\"https:\/\/synchronotron.com\/wp-content\/uploads\/2025\/01\/NS1.37.7.7_dinamica-hipercubo_circuitos_GK.png 602w, https:\/\/synchronotron.com\/wp-content\/uploads\/2025\/01\/NS1.37.7.7_dinamica-hipercubo_circuitos_GK-265x300.png 265w, https:\/\/synchronotron.com\/wp-content\/uploads\/2025\/01\/NS1.37.7.7_dinamica-hipercubo_circuitos_GK-600x679.png 600w\" sizes=\"(max-width: 602px) 100vw, 602px\" \/><\/figure>\n\n\n\n<figure class=\"wp-block-image size-large\"><img loading=\"lazy\" decoding=\"async\" width=\"1024\" height=\"369\" src=\"https:\/\/synchronotron.com\/wp-content\/uploads\/2025\/01\/NS1.37.7.7_dinamica-hipercubo_plasmas_SP-1024x369.png\" alt=\"\" class=\"wp-image-13171\" srcset=\"https:\/\/synchronotron.com\/wp-content\/uploads\/2025\/01\/NS1.37.7.7_dinamica-hipercubo_plasmas_SP-1024x369.png 1024w, https:\/\/synchronotron.com\/wp-content\/uploads\/2025\/01\/NS1.37.7.7_dinamica-hipercubo_plasmas_SP-300x108.png 300w, https:\/\/synchronotron.com\/wp-content\/uploads\/2025\/01\/NS1.37.7.7_dinamica-hipercubo_plasmas_SP-768x277.png 768w, https:\/\/synchronotron.com\/wp-content\/uploads\/2025\/01\/NS1.37.7.7_dinamica-hipercubo_plasmas_SP-600x216.png 600w, https:\/\/synchronotron.com\/wp-content\/uploads\/2025\/01\/NS1.37.7.7_dinamica-hipercubo_plasmas_SP.png 1043w\" sizes=\"(max-width: 1024px) 100vw, 1024px\" \/><\/figure>\n\n\n\n<figure class=\"wp-block-image size-full is-resized\"><img loading=\"lazy\" decoding=\"async\" width=\"605\" height=\"681\" src=\"https:\/\/synchronotron.com\/wp-content\/uploads\/2025\/01\/NS1.37.7.7_dinamica-hipercubo_circuitos_SP.png\" alt=\"\" class=\"wp-image-13090\" style=\"width:846px;height:auto\" srcset=\"https:\/\/synchronotron.com\/wp-content\/uploads\/2025\/01\/NS1.37.7.7_dinamica-hipercubo_circuitos_SP.png 605w, https:\/\/synchronotron.com\/wp-content\/uploads\/2025\/01\/NS1.37.7.7_dinamica-hipercubo_circuitos_SP-267x300.png 267w, https:\/\/synchronotron.com\/wp-content\/uploads\/2025\/01\/NS1.37.7.7_dinamica-hipercubo_circuitos_SP-600x675.png 600w\" sizes=\"(max-width: 605px) 100vw, 605px\" \/><\/figure>\n\n\n\n<figure class=\"wp-block-image size-full is-resized\"><img loading=\"lazy\" decoding=\"async\" width=\"1055\" height=\"815\" src=\"https:\/\/synchronotron.com\/wp-content\/uploads\/2025\/01\/ILUSTRACAO-HIPERCUBO-2.png\" alt=\"\" class=\"wp-image-13100\" style=\"width:850px;height:auto\" srcset=\"https:\/\/synchronotron.com\/wp-content\/uploads\/2025\/01\/ILUSTRACAO-HIPERCUBO-2.png 1055w, https:\/\/synchronotron.com\/wp-content\/uploads\/2025\/01\/ILUSTRACAO-HIPERCUBO-2-300x232.png 300w, https:\/\/synchronotron.com\/wp-content\/uploads\/2025\/01\/ILUSTRACAO-HIPERCUBO-2-1024x791.png 1024w, https:\/\/synchronotron.com\/wp-content\/uploads\/2025\/01\/ILUSTRACAO-HIPERCUBO-2-768x593.png 768w, https:\/\/synchronotron.com\/wp-content\/uploads\/2025\/01\/ILUSTRACAO-HIPERCUBO-2-600x464.png 600w\" sizes=\"(max-width: 1055px) 100vw, 1055px\" \/><\/figure>\n\n\n\n<figure class=\"wp-block-embed is-type-video is-provider-youtube wp-block-embed-youtube wp-embed-aspect-16-9 wp-has-aspect-ratio\"><div class=\"wp-block-embed__wrapper\">\n<iframe title=\"Anima\u00e7\u00e3o Hipercubo\" width=\"1240\" height=\"698\" src=\"https:\/\/www.youtube.com\/embed\/vsBHBI0Lcrc?feature=oembed\" frameborder=\"0\" allow=\"accelerometer; autoplay; clipboard-write; encrypted-media; gyroscope; picture-in-picture; web-share\" referrerpolicy=\"strict-origin-when-cross-origin\" allowfullscreen><\/iframe>\n<\/div><\/figure>\n\n\n\n<p><\/p>\n","protected":false},"excerpt":{"rendered":"<p>NS1.38 \/ Tzolkin 53 Hoje \u00e9 NS1.38.1.5, KIN 128, estrela espectral amarela, 11. KIN\u00a0 da onda encantada do(a) espelho, 10. onda do Tzolkin, 2. onda do castelo azul, castelo 3 do Tzolkin. Estamos no Tzolkin 53 do caminhante do c\u00e9u magn\u00e9tico vermelho, anel 38 da semente ressonante amarela, 1. lua deste anel, lua magn\u00e9tica do&hellip;<\/p>\n","protected":false},"author":2,"featured_media":4014,"comment_status":"open","ping_status":"open","sticky":false,"template":"","format":"standard","meta":{"_acf_changed":false,"give_campaign_id":0,"_eb_attr":"","om_disable_all_campaigns":false,"_exactmetrics_skip_tracking":false,"_exactmetrics_sitenote_active":false,"_exactmetrics_sitenote_note":"","_exactmetrics_sitenote_category":0,"_uf_show_specific_survey":0,"_uf_disable_surveys":false,"iawp_total_views":6,"footnotes":""},"categories":[48,42],"tags":[],"class_list":["post-17871","post","type-post","status-publish","format-standard","has-post-thumbnail","hentry","category-ativacoes","category-blog-aberto"],"acf":[],"yoast_head":"<!-- This site is optimized with the Yoast SEO plugin v27.5 - https:\/\/yoast.com\/product\/yoast-seo-wordpress\/ -->\n<title>Estrela Espectral Amarela KIN128 (8.11) - Synchronotron<\/title>\n<meta name=\"robots\" content=\"index, follow, max-snippet:-1, max-image-preview:large, max-video-preview:-1\" \/>\n<link rel=\"canonical\" href=\"https:\/\/synchronotron.com\/index.php\/2025\/07\/30\/estrela-espectral-amarela-kin128-8-11\/\" \/>\n<meta property=\"og:locale\" content=\"pt_BR\" \/>\n<meta property=\"og:type\" content=\"article\" \/>\n<meta property=\"og:title\" content=\"Estrela Espectral Amarela KIN128 (8.11) - Synchronotron\" \/>\n<meta property=\"og:description\" content=\"NS1.38 \/ Tzolkin 53 Hoje \u00e9 NS1.38.1.5, KIN 128, estrela espectral amarela, 11. KIN\u00a0 da onda encantada do(a) espelho, 10. onda do Tzolkin, 2. onda do castelo azul, castelo 3 do Tzolkin. Estamos no Tzolkin 53 do caminhante do c\u00e9u magn\u00e9tico vermelho, anel 38 da semente ressonante amarela, 1. lua deste anel, lua magn\u00e9tica do&hellip;\" \/>\n<meta property=\"og:url\" content=\"https:\/\/synchronotron.com\/index.php\/2025\/07\/30\/estrela-espectral-amarela-kin128-8-11\/\" \/>\n<meta property=\"og:site_name\" content=\"Synchronotron\" \/>\n<meta property=\"article:published_time\" content=\"2025-07-30T14:34:06+00:00\" \/>\n<meta property=\"article:modified_time\" content=\"2025-07-30T14:34:09+00:00\" \/>\n<meta property=\"og:image\" content=\"https:\/\/synchronotron.com\/wp-content\/uploads\/2023\/12\/artista.jpg\" \/>\n\t<meta property=\"og:image:width\" content=\"1034\" \/>\n\t<meta property=\"og:image:height\" content=\"1280\" \/>\n\t<meta property=\"og:image:type\" content=\"image\/jpeg\" \/>\n<meta name=\"author\" content=\"Gerd\" \/>\n<meta name=\"twitter:card\" content=\"summary_large_image\" \/>\n<meta name=\"twitter:label1\" content=\"Escrito por\" \/>\n\t<meta name=\"twitter:data1\" content=\"Gerd\" \/>\n\t<meta name=\"twitter:label2\" content=\"Est. tempo de leitura\" \/>\n\t<meta name=\"twitter:data2\" content=\"21 minutos\" \/>\n<script type=\"application\/ld+json\" class=\"yoast-schema-graph\">{\"@context\":\"https:\\\/\\\/schema.org\",\"@graph\":[{\"@type\":\"Article\",\"@id\":\"https:\\\/\\\/synchronotron.com\\\/index.php\\\/2025\\\/07\\\/30\\\/estrela-espectral-amarela-kin128-8-11\\\/#article\",\"isPartOf\":{\"@id\":\"https:\\\/\\\/synchronotron.com\\\/index.php\\\/2025\\\/07\\\/30\\\/estrela-espectral-amarela-kin128-8-11\\\/\"},\"author\":{\"name\":\"Gerd\",\"@id\":\"https:\\\/\\\/synchronotron.com\\\/#\\\/schema\\\/person\\\/cd4d4caede1c4a71ff2eebc7ecac6324\"},\"headline\":\"Estrela Espectral Amarela KIN128 (8.11)\",\"datePublished\":\"2025-07-30T14:34:06+00:00\",\"dateModified\":\"2025-07-30T14:34:09+00:00\",\"mainEntityOfPage\":{\"@id\":\"https:\\\/\\\/synchronotron.com\\\/index.php\\\/2025\\\/07\\\/30\\\/estrela-espectral-amarela-kin128-8-11\\\/\"},\"wordCount\":4134,\"commentCount\":0,\"publisher\":{\"@id\":\"https:\\\/\\\/synchronotron.com\\\/#organization\"},\"image\":{\"@id\":\"https:\\\/\\\/synchronotron.com\\\/index.php\\\/2025\\\/07\\\/30\\\/estrela-espectral-amarela-kin128-8-11\\\/#primaryimage\"},\"thumbnailUrl\":\"https:\\\/\\\/synchronotron.com\\\/wp-content\\\/uploads\\\/2023\\\/12\\\/artista.jpg\",\"articleSection\":[\"Ativa\u00e7\u00f5es\",\"Blog Aberto\"],\"inLanguage\":\"pt-BR\",\"potentialAction\":[{\"@type\":\"CommentAction\",\"name\":\"Comment\",\"target\":[\"https:\\\/\\\/synchronotron.com\\\/index.php\\\/2025\\\/07\\\/30\\\/estrela-espectral-amarela-kin128-8-11\\\/#respond\"]}]},{\"@type\":\"WebPage\",\"@id\":\"https:\\\/\\\/synchronotron.com\\\/index.php\\\/2025\\\/07\\\/30\\\/estrela-espectral-amarela-kin128-8-11\\\/\",\"url\":\"https:\\\/\\\/synchronotron.com\\\/index.php\\\/2025\\\/07\\\/30\\\/estrela-espectral-amarela-kin128-8-11\\\/\",\"name\":\"Estrela Espectral Amarela KIN128 (8.11) - Synchronotron\",\"isPartOf\":{\"@id\":\"https:\\\/\\\/synchronotron.com\\\/#website\"},\"primaryImageOfPage\":{\"@id\":\"https:\\\/\\\/synchronotron.com\\\/index.php\\\/2025\\\/07\\\/30\\\/estrela-espectral-amarela-kin128-8-11\\\/#primaryimage\"},\"image\":{\"@id\":\"https:\\\/\\\/synchronotron.com\\\/index.php\\\/2025\\\/07\\\/30\\\/estrela-espectral-amarela-kin128-8-11\\\/#primaryimage\"},\"thumbnailUrl\":\"https:\\\/\\\/synchronotron.com\\\/wp-content\\\/uploads\\\/2023\\\/12\\\/artista.jpg\",\"datePublished\":\"2025-07-30T14:34:06+00:00\",\"dateModified\":\"2025-07-30T14:34:09+00:00\",\"breadcrumb\":{\"@id\":\"https:\\\/\\\/synchronotron.com\\\/index.php\\\/2025\\\/07\\\/30\\\/estrela-espectral-amarela-kin128-8-11\\\/#breadcrumb\"},\"inLanguage\":\"pt-BR\",\"potentialAction\":[{\"@type\":\"ReadAction\",\"target\":[\"https:\\\/\\\/synchronotron.com\\\/index.php\\\/2025\\\/07\\\/30\\\/estrela-espectral-amarela-kin128-8-11\\\/\"]}]},{\"@type\":\"ImageObject\",\"inLanguage\":\"pt-BR\",\"@id\":\"https:\\\/\\\/synchronotron.com\\\/index.php\\\/2025\\\/07\\\/30\\\/estrela-espectral-amarela-kin128-8-11\\\/#primaryimage\",\"url\":\"https:\\\/\\\/synchronotron.com\\\/wp-content\\\/uploads\\\/2023\\\/12\\\/artista.jpg\",\"contentUrl\":\"https:\\\/\\\/synchronotron.com\\\/wp-content\\\/uploads\\\/2023\\\/12\\\/artista.jpg\",\"width\":1034,\"height\":1280},{\"@type\":\"BreadcrumbList\",\"@id\":\"https:\\\/\\\/synchronotron.com\\\/index.php\\\/2025\\\/07\\\/30\\\/estrela-espectral-amarela-kin128-8-11\\\/#breadcrumb\",\"itemListElement\":[{\"@type\":\"ListItem\",\"position\":1,\"name\":\"In\u00edcio\",\"item\":\"https:\\\/\\\/synchronotron.com\\\/\"},{\"@type\":\"ListItem\",\"position\":2,\"name\":\"Estrela Espectral Amarela KIN128 (8.11)\"}]},{\"@type\":\"WebSite\",\"@id\":\"https:\\\/\\\/synchronotron.com\\\/#website\",\"url\":\"https:\\\/\\\/synchronotron.com\\\/\",\"name\":\"Synchronotron\",\"description\":\"\",\"publisher\":{\"@id\":\"https:\\\/\\\/synchronotron.com\\\/#organization\"},\"potentialAction\":[{\"@type\":\"SearchAction\",\"target\":{\"@type\":\"EntryPoint\",\"urlTemplate\":\"https:\\\/\\\/synchronotron.com\\\/?s={search_term_string}\"},\"query-input\":{\"@type\":\"PropertyValueSpecification\",\"valueRequired\":true,\"valueName\":\"search_term_string\"}}],\"inLanguage\":\"pt-BR\"},{\"@type\":\"Organization\",\"@id\":\"https:\\\/\\\/synchronotron.com\\\/#organization\",\"name\":\"Synchronotron\",\"url\":\"https:\\\/\\\/synchronotron.com\\\/\",\"logo\":{\"@type\":\"ImageObject\",\"inLanguage\":\"pt-BR\",\"@id\":\"https:\\\/\\\/synchronotron.com\\\/#\\\/schema\\\/logo\\\/image\\\/\",\"url\":\"https:\\\/\\\/synchronotron.com\\\/wp-content\\\/uploads\\\/2023\\\/08\\\/cropped-logo-synchonotron-1.png\",\"contentUrl\":\"https:\\\/\\\/synchronotron.com\\\/wp-content\\\/uploads\\\/2023\\\/08\\\/cropped-logo-synchonotron-1.png\",\"width\":837,\"height\":837,\"caption\":\"Synchronotron\"},\"image\":{\"@id\":\"https:\\\/\\\/synchronotron.com\\\/#\\\/schema\\\/logo\\\/image\\\/\"}},{\"@type\":\"Person\",\"@id\":\"https:\\\/\\\/synchronotron.com\\\/#\\\/schema\\\/person\\\/cd4d4caede1c4a71ff2eebc7ecac6324\",\"name\":\"Gerd\",\"image\":{\"@type\":\"ImageObject\",\"inLanguage\":\"pt-BR\",\"@id\":\"https:\\\/\\\/synchronotron.com\\\/wp-content\\\/litespeed\\\/avatar\\\/32a81aaa2f6a0e47b016bd34d35d4016.jpg?ver=1777050573\",\"url\":\"https:\\\/\\\/synchronotron.com\\\/wp-content\\\/litespeed\\\/avatar\\\/32a81aaa2f6a0e47b016bd34d35d4016.jpg?ver=1777050573\",\"contentUrl\":\"https:\\\/\\\/synchronotron.com\\\/wp-content\\\/litespeed\\\/avatar\\\/32a81aaa2f6a0e47b016bd34d35d4016.jpg?ver=1777050573\",\"caption\":\"Gerd\"},\"url\":\"https:\\\/\\\/synchronotron.com\\\/index.php\\\/author\\\/gerd\\\/\"}]}<\/script>\n<!-- \/ Yoast SEO plugin. -->","yoast_head_json":{"title":"Estrela Espectral Amarela KIN128 (8.11) - Synchronotron","robots":{"index":"index","follow":"follow","max-snippet":"max-snippet:-1","max-image-preview":"max-image-preview:large","max-video-preview":"max-video-preview:-1"},"canonical":"https:\/\/synchronotron.com\/index.php\/2025\/07\/30\/estrela-espectral-amarela-kin128-8-11\/","og_locale":"pt_BR","og_type":"article","og_title":"Estrela Espectral Amarela KIN128 (8.11) - Synchronotron","og_description":"NS1.38 \/ Tzolkin 53 Hoje \u00e9 NS1.38.1.5, KIN 128, estrela espectral amarela, 11. KIN\u00a0 da onda encantada do(a) espelho, 10. onda do Tzolkin, 2. onda do castelo azul, castelo 3 do Tzolkin. Estamos no Tzolkin 53 do caminhante do c\u00e9u magn\u00e9tico vermelho, anel 38 da semente ressonante amarela, 1. lua deste anel, lua magn\u00e9tica do&hellip;","og_url":"https:\/\/synchronotron.com\/index.php\/2025\/07\/30\/estrela-espectral-amarela-kin128-8-11\/","og_site_name":"Synchronotron","article_published_time":"2025-07-30T14:34:06+00:00","article_modified_time":"2025-07-30T14:34:09+00:00","og_image":[{"width":1034,"height":1280,"url":"https:\/\/synchronotron.com\/wp-content\/uploads\/2023\/12\/artista.jpg","type":"image\/jpeg"}],"author":"Gerd","twitter_card":"summary_large_image","twitter_misc":{"Escrito por":"Gerd","Est. tempo de leitura":"21 minutos"},"schema":{"@context":"https:\/\/schema.org","@graph":[{"@type":"Article","@id":"https:\/\/synchronotron.com\/index.php\/2025\/07\/30\/estrela-espectral-amarela-kin128-8-11\/#article","isPartOf":{"@id":"https:\/\/synchronotron.com\/index.php\/2025\/07\/30\/estrela-espectral-amarela-kin128-8-11\/"},"author":{"name":"Gerd","@id":"https:\/\/synchronotron.com\/#\/schema\/person\/cd4d4caede1c4a71ff2eebc7ecac6324"},"headline":"Estrela Espectral Amarela KIN128 (8.11)","datePublished":"2025-07-30T14:34:06+00:00","dateModified":"2025-07-30T14:34:09+00:00","mainEntityOfPage":{"@id":"https:\/\/synchronotron.com\/index.php\/2025\/07\/30\/estrela-espectral-amarela-kin128-8-11\/"},"wordCount":4134,"commentCount":0,"publisher":{"@id":"https:\/\/synchronotron.com\/#organization"},"image":{"@id":"https:\/\/synchronotron.com\/index.php\/2025\/07\/30\/estrela-espectral-amarela-kin128-8-11\/#primaryimage"},"thumbnailUrl":"https:\/\/synchronotron.com\/wp-content\/uploads\/2023\/12\/artista.jpg","articleSection":["Ativa\u00e7\u00f5es","Blog Aberto"],"inLanguage":"pt-BR","potentialAction":[{"@type":"CommentAction","name":"Comment","target":["https:\/\/synchronotron.com\/index.php\/2025\/07\/30\/estrela-espectral-amarela-kin128-8-11\/#respond"]}]},{"@type":"WebPage","@id":"https:\/\/synchronotron.com\/index.php\/2025\/07\/30\/estrela-espectral-amarela-kin128-8-11\/","url":"https:\/\/synchronotron.com\/index.php\/2025\/07\/30\/estrela-espectral-amarela-kin128-8-11\/","name":"Estrela Espectral Amarela KIN128 (8.11) - Synchronotron","isPartOf":{"@id":"https:\/\/synchronotron.com\/#website"},"primaryImageOfPage":{"@id":"https:\/\/synchronotron.com\/index.php\/2025\/07\/30\/estrela-espectral-amarela-kin128-8-11\/#primaryimage"},"image":{"@id":"https:\/\/synchronotron.com\/index.php\/2025\/07\/30\/estrela-espectral-amarela-kin128-8-11\/#primaryimage"},"thumbnailUrl":"https:\/\/synchronotron.com\/wp-content\/uploads\/2023\/12\/artista.jpg","datePublished":"2025-07-30T14:34:06+00:00","dateModified":"2025-07-30T14:34:09+00:00","breadcrumb":{"@id":"https:\/\/synchronotron.com\/index.php\/2025\/07\/30\/estrela-espectral-amarela-kin128-8-11\/#breadcrumb"},"inLanguage":"pt-BR","potentialAction":[{"@type":"ReadAction","target":["https:\/\/synchronotron.com\/index.php\/2025\/07\/30\/estrela-espectral-amarela-kin128-8-11\/"]}]},{"@type":"ImageObject","inLanguage":"pt-BR","@id":"https:\/\/synchronotron.com\/index.php\/2025\/07\/30\/estrela-espectral-amarela-kin128-8-11\/#primaryimage","url":"https:\/\/synchronotron.com\/wp-content\/uploads\/2023\/12\/artista.jpg","contentUrl":"https:\/\/synchronotron.com\/wp-content\/uploads\/2023\/12\/artista.jpg","width":1034,"height":1280},{"@type":"BreadcrumbList","@id":"https:\/\/synchronotron.com\/index.php\/2025\/07\/30\/estrela-espectral-amarela-kin128-8-11\/#breadcrumb","itemListElement":[{"@type":"ListItem","position":1,"name":"In\u00edcio","item":"https:\/\/synchronotron.com\/"},{"@type":"ListItem","position":2,"name":"Estrela Espectral Amarela KIN128 (8.11)"}]},{"@type":"WebSite","@id":"https:\/\/synchronotron.com\/#website","url":"https:\/\/synchronotron.com\/","name":"Synchronotron","description":"","publisher":{"@id":"https:\/\/synchronotron.com\/#organization"},"potentialAction":[{"@type":"SearchAction","target":{"@type":"EntryPoint","urlTemplate":"https:\/\/synchronotron.com\/?s={search_term_string}"},"query-input":{"@type":"PropertyValueSpecification","valueRequired":true,"valueName":"search_term_string"}}],"inLanguage":"pt-BR"},{"@type":"Organization","@id":"https:\/\/synchronotron.com\/#organization","name":"Synchronotron","url":"https:\/\/synchronotron.com\/","logo":{"@type":"ImageObject","inLanguage":"pt-BR","@id":"https:\/\/synchronotron.com\/#\/schema\/logo\/image\/","url":"https:\/\/synchronotron.com\/wp-content\/uploads\/2023\/08\/cropped-logo-synchonotron-1.png","contentUrl":"https:\/\/synchronotron.com\/wp-content\/uploads\/2023\/08\/cropped-logo-synchonotron-1.png","width":837,"height":837,"caption":"Synchronotron"},"image":{"@id":"https:\/\/synchronotron.com\/#\/schema\/logo\/image\/"}},{"@type":"Person","@id":"https:\/\/synchronotron.com\/#\/schema\/person\/cd4d4caede1c4a71ff2eebc7ecac6324","name":"Gerd","image":{"@type":"ImageObject","inLanguage":"pt-BR","@id":"https:\/\/synchronotron.com\/wp-content\/litespeed\/avatar\/32a81aaa2f6a0e47b016bd34d35d4016.jpg?ver=1777050573","url":"https:\/\/synchronotron.com\/wp-content\/litespeed\/avatar\/32a81aaa2f6a0e47b016bd34d35d4016.jpg?ver=1777050573","contentUrl":"https:\/\/synchronotron.com\/wp-content\/litespeed\/avatar\/32a81aaa2f6a0e47b016bd34d35d4016.jpg?ver=1777050573","caption":"Gerd"},"url":"https:\/\/synchronotron.com\/index.php\/author\/gerd\/"}]}},"_links":{"self":[{"href":"https:\/\/synchronotron.com\/index.php\/wp-json\/wp\/v2\/posts\/17871","targetHints":{"allow":["GET"]}}],"collection":[{"href":"https:\/\/synchronotron.com\/index.php\/wp-json\/wp\/v2\/posts"}],"about":[{"href":"https:\/\/synchronotron.com\/index.php\/wp-json\/wp\/v2\/types\/post"}],"author":[{"embeddable":true,"href":"https:\/\/synchronotron.com\/index.php\/wp-json\/wp\/v2\/users\/2"}],"replies":[{"embeddable":true,"href":"https:\/\/synchronotron.com\/index.php\/wp-json\/wp\/v2\/comments?post=17871"}],"version-history":[{"count":2,"href":"https:\/\/synchronotron.com\/index.php\/wp-json\/wp\/v2\/posts\/17871\/revisions"}],"predecessor-version":[{"id":17882,"href":"https:\/\/synchronotron.com\/index.php\/wp-json\/wp\/v2\/posts\/17871\/revisions\/17882"}],"wp:featuredmedia":[{"embeddable":true,"href":"https:\/\/synchronotron.com\/index.php\/wp-json\/wp\/v2\/media\/4014"}],"wp:attachment":[{"href":"https:\/\/synchronotron.com\/index.php\/wp-json\/wp\/v2\/media?parent=17871"}],"wp:term":[{"taxonomy":"category","embeddable":true,"href":"https:\/\/synchronotron.com\/index.php\/wp-json\/wp\/v2\/categories?post=17871"},{"taxonomy":"post_tag","embeddable":true,"href":"https:\/\/synchronotron.com\/index.php\/wp-json\/wp\/v2\/tags?post=17871"}],"curies":[{"name":"wp","href":"https:\/\/api.w.org\/{rel}","templated":true}]}}