{"id":19120,"date":"2025-09-24T09:01:51","date_gmt":"2025-09-24T12:01:51","guid":{"rendered":"https:\/\/synchronotron.com\/?p=19120"},"modified":"2025-09-24T16:55:01","modified_gmt":"2025-09-24T19:55:01","slug":"semente-lunar-amarela-kin-184-4-2","status":"publish","type":"post","link":"https:\/\/synchronotron.com\/index.php\/2025\/09\/24\/semente-lunar-amarela-kin-184-4-2\/","title":{"rendered":"Semente Lunar Amarela KIN 184 (4.2)"},"content":{"rendered":"\n<div class=\"wp-block-cover aligncenter is-light\"><img fetchpriority=\"high\" decoding=\"async\" width=\"1016\" height=\"1280\" class=\"wp-block-cover__image-background wp-image-10509 size-full\" alt=\"\" src=\"https:\/\/synchronotron.com\/wp-content\/uploads\/2024\/11\/image-63.png\" data-object-fit=\"cover\" srcset=\"https:\/\/synchronotron.com\/wp-content\/uploads\/2024\/11\/image-63.png 1016w, https:\/\/synchronotron.com\/wp-content\/uploads\/2024\/11\/image-63-238x300.png 238w, https:\/\/synchronotron.com\/wp-content\/uploads\/2024\/11\/image-63-813x1024.png 813w, https:\/\/synchronotron.com\/wp-content\/uploads\/2024\/11\/image-63-768x968.png 768w, https:\/\/synchronotron.com\/wp-content\/uploads\/2024\/11\/image-63-600x756.png 600w\" sizes=\"(max-width: 1016px) 100vw, 1016px\" \/><span aria-hidden=\"true\" class=\"wp-block-cover__background has-background-dim\" style=\"background-color:#f2b19a\"><\/span><div class=\"wp-block-cover__inner-container is-layout-flow wp-block-cover-is-layout-flow\">\n<p class=\"has-text-align-center has-large-font-size\"><\/p>\n<\/div><\/div>\n\n\n\n<div style=\"height:100px\" aria-hidden=\"true\" class=\"wp-block-spacer\"><\/div>\n\n\n\n<figure class=\"wp-block-image size-full\"><img decoding=\"async\" width=\"829\" height=\"386\" src=\"https:\/\/synchronotron.com\/wp-content\/uploads\/2025\/09\/184.png\" alt=\"\" class=\"wp-image-19122\" srcset=\"https:\/\/synchronotron.com\/wp-content\/uploads\/2025\/09\/184.png 829w, https:\/\/synchronotron.com\/wp-content\/uploads\/2025\/09\/184-300x140.png 300w, https:\/\/synchronotron.com\/wp-content\/uploads\/2025\/09\/184-768x358.png 768w, https:\/\/synchronotron.com\/wp-content\/uploads\/2025\/09\/184-600x279.png 600w\" sizes=\"(max-width: 829px) 100vw, 829px\" \/><\/figure>\n\n\n\n<figure class=\"wp-block-image size-full\"><img decoding=\"async\" width=\"890\" height=\"784\" src=\"https:\/\/synchronotron.com\/wp-content\/uploads\/2025\/09\/image-2.png\" alt=\"\" class=\"wp-image-19123\" srcset=\"https:\/\/synchronotron.com\/wp-content\/uploads\/2025\/09\/image-2.png 890w, https:\/\/synchronotron.com\/wp-content\/uploads\/2025\/09\/image-2-300x264.png 300w, https:\/\/synchronotron.com\/wp-content\/uploads\/2025\/09\/image-2-768x677.png 768w, https:\/\/synchronotron.com\/wp-content\/uploads\/2025\/09\/image-2-600x529.png 600w\" sizes=\"(max-width: 890px) 100vw, 890px\" \/><\/figure>\n\n\n\n<div style=\"height:100px\" aria-hidden=\"true\" class=\"wp-block-spacer\"><\/div>\n\n\n\n<p class=\"has-text-align-center\"><strong>NS1.38 \/ Tzolkin 53<\/strong><\/p>\n\n\n\n<p class=\"has-text-align-center\"><strong>Estamos no anel NS 1.38 do(a) semente ressonante amarela<\/strong>, Tzolkin 53 do(a) caminhante do ce\u00fa magn\u00e9tico vermelho,&nbsp; 3. lua,&nbsp; lua el\u00e9trica do veado, heptal 9 vermelho, o conhecimento inicia a vis\u00e3o.<\/p>\n\n\n\n<p class=\"has-text-align-center\"><strong>Hoje \u00e9 NS 1.38.3.5, KIN 184, semente lunar amarela<\/strong>, 2. KIN&nbsp; da onda encantada do(a) noite, 15. onda do Tzolkin, 3. onda do castelo amarelo, castelo 4 do Tzolkin.<\/p>\n\n\n\n<p class=\"has-text-align-center\"><strong>Plasma ALFA, 5. porta do heptal, ativamos a 5. esfera mental com o hiperplasma HIPEREL\u00c9TRON<\/strong>, ativa\u00e7\u00e3o c\u00fabica no lado direito do cubo.<\/p>\n\n\n\n<p class=\"has-text-align-center\"><strong>Estamos no circuito 6 (Jupiter) gal\u00e1tico karmico no hipercubo, fluxos interplanet\u00e1rios<\/strong>: o Circuito 6 \u00e9 o circuito interno da unidade exterior, coordena a consci\u00eancia C\u00f3smica do Corpo de Luz Hexadimensional e transfer\u00eancia de informa\u00e7\u00e3o PES, Arqu\u00e9tipos o Inocente e o Vidente, acessa o Conselho Jupiteriano do Florescimento Criativo.<\/p>\n\n\n\n<p class=\"has-text-align-center\"><strong>HUNAB KU 21<\/strong><\/p>\n\n\n\n<p class=\"has-text-align-center\"><strong>Caminho do heptal 9, A ARTE EVOLUI O AMOR.<\/strong><\/p>\n\n\n\n<p class=\"has-text-align-center\"><strong>O ILUMINADO ABRE A PORTA DO TEMPO-ESPA\u00c7O,<\/strong> o(a) Inocente entra por ela, guiado pelo(a) Descobridor de Caminhos, apoiado pelo(a) Vidente, desafiado(a) pelo(a) Mago, recebe os poderes oculto do(a) Navegador.<\/p>\n\n\n\n<p class=\"has-text-align-center\"><\/p>\n\n\n<div class=\"wp-block-image\">\n<figure class=\"aligncenter size-full is-resized\"><img loading=\"lazy\" decoding=\"async\" width=\"934\" height=\"737\" src=\"https:\/\/synchronotron.com\/wp-content\/uploads\/2025\/09\/hk_184.png\" alt=\"\" class=\"wp-image-19124\" style=\"width:742px;height:auto\" srcset=\"https:\/\/synchronotron.com\/wp-content\/uploads\/2025\/09\/hk_184.png 934w, https:\/\/synchronotron.com\/wp-content\/uploads\/2025\/09\/hk_184-300x237.png 300w, https:\/\/synchronotron.com\/wp-content\/uploads\/2025\/09\/hk_184-768x606.png 768w, https:\/\/synchronotron.com\/wp-content\/uploads\/2025\/09\/hk_184-600x473.png 600w\" sizes=\"(max-width: 934px) 100vw, 934px\" \/><\/figure>\n<\/div>\n\n<div class=\"wp-block-image\">\n<figure class=\"aligncenter size-large is-resized\"><img loading=\"lazy\" decoding=\"async\" width=\"710\" height=\"1024\" src=\"https:\/\/synchronotron.com\/wp-content\/uploads\/2025\/09\/5087061206891170577-710x1024.jpg\" alt=\"\" class=\"wp-image-19115\" style=\"width:341px;height:auto\" srcset=\"https:\/\/synchronotron.com\/wp-content\/uploads\/2025\/09\/5087061206891170577-710x1024.jpg 710w, https:\/\/synchronotron.com\/wp-content\/uploads\/2025\/09\/5087061206891170577-208x300.jpg 208w, https:\/\/synchronotron.com\/wp-content\/uploads\/2025\/09\/5087061206891170577-768x1107.jpg 768w, https:\/\/synchronotron.com\/wp-content\/uploads\/2025\/09\/5087061206891170577-600x865.jpg 600w, https:\/\/synchronotron.com\/wp-content\/uploads\/2025\/09\/5087061206891170577.jpg 888w\" sizes=\"(max-width: 710px) 100vw, 710px\" \/><\/figure>\n<\/div>\n\n\n<div style=\"height:100px\" aria-hidden=\"true\" class=\"wp-block-spacer\"><\/div>\n\n\n\n<p class=\"has-text-align-center\"><strong>CHAVE SYNCHRONOTRON KIN DESTINO 4.2<\/strong><\/p>\n\n\n\n<p class=\"has-text-align-center\">A Matriz Base \u00e9 a ancora para todas as matrizes 441, na qual a cria\u00e7\u00e3o c\u00f3smica \u00e8 concebida. As grades Tempo, Espaco e Sincr\u00f3nica s\u00e3o as matrizes de coordena\u00e7\u00e3o. A Matriz Base se sobrep\u00f5e ao Perceptor Holomental, mostrando a s\u00edntese e o mapa novo c\u00e9rebro da mente gal\u00e1ctica.<\/p>\n\n\n\n<p class=\"has-text-align-center\"><strong>POSTULADO KIN DESTINO 4.2<\/strong><\/p>\n\n\n\n<p class=\"has-text-align-center\">Um corpo planet\u00e1rio \u00e9 a parte em \u00f3rbita da massa estelar na qual a incorpora\u00e7\u00e3o das geometrias cristalinas do tempo podem ter a possibilidade de executar e definir a dial\u00e9tica na qual o reflexo secund\u00e1rio da vida pode evoluir.<\/p>\n\n\n\n<div style=\"height:100px\" aria-hidden=\"true\" class=\"wp-block-spacer\"><\/div>\n\n\n\n<h2 class=\"wp-block-heading has-text-align-center\"><strong>ATIVA\u00c7\u00c3O SYNCHRONOTRON GUIADA<\/strong><\/h2>\n\n\n\n<p class=\"has-text-align-center\">A ativa\u00e7\u00e3o guiada \u00e9 um processo poderoso que visa ensinar cada indiv\u00edduo a se autoativar. <strong>O objetivo final desse processo \u00e9 que todos n\u00f3s possamos dominar a autoativa\u00e7\u00e3o,<\/strong> criando assim uma percep\u00e7\u00e3o mutlidimensional expandida \u00fanica e pessoal, bem como coletiva.<\/p>\n\n\n\n<p class=\"has-text-align-center\">Assumir essa maestria \u00e9 fundamental para impulsionar a ascens\u00e3o coletiva <strong>e facilitar a transi\u00e7\u00e3o da biosfera para a noosfera, ativando na pr\u00e1tica o nosso Perceptor Holmental.<\/strong><\/p>\n\n\n\n<p class=\"has-text-align-center\">Gratid\u00e3o pelo sevicio planet\u00e1rio c\u00f3smico.<\/p>\n\n\n<div class=\"wp-block-image\">\n<figure class=\"aligncenter size-full is-resized\"><img loading=\"lazy\" decoding=\"async\" width=\"697\" height=\"522\" src=\"https:\/\/synchronotron.com\/wp-content\/uploads\/2025\/05\/arco-iris.png\" alt=\"\" class=\"wp-image-16165\" style=\"width:347px;height:auto\" srcset=\"https:\/\/synchronotron.com\/wp-content\/uploads\/2025\/05\/arco-iris.png 697w, https:\/\/synchronotron.com\/wp-content\/uploads\/2025\/05\/arco-iris-300x225.png 300w, https:\/\/synchronotron.com\/wp-content\/uploads\/2025\/05\/arco-iris-160x120.png 160w, https:\/\/synchronotron.com\/wp-content\/uploads\/2025\/05\/arco-iris-600x449.png 600w\" sizes=\"(max-width: 697px) 100vw, 697px\" \/><\/figure>\n<\/div>\n\n\n<p class=\"has-text-align-center\"><strong>IN LAK\u00b4ECH<\/strong><\/p>\n\n\n\n<div style=\"height:100px\" aria-hidden=\"true\" class=\"wp-block-spacer\"><\/div>\n\n\n\n<p class=\"has-text-align-center\"><strong>CHAVES SYNCHRONOTRON<\/strong><\/p>\n\n\n\n<p class=\"has-text-align-center\"><strong>MATRIZES-MESTRAS E DIMENS\u00d5ES DO TEMPO<\/strong><\/p>\n\n\n\n<p>4.1&nbsp;&nbsp;&nbsp;&nbsp;&nbsp;&nbsp;&nbsp;&nbsp;&nbsp; 0 Sistema do Synchronotron contem quatro matrizes prim\u00e1rias do 441 mais o Perceptor Holomental. Essas quatro matrizes s\u00e3o: Matriz Base, Matriz Tempo, Matriz Espa\u00e7o e Matriz Sincr\u00f3nica. Cada uma delas pode ser sobreposta \u00e0 outra para criar diferentes &#8220;leituras&#8221;.&nbsp;&nbsp;&nbsp;&nbsp;&nbsp;&nbsp;&nbsp;&nbsp;&nbsp;&nbsp;&nbsp;&nbsp;&nbsp;&nbsp;&nbsp;<\/p>\n\n\n\n<p>4.2&nbsp;&nbsp;&nbsp;&nbsp;&nbsp;&nbsp;&nbsp;&nbsp;&nbsp; A Matriz Base \u00e9 a ancora para todas as matrizes 441, na qual a cria\u00e7\u00e3o c\u00f3smica \u00e9 concebida. As grades Tempo, Espaco e Sincr\u00f3nica s\u00e3o as matrizes de coordena\u00e7\u00e3o. A Matriz Base se sobrep\u00f5e ao Perceptor Holomental, mostrando a s\u00edntese e o mapa novo c\u00e9rebro da mente gal\u00e1ctica.&nbsp;&nbsp;&nbsp;&nbsp;&nbsp;&nbsp;&nbsp;&nbsp;&nbsp;&nbsp;&nbsp;&nbsp;&nbsp;&nbsp;&nbsp;&nbsp;&nbsp;&nbsp;&nbsp;&nbsp;&nbsp;&nbsp;<\/p>\n\n\n\n<p>4.3&nbsp;&nbsp;&nbsp;&nbsp;&nbsp;&nbsp;&nbsp;&nbsp;&nbsp; A Matriz Tempo \u00e9 uma for\u00e7a de sublima\u00e7\u00e3o (-) que n\u00e3o \u00e9 propriamente fenom\u00eanica, mas governa o tempo (calend\u00e1rio) do reino fenom\u00eanico, incluindo toda a biologia. Sem n\u00famero a Mente, o tempo e o espa\u00e7o tornam-se unidades indiferenciadas. &nbsp;&nbsp;&nbsp;&nbsp;&nbsp;&nbsp;&nbsp;&nbsp;&nbsp;&nbsp;&nbsp;&nbsp;&nbsp;&nbsp;&nbsp;&nbsp;&nbsp;&nbsp;&nbsp;&nbsp;&nbsp;&nbsp;&nbsp;&nbsp;<\/p>\n\n\n\n<p>4.4&nbsp;&nbsp;&nbsp;&nbsp;&nbsp;&nbsp;&nbsp;&nbsp;&nbsp; A Matriz Espa\u00e7o \u00e9 uma for\u00e7a de ativa\u00e7\u00e3o (+) que evolui para a biologia. Esta matriz biol\u00f3gica fenom\u00eanica evolui para a consci\u00eancia e torna-se unificada com o tempo. O n\u00famero da dimensionalidade ao espa\u00e7o e uma frequ\u00eancia da ordem c\u00edclica para o tempo.&nbsp;&nbsp;&nbsp;&nbsp;&nbsp;&nbsp;&nbsp;&nbsp;&nbsp;&nbsp;&nbsp;&nbsp;&nbsp;&nbsp;&nbsp;&nbsp;&nbsp;&nbsp;&nbsp;&nbsp;&nbsp;<\/p>\n\n\n\n<p>4.5&nbsp;&nbsp;&nbsp;&nbsp;&nbsp;&nbsp;&nbsp;&nbsp;&nbsp; A Matriz Tempo cont\u00e9m o Sincron\u00e1rio de 13 Luas, ou tempo sequencial localizado nas quatro Dimens\u00f5es do Tempo Exterior. A radializa\u00e7\u00e3o de todas as fun\u00e7\u00f5es mentais e sensoriais tamb\u00e9m ocorre nessas quatro Dimens\u00f5es do Tempo Exterior, cada uma das quais \u00e9 governada por uma Esfera Mental e um Hiperplasma. &nbsp;&nbsp;&nbsp;&nbsp;&nbsp;&nbsp;&nbsp;&nbsp;&nbsp;&nbsp;&nbsp;&nbsp;&nbsp;&nbsp;&nbsp;&nbsp;<\/p>\n\n\n\n<p>4.6&nbsp;&nbsp;&nbsp;&nbsp;&nbsp;&nbsp;&nbsp;&nbsp;&nbsp; A Matriz do Espa\u00e7o n\u00e3o \u00e9 uma superf\u00edcie ou um plano dimensional se estendendo em todas as dire\u00e7\u00f5es, mas um meio de coordena\u00e7\u00e3o interdimensional. A Matriz Sincr\u00f3nica cont\u00e9m o padr\u00e3o das 260 unidades do Tzolkin (13&#215;20).&nbsp;&nbsp;&nbsp;&nbsp; &nbsp;&nbsp;&nbsp;&nbsp;&nbsp;&nbsp;&nbsp;&nbsp;&nbsp;&nbsp;&nbsp;&nbsp;&nbsp;&nbsp;&nbsp;<\/p>\n\n\n\n<p>4.7&nbsp;&nbsp;&nbsp;&nbsp;&nbsp;&nbsp;&nbsp;&nbsp;&nbsp; A evolu\u00e7\u00e3o do espa\u00e7o atrav\u00e9s do tempo \u00e9 realizada pelo numero. Todos os n\u00fameros podem ser reduzidos \u00e0 sua Unidade Matriz Base (UMB) e esta, por sua vez, \u00e9 um n\u00famero ps\u00edquico inteiro da Mente Superior que est\u00e1 conectada ao Perceptor Holomental, onde diversos n\u00edveis de informa\u00e7\u00e3o podem ser lidos.&nbsp;&nbsp;&nbsp;&nbsp;&nbsp;&nbsp;&nbsp;&nbsp;&nbsp;&nbsp;&nbsp;&nbsp;&nbsp;&nbsp;&nbsp;&nbsp;&nbsp;&nbsp;<\/p>\n\n\n\n<p>4.8&nbsp;&nbsp;&nbsp;&nbsp;&nbsp;&nbsp;&nbsp;&nbsp;&nbsp; Dentro do Sistema do Cubo, o ser humano \u00e9 um n\u00famero inteiro ou a matriz de n\u00fameros inteiros que usam componentes psicossom\u00e1ticos como um meio de evolu\u00e7\u00e3o iluminada. Conhecer seus n\u00fameros inteiros\/matriz dos n\u00fameros inteiros permite ao ser humano realizar suas fun\u00e7\u00f5es no cubo.&nbsp;&nbsp;&nbsp;&nbsp;&nbsp;&nbsp;&nbsp;&nbsp;&nbsp;&nbsp;&nbsp;&nbsp;&nbsp;&nbsp;&nbsp;&nbsp;&nbsp;&nbsp;&nbsp;&nbsp;&nbsp;&nbsp;&nbsp;&nbsp;<\/p>\n\n\n\n<p>4.9&nbsp;&nbsp;&nbsp;&nbsp;&nbsp;&nbsp;&nbsp;&nbsp;&nbsp; Cada Matriz do Cubo 441 contem quatro Dimens\u00f5es do Tempo Exterior que coordenam a realidade fenom\u00eanico relativa ocorrendo em quatro est\u00e1gios sequenciais simult\u00e2neos: 1) Cria\u00e7\u00e3o C\u00f3smica 2) Ascens\u00e3o C\u00f3smica, 3) Sincroniza\u00e7\u00e3o C\u00f3smica e 4) Cubo C\u00f3smico.&nbsp;&nbsp;&nbsp;&nbsp;&nbsp;&nbsp;&nbsp;&nbsp;&nbsp;&nbsp;&nbsp;&nbsp;&nbsp;&nbsp;&nbsp;&nbsp;&nbsp;&nbsp;&nbsp;&nbsp;&nbsp;<\/p>\n\n\n\n<p>4.10&nbsp;&nbsp;&nbsp;&nbsp;&nbsp;&nbsp; A Cria\u00e7\u00e3o C\u00f3smica governa a Primeira Dimens\u00e3o do Tempo Exterior. Espontaneamente surge a criatividade original, n\u00e3o planejada. A Cria\u00e7\u00e3o C\u00f3smica \u00e9 uma fun\u00e7\u00e3o da Primeira Esfera Mental: pr\u00e9-consciente. Hiperplasma Alfa-Alfa de samadhi&nbsp; profundo. &nbsp;&nbsp;&nbsp;&nbsp;&nbsp;&nbsp;&nbsp;&nbsp;&nbsp;&nbsp;&nbsp;&nbsp;&nbsp;&nbsp;&nbsp;&nbsp;&nbsp;&nbsp;&nbsp;&nbsp;&nbsp;<\/p>\n\n\n\n<p>4.11&nbsp;&nbsp;&nbsp;&nbsp;&nbsp;&nbsp; A Ascens\u00e3o C\u00f3smica governa a Segunda Dimens\u00e3o do Tempo Exterior, sendo a resultado da maestria superior do controle da mente. A Ascens\u00e3o C\u00f3smica \u00e9 uma fun\u00e7\u00e3o da Quarta Esfera Mental: consciente continuo. Hiperplasma Beta-Alfa do controle da mente superior.&nbsp;&nbsp;&nbsp;&nbsp;&nbsp;&nbsp;&nbsp;&nbsp;&nbsp;&nbsp;&nbsp;&nbsp;&nbsp;&nbsp;&nbsp;&nbsp;&nbsp;&nbsp;&nbsp;&nbsp;&nbsp;<\/p>\n\n\n\n<p>4.12&nbsp;&nbsp;&nbsp;&nbsp;&nbsp;&nbsp; A Sincroniza\u00e7\u00e3o C\u00f3smica governa a Terceira Dimens\u00e3o do Tempo Exterior e ativa o inconsciente. A Lei do Tempo torna consciente o que at\u00e9 ent\u00e3o era inconsciente. A Sincroniza\u00e7\u00e3o C\u00f3smica \u00e9 uma fun\u00e7\u00e3o da Segunda Esfera Mental: inconsciente. Hiperplasma Alfa-Beta do samadhi informativo. &nbsp;&nbsp;&nbsp;&nbsp;&nbsp;&nbsp;&nbsp;&nbsp;&nbsp;&nbsp;&nbsp;&nbsp;&nbsp;&nbsp;&nbsp;<\/p>\n\n\n\n<p class=\"has-text-align-left\">4.13&nbsp;&nbsp;&nbsp;&nbsp;&nbsp;&nbsp; 0 Cubo C\u00f3smico governa a Quarta Dimens\u00e3o do Tempo Exterior. A realiza\u00e7\u00e3o do Cubo C\u00f3smico \u00e9 uma fun\u00e7\u00e3o da atividade da vontade consciente. O Cubo C\u00f3smico \u00e9 uma fun\u00e7\u00e3o da Terceira Esfera Mental: consciente. Hiperplasma Beta-Beta da mediunidade consciente desperta.&nbsp;&nbsp;&nbsp;&nbsp;&nbsp;&nbsp;<\/p>\n\n\n\n<div style=\"height:100px\" aria-hidden=\"true\" class=\"wp-block-spacer\"><\/div>\n\n\n\n<p class=\"has-text-align-center\"><strong>POSTULADOS<\/strong><\/p>\n\n\n\n<p class=\"has-text-align-center\"><strong>O C\u00c9REBRO GAL\u00c1CTICO INCORPORADO NO CORPO EVOLUTIVO DO PLANETA TERRA<\/strong><\/p>\n\n\n\n<p>4.1&nbsp;&nbsp;&nbsp;&nbsp;&nbsp;&nbsp;&nbsp;&nbsp;&nbsp; Um corpo planet\u00e1rio \u00e9 uma proje\u00e7\u00e3o materializada em forma de espiral de uma massa estelar prim\u00e1ria. Portanto, o corpo do planeta participa holonomicamente da mesma estrutura do processo que caracteriza o C\u00e9rebro Gal\u00e1ctico.&nbsp;&nbsp; &nbsp;&nbsp;&nbsp;&nbsp;&nbsp;&nbsp;&nbsp;&nbsp;&nbsp;&nbsp;&nbsp;&nbsp;&nbsp;&nbsp;&nbsp;<\/p>\n\n\n\n<p>4.2&nbsp;&nbsp;&nbsp;&nbsp;&nbsp;&nbsp;&nbsp;&nbsp;&nbsp; Um corpo planet\u00e1rio \u00e9 a parte em \u00f3rbita da massa estelar na qual a incorpora\u00e7\u00e3o das geometrias cristalinas do tempo podem ter a possibilidade de executar e definir a dial\u00e9tica na qual o reflexo secund\u00e1rio da vida pode evoluir.&nbsp; &nbsp;&nbsp;&nbsp;&nbsp;&nbsp;&nbsp;&nbsp;&nbsp;&nbsp;&nbsp;&nbsp;&nbsp;&nbsp;&nbsp;&nbsp;<\/p>\n\n\n\n<p>4.3&nbsp;&nbsp;&nbsp;&nbsp;&nbsp;&nbsp;&nbsp;&nbsp;&nbsp; No corpo planet\u00e1rio, a proje\u00e7\u00e3o cristal do tempo como forma, interage quimicamente com as radia\u00e7\u00f5es fot\u00f4nicas emanando principalmente da estrela local. A forma cristalina estabelece uma pulsa\u00e7\u00e3o solar dentro e de acordo com a velocidade de rota\u00e7\u00e3o do corpo planet\u00e1rio em sua altern\u00e2ncia das fases do dia e da noite.&nbsp;&nbsp;&nbsp;&nbsp;&nbsp;&nbsp;&nbsp;&nbsp;&nbsp;&nbsp;&nbsp;&nbsp;&nbsp;&nbsp;&nbsp;&nbsp;&nbsp;&nbsp;&nbsp;&nbsp;&nbsp;&nbsp;&nbsp;<\/p>\n\n\n\n<p>4.4&nbsp;&nbsp;&nbsp;&nbsp;&nbsp;&nbsp;&nbsp;&nbsp;&nbsp; O C\u00e9rebro Gal\u00e1ctico incorporado no corpo evolutivo do planeta Terra transforma inevitavelmente a dial\u00e9tica da pulsa\u00e7\u00e3o solar e a altern\u00e2ncia das fases do dia e da noite em um complexo de formas inorg\u00e2nicas pr\u00e9-conscientes nas quais o elemento \u00e1gua \u00e9 quimicamente gerado da intera\u00e7\u00e3o do cristal, da luz e do calor (condi\u00e7\u00f5es de energia luminosa-el\u00e9trica e t\u00e9rmica-cin\u00e9tica).&nbsp;&nbsp;&nbsp;&nbsp;&nbsp;&nbsp;&nbsp;&nbsp;&nbsp;&nbsp;&nbsp;&nbsp;&nbsp;&nbsp;&nbsp;&nbsp;&nbsp;&nbsp;&nbsp;&nbsp;&nbsp;&nbsp;&nbsp;&nbsp;&nbsp;&nbsp;<\/p>\n\n\n\n<p>4.5&nbsp;&nbsp;&nbsp;&nbsp;&nbsp;&nbsp;&nbsp;&nbsp;&nbsp; Uma vez que o elemento \u00e1gua tenha sido induzido termoeletricamente, ent\u00e3o a condi\u00e7\u00e3o prim\u00e1ria para o reflexo secund\u00e1rio, a vida, \u00e9 estabelecido dentro da ordem evolutiva planet\u00e1ria como a intera\u00e7\u00e3o auto-geradora das fun\u00e7\u00f5es luminosas e t\u00e9rmico-qu\u00edmicas. A s\u00edntese da luz nas plantas \u00e9 diretamente proporcional \u00e0 capacidade processadora de \u00e1gua termicamente regulada do sistema de ra\u00edzes.&nbsp;&nbsp;&nbsp;&nbsp;&nbsp;&nbsp;&nbsp;&nbsp;&nbsp;&nbsp;&nbsp;&nbsp;&nbsp;&nbsp;&nbsp;&nbsp;&nbsp;&nbsp;<\/p>\n\n\n\n<p>4.6&nbsp;&nbsp;&nbsp;&nbsp;&nbsp;&nbsp;&nbsp;&nbsp;&nbsp; A planta \u00e9 para o reino org\u00e2nico o que o cristal \u00e9 para o reino inorg\u00e2nico. As geometrias radiativas do tempo informam a estrutura e o poder procriativo de todas as plantas. A dura\u00e7\u00e3o das plantas como uma esp\u00e9cie, e n\u00e3o somente o ciclo de um elemento individual, mant\u00e9m a ordem do tempo dentro do reino org\u00e2nico inconsciente instintivo da vida. A dura\u00e7\u00e3o das plantas \u00e9 o complemento para a dura\u00e7\u00e3o dos cristais, e juntos criam a dial\u00e9tica do ambiente vivo planet\u00e1rio chamado biosfera.&nbsp;&nbsp;&nbsp;&nbsp;&nbsp;&nbsp;&nbsp;&nbsp;&nbsp;&nbsp;&nbsp;&nbsp;&nbsp;&nbsp;&nbsp;&nbsp;&nbsp;&nbsp;&nbsp;&nbsp;&nbsp;&nbsp;&nbsp;&nbsp;<\/p>\n\n\n\n<p>4.7&nbsp;&nbsp;&nbsp;&nbsp;&nbsp;&nbsp;&nbsp;&nbsp;&nbsp; A vida em si \u00e9 a fun\u00e7\u00e3o de um c\u00f3digo-programa originando-se na matriz radial do tempo quadridimensional. No planeta Terra este c\u00f3digo \u00e9 conhecido como o c\u00f3digo do DNA de 64 unidades. \u00c9 a intera\u00e7\u00e3o do c\u00f3digo do DNA com a Lei do Tempo, T(E)=Arte, por cuja freq\u00fc\u00eancia sincronizadora 13:20, as ordens evolutivas da vida s\u00e3o formadas.&nbsp;&nbsp;&nbsp;&nbsp;&nbsp;&nbsp;&nbsp;&nbsp;&nbsp;&nbsp;&nbsp;&nbsp;&nbsp;&nbsp;&nbsp;&nbsp;&nbsp;&nbsp;&nbsp;&nbsp;&nbsp;&nbsp;&nbsp;&nbsp;&nbsp;<\/p>\n\n\n\n<p>4.8&nbsp;&nbsp;&nbsp;&nbsp;&nbsp;&nbsp;&nbsp;&nbsp;&nbsp; &#8220;Os 64 c\u00f3dons do DNA que cont\u00e9m o programa informativo para todas as possibilidades da vida do reflexo secund\u00e1rio org\u00e2nico no desenvolvimento evolutivo de um planeta determinado, s\u00e3o matematicamente a s\u00e9tima ordem de uma seq\u00fc\u00eancia bin\u00e1ria que se inicia com uma duplica\u00e7\u00e3o da unidade prim\u00e1ria (1):  2, 4, 8, 16, 32, 64. Nesta seq\u00fc\u00eancia, o 32 representa a ordem complexa, o cristal, de cuja dial\u00e9tica bin\u00e1ria a vida do reflexo secund\u00e1rio (64) \u00e9 gerada.&#8221;&nbsp;&nbsp;&nbsp;&nbsp;&nbsp;&nbsp;&nbsp;&nbsp;&nbsp;&nbsp;&nbsp;&nbsp;&nbsp;&nbsp;&nbsp;&nbsp;&nbsp;&nbsp;&nbsp;&nbsp;&nbsp;&nbsp;&nbsp;&nbsp;<\/p>\n\n\n\n<p>4.9&nbsp;&nbsp;&nbsp;&nbsp;&nbsp;&nbsp;&nbsp;&nbsp;&nbsp; O poder formal do cristal incorpora a Sexta ordem ou a ordem reticulada c\u00fabica da progress\u00e3o bin\u00e1ria. As cinco ordens precedentes, unidade 1, polaridade 2, forma posi\u00e7\u00e3o 4, espa\u00e7o extensivo 8, harm\u00f4nico 16, combinados com o ret\u00edculo c\u00fabico cristal 32, s\u00e3o ent\u00e3o incorporados e inclu\u00eddos na vida, 64, forma auto-produtiva. Na progress\u00e3o matem\u00e1tica radial da quarta dimens\u00e3o, todas as ordens inferiores est\u00e3o inclu\u00eddas e incorporadas nas ordens mais elevadas.&nbsp;&nbsp;&nbsp;&nbsp;&nbsp;&nbsp;&nbsp;&nbsp;&nbsp;&nbsp;&nbsp; &nbsp;&nbsp;&nbsp;&nbsp;&nbsp;&nbsp;&nbsp;&nbsp;&nbsp;&nbsp;&nbsp;&nbsp;&nbsp;&nbsp;&nbsp;<\/p>\n\n\n\n<p>4.10&nbsp;&nbsp;&nbsp;&nbsp;&nbsp;&nbsp; A dura\u00e7\u00e3o da biosfera como a complexidade da dial\u00e9tica do cristal e seu reflexo secund\u00e1rio, a vida, constitui a ordem inteira do C\u00e9rebro Gal\u00e1ctico em todo o seu espectro de possibilidades evolutivas. A biosfera evolui atrav\u00e9s do pr\u00e9-consciente o inconsciente, e de inconsciente, passando atrav\u00e9s do consciente e do consciente cont\u00ednuo para o superconsciente.&nbsp;&nbsp;&nbsp;&nbsp;&nbsp;&nbsp;&nbsp;&nbsp;&nbsp;&nbsp;&nbsp;&nbsp;&nbsp;&nbsp;&nbsp;&nbsp;&nbsp;&nbsp;&nbsp;&nbsp;&nbsp;&nbsp;&nbsp;&nbsp;&nbsp;&nbsp;&nbsp;<\/p>\n\n\n\n<p>4.11&nbsp;&nbsp;&nbsp;&nbsp;&nbsp;&nbsp; Dentro da ordem biosf\u00e9rica, todas as fun\u00e7\u00f5es inorg\u00e2nicas constituem um \u00fanico processo unit\u00e1rio chamado processo biogeoqu\u00edmico. O processo biogeoqu\u00edmico \u00e9 mantido pela troca de energia qu\u00edmica auto-mutante, conhecida como a migra\u00e7\u00e3o biog\u00eanica de \u00e1tomos.&nbsp;&nbsp;&nbsp;&nbsp;&nbsp;&nbsp;&nbsp;&nbsp;&nbsp;&nbsp;&nbsp;&nbsp;&nbsp;&nbsp;&nbsp;&nbsp;&nbsp;&nbsp;&nbsp;&nbsp;&nbsp;&nbsp;&nbsp;&nbsp;&nbsp;&nbsp;&nbsp;&nbsp;&nbsp;&nbsp;<\/p>\n\n\n\n<p>4.12&nbsp;&nbsp;&nbsp;&nbsp;&nbsp;&nbsp; O aumento da complexidade do processo biogeoqu\u00edmico \u00e9 caracterizado pela acelera\u00e7\u00e3o da migra\u00e7\u00e3o biog\u00eanica de \u00e1tomos, pela incid\u00eancia de n\u00edveis cada vez mais complexos de vida, induzindo \u00e0 transi\u00e7\u00e3o de ordem de exist\u00eancia inconsciente para consciente.&nbsp;&nbsp;&nbsp;&nbsp;&nbsp;&nbsp;&nbsp;&nbsp;&nbsp;&nbsp;&nbsp;&nbsp;&nbsp;&nbsp;&nbsp;&nbsp;&nbsp;<\/p>\n\n\n\n<p class=\"has-text-align-left\">4.13&nbsp;&nbsp;&nbsp;&nbsp;&nbsp;&nbsp; Dentro da ordem biosf\u00e9rica evolutiva da Terra, a esp\u00e9cie humana representa a m\u00e1xima complexidade do processo biogeoqu\u00edmico, resultando num poder auto-reflexivo. Na ordem humana, a transi\u00e7\u00e3o de consciente para consciente-cont\u00ednuo \u00e9 o dom\u00ednio de seus poderes auto-reflexivos. O ponto cr\u00edtico para criar uma consci\u00eancia cont\u00ednua sustent\u00e1vel \u00e9 dependente da descoberta auto-reflexiva da Lei do Tempo, a que marca o cl\u00edmax da evolu\u00e7\u00e3o da biosfera como uma ordem inconsciente, e inicia a evolu\u00e7\u00e3o da biosfera na ordem supra-consciente de ser ou consci\u00eancia c\u00f3smica.&nbsp;&nbsp;&nbsp;&nbsp;&nbsp;&nbsp;&nbsp;&nbsp;&nbsp;&nbsp;&nbsp;&nbsp;&nbsp;&nbsp;&nbsp;&nbsp;<\/p>\n\n\n\n<div style=\"height:100px\" aria-hidden=\"true\" class=\"wp-block-spacer\"><\/div>\n\n\n\n<h2 class=\"wp-block-heading has-text-align-center\"><strong>ATIVA\u00c7\u00c3O SYNCHRONOTRON<\/strong><\/h2>\n\n\n<div class=\"wp-block-image\">\n<figure class=\"aligncenter size-full is-resized\"><img loading=\"lazy\" decoding=\"async\" width=\"972\" height=\"536\" src=\"https:\/\/synchronotron.com\/wp-content\/uploads\/2025\/09\/441coord_184.png\" alt=\"\" class=\"wp-image-19125\" style=\"width:834px;height:auto\" srcset=\"https:\/\/synchronotron.com\/wp-content\/uploads\/2025\/09\/441coord_184.png 972w, https:\/\/synchronotron.com\/wp-content\/uploads\/2025\/09\/441coord_184-300x165.png 300w, https:\/\/synchronotron.com\/wp-content\/uploads\/2025\/09\/441coord_184-768x424.png 768w, https:\/\/synchronotron.com\/wp-content\/uploads\/2025\/09\/441coord_184-600x331.png 600w\" sizes=\"(max-width: 972px) 100vw, 972px\" \/><\/figure>\n<\/div>\n\n<div class=\"wp-block-image\">\n<figure class=\"aligncenter size-full\"><img loading=\"lazy\" decoding=\"async\" width=\"1032\" height=\"757\" src=\"https:\/\/synchronotron.com\/wp-content\/uploads\/2025\/09\/441_184-2.png\" alt=\"\" class=\"wp-image-19137\" srcset=\"https:\/\/synchronotron.com\/wp-content\/uploads\/2025\/09\/441_184-2.png 1032w, https:\/\/synchronotron.com\/wp-content\/uploads\/2025\/09\/441_184-2-300x220.png 300w, https:\/\/synchronotron.com\/wp-content\/uploads\/2025\/09\/441_184-2-1024x751.png 1024w, https:\/\/synchronotron.com\/wp-content\/uploads\/2025\/09\/441_184-2-768x563.png 768w, https:\/\/synchronotron.com\/wp-content\/uploads\/2025\/09\/441_184-2-600x440.png 600w\" sizes=\"(max-width: 1032px) 100vw, 1032px\" \/><\/figure>\n<\/div>\n\n<div class=\"wp-block-image\">\n<figure class=\"aligncenter size-large\"><img loading=\"lazy\" decoding=\"async\" width=\"1024\" height=\"601\" src=\"https:\/\/synchronotron.com\/wp-content\/uploads\/2025\/09\/photo_5089126600829242127_y-1024x601.jpg\" alt=\"\" class=\"wp-image-19131\" srcset=\"https:\/\/synchronotron.com\/wp-content\/uploads\/2025\/09\/photo_5089126600829242127_y-1024x601.jpg 1024w, https:\/\/synchronotron.com\/wp-content\/uploads\/2025\/09\/photo_5089126600829242127_y-300x176.jpg 300w, https:\/\/synchronotron.com\/wp-content\/uploads\/2025\/09\/photo_5089126600829242127_y-768x451.jpg 768w, https:\/\/synchronotron.com\/wp-content\/uploads\/2025\/09\/photo_5089126600829242127_y-600x352.jpg 600w, https:\/\/synchronotron.com\/wp-content\/uploads\/2025\/09\/photo_5089126600829242127_y.jpg 1280w\" sizes=\"(max-width: 1024px) 100vw, 1024px\" \/><\/figure>\n<\/div>\n\n<div class=\"wp-block-image\">\n<figure class=\"aligncenter size-full is-resized\"><img loading=\"lazy\" decoding=\"async\" width=\"466\" height=\"767\" src=\"https:\/\/synchronotron.com\/wp-content\/uploads\/2025\/09\/photo_5089126600829242128_x.jpg\" alt=\"\" class=\"wp-image-19132\" style=\"width:508px;height:auto\" srcset=\"https:\/\/synchronotron.com\/wp-content\/uploads\/2025\/09\/photo_5089126600829242128_x.jpg 466w, https:\/\/synchronotron.com\/wp-content\/uploads\/2025\/09\/photo_5089126600829242128_x-182x300.jpg 182w\" sizes=\"(max-width: 466px) 100vw, 466px\" \/><\/figure>\n<\/div>\n\n\n<div style=\"height:100px\" aria-hidden=\"true\" class=\"wp-block-spacer\"><\/div>\n\n\n\n<h2 class=\"wp-block-heading has-text-align-center\">Manitu Planet\u00e1rio (Matriz do Espa\u00e7o)<\/h2>\n\n\n<div class=\"wp-block-image\">\n<figure class=\"aligncenter size-full is-resized\"><img loading=\"lazy\" decoding=\"async\" width=\"901\" height=\"1280\" src=\"https:\/\/synchronotron.com\/wp-content\/uploads\/2025\/03\/photo_5132137481364418133_y.jpg\" alt=\"\" class=\"wp-image-15204\" style=\"width:740px;height:auto\" srcset=\"https:\/\/synchronotron.com\/wp-content\/uploads\/2025\/03\/photo_5132137481364418133_y.jpg 901w, https:\/\/synchronotron.com\/wp-content\/uploads\/2025\/03\/photo_5132137481364418133_y-211x300.jpg 211w, https:\/\/synchronotron.com\/wp-content\/uploads\/2025\/03\/photo_5132137481364418133_y-721x1024.jpg 721w, https:\/\/synchronotron.com\/wp-content\/uploads\/2025\/03\/photo_5132137481364418133_y-768x1091.jpg 768w, https:\/\/synchronotron.com\/wp-content\/uploads\/2025\/03\/photo_5132137481364418133_y-600x852.jpg 600w\" sizes=\"(max-width: 901px) 100vw, 901px\" \/><\/figure>\n<\/div>\n\n<div class=\"wp-block-image\">\n<figure class=\"aligncenter size-large\"><img loading=\"lazy\" decoding=\"async\" width=\"598\" height=\"1024\" src=\"https:\/\/synchronotron.com\/wp-content\/uploads\/2025\/09\/photo_5089126600829242129_y-598x1024.jpg\" alt=\"\" class=\"wp-image-19133\" srcset=\"https:\/\/synchronotron.com\/wp-content\/uploads\/2025\/09\/photo_5089126600829242129_y-598x1024.jpg 598w, https:\/\/synchronotron.com\/wp-content\/uploads\/2025\/09\/photo_5089126600829242129_y-175x300.jpg 175w, https:\/\/synchronotron.com\/wp-content\/uploads\/2025\/09\/photo_5089126600829242129_y-600x1028.jpg 600w, https:\/\/synchronotron.com\/wp-content\/uploads\/2025\/09\/photo_5089126600829242129_y.jpg 747w\" sizes=\"(max-width: 598px) 100vw, 598px\" \/><\/figure>\n<\/div>\n\n\n<div style=\"height:100px\" aria-hidden=\"true\" class=\"wp-block-spacer\"><\/div>\n\n\n\n<h4 class=\"wp-block-heading has-text-align-center\">\u00cdNDICE PERCEPTOR HOLOMENTAL<\/h4>\n\n\n\n<p><strong>PH (porta do heptal), V. 11, H. 14. UMB 414. Runa Harm\u00f4nica UR 90: O Todo da Arte Gal\u00e1ctica \u00e9 Definida pelo Tempo.<\/strong> 4\u00aaOitava: Oitava do Todo da Arte Gal\u00e1ctico. Runa da Fila 12. Oitava porta de Unidade do tempo vertical ascendente. Corresponde ao Iluminado (Sol): Quarto Portal da Matriz de Hunab Ku 21. O Sol mede a for\u00e7a da luz-fot\u00f3n-cicl\u00f3n de Hunab Ku com a linha de for\u00e7a centr\u00edpeta lum\u00ednica Dum Duar e a linha de for\u00e7a lum\u00ednico-t\u00e9rmica centr\u00edpeta de Kemio. A partir daqui \u00e9 gerado Hipereletron que estimula os estados da mente superconsciente. Ativa a c\u00e9lula harm\u00f4nica polar sul do polo Darka com o hiper el\u00e9tron e sela a plasma radial: Alfa. Abre a quinta porta do heptal: a porta da ilumina\u00e7\u00e3o. Plut\u00e3o Gal\u00e1ctico-Karmico.<\/p>\n\n\n\n<p>T (tempo), V.5, H.3. UMB 183. Matriz do n\u00facleo dos sentidos de quinta for\u00e7a. \u201cVis\u00e3o da Cria\u00e7\u00e3o C\u00f3smica\u201d organiza e coordena o espectro psicof\u00edsico inteiro da consci\u00eancia visual (interna, externa e et\u00e9rica) no canal Alfa-Alfa.<\/p>\n\n\n\n<p>E (espa\u00e7o), V.4, H.16. UMB 257. (-1) Primeira magnitude do circuito coordenador superconsciente de quinta for\u00e7a do canal Alfa-Beta. Sublimar e transferir os sinais internos do tempo 5D do prop\u00f3sito magn\u00e9tico ao n\u00facleo radial dos sentidos da Sincroniza\u00e7\u00e3o C\u00f3smica.<\/p>\n\n\n\n<p>S (syncr\u00f4nica), V. 14, H. 4. UMB 235. (+6) Sexta magnitude do fluxo do espa\u00e7o externo. Ativa o hiperplasma Beta-Alfa da Ascens\u00e3o C\u00f3smica (na 2\u00aa dimens\u00e3o do tempo exterior). Campo de for\u00e7a do controle da mente superior (2D) ativado pelo campo de for\u00e7a (7D) do Perceptor Holomental radializado radiosonicamente: Comando C\u00f3smico Descendente.<\/p>\n\n\n\n<p>ME (mestre), V. 16, H. 9. UMB 328. (+19) Decima nona magnitude do fluxo do espa\u00e7o externo. Ativa o hiperplasma Beta-Alfa da Ascens\u00e3o C\u00f3smica (na 2\u00aa dimens\u00e3o do tempo exterior). Campo de for\u00e7a do Controle da Mente Superior \u00e9 ativado pelo Campo de For\u00e7a Lum\u00ednico Duar Azul de 6D.<\/p>\n\n\n\n<p>PSI Crono, V.7, H.19. UMB 205. (+10) D\u00e9cima magnitude do circuito PES 6\u00ba dimensional. Ativa a comunica\u00e7\u00e3o subliminal no campo de for\u00e7a Alfa-Beta do samadhi informativo. O samadhi informativo ativa a segunda esfera mental: subconsciente.<\/p>\n\n\n\n<p>KE (KIN equivalente), V. 17, H. 9. UMB 281. (+24) Vig\u00e9sima-Quarta magnitude do fluxo do espa\u00e7o externo. Ativa o hiperplasma Beta-Alfa da Ascens\u00e3o C\u00f3smica (na 2\u00aa dimens\u00e3o do tempo exterior). Campo de for\u00e7a do controle da mente superior (2D) ativado pelo campo de for\u00e7a lum\u00ednico Duar azul do consciente subliminar (6D).<\/p>\n\n\n\n<p>MOAP, V. 7, H. 9. UMB 379. (-12) D\u00e9cima segunda magnitude do fluxo do espa\u00e7o externo sublima o hiperplasma Alfa-Alfa da Cria\u00e7\u00e3o C\u00f3smica (na1\u00aa dimens\u00e3o do tempo exterior). Campo de for\u00e7a do samadhi profundo (1D) sublimado pelo campo de for\u00e7a t\u00e9rmico Kuali vermelho da paranormalidade superconsciente (5D).<\/p>\n\n\n\n<p>URH 1, V. 12, H. 19. UMB 210. Runa Harm\u00f4nica UR 77: O Firmamento Define o Movimiento do Tempo como Ciclo de Dia e Niote. 2\u00aa Oitava: Oitava da \u00c1rvore do Fogo C\u00f3smico. Runa da Fila 10.<\/p>\n\n\n\n<p>URH 2 (lua\/moon 13), xxx<\/p>\n\n\n\n<p>FH (Frequencia Harm\u00f4nica), V. 13, H. 14. UMB 416. (13) D\u00e9cima Terceira magnitude Unidade de Entrada da c\u00e9lula do hiperpart\u00f3n Kemio recibe a luz e calor interior a partir do fluxo do espa\u00e7o externo hiperpl\u00e1smico do Tempo Interior atrav\u00e9s do canal Beta-Beta: Campo de for\u00e7a da mediunidade do consciente desperto (4D) neutralizado pelo campo de for\u00e7a de Sirio B-52 da ilumina\u00e7\u00e3o hiperpl\u00e1smica (9D).<\/p>\n\n\n\n<p>&nbsp;CP (C\u00edclo Cria\u00e7\u00e3o perp\u00e9tuo), V.3, H.2. UMB 116. (-8) Oitava magnitude do circuito coordenador superconsciente de quinta for\u00e7a do canal Alfa-Alfa. Sublimar e transferir os sinais internos do tempo 5D da integridade gal\u00e1ctica ao n\u00facleo radial dos sentidos da Cria\u00e7\u00e3o C\u00f3smica.<\/p>\n\n\n\n<p class=\"has-text-align-center\"><strong>HUNAB KU 21<\/strong><\/p>\n\n\n\n<p>PH (porta heptal), V. 11, H. 14. UMB 414. Runa Harm\u00f4nica UR 90: O Todo da Arte Gal\u00e1ctica \u00e9 Definida pelo Tempo. 4\u00aaOitava: Oitava do Todo da Arte Gal\u00e1ctico. Runa da Fila 12. Oitava porta de Unidade do tempo vertical ascendente. Corresponde ao Iluminado (Sol): Quarto Portal da Matriz de Hunab Ku 21. O Sol mede a for\u00e7a da luz-fot\u00f3n-cicl\u00f3n de Hunab Ku com a linha de for\u00e7a centr\u00edpeta lum\u00ednica Dum Duar e a linha de for\u00e7a lum\u00ednico-t\u00e9rmica centr\u00edpeta de Kemio. A partir daqui \u00e9 gerado Hipereletron que estimula os estados da mente superconsciente. Ativa a c\u00e9lula harm\u00f4nica polar sul do polo Darka com o hiper el\u00e9tron e sela a plasma radial: Alfa. Abre a quinta porta do heptal: a porta da ilumina\u00e7\u00e3o. Plut\u00e3o Gal\u00e1ctico-Karmico.<\/p>\n\n\n\n<p>LT (lente do tempo), V. 14, H. 5. UMB 288. (+7) S\u00e9tima magnitude do fluxo do espa\u00e7o externo. Ativa o hiperplasma Beta-Alfa da Ascens\u00e3o C\u00f3smica (na 2\u00aa dimens\u00e3o do tempo exterior). Campo de for\u00e7a do controle da mente superior (2D) ativado pelo campo de for\u00e7a (7D) do Perceptor Holomental radializado radiosonicamente: Comando C\u00f3smico Descendente. Corresponde ao Iniciado da Serpiente (Serpente): Primeira Porta de Poder de Hunab Ku 21 na Corte do Avatar (UMB 291). Ativado pela carga el\u00e9trica t\u00e9rmico\/lum\u00ednica ascendente Kum \u201ccalor da luz interior\u201d (UMB 399). O sexo \u00e9 o inicio do conhecimento. Maldek Gal\u00e1ctico-K\u00e1rmico.<\/p>\n\n\n\n<p>D (KIN destino), V. 20, H. 11. UMB 90. (2) Segunda magnitude do campo hipergravitacional organizador do campo de for\u00e7a lum\u00ednico Duar azul neutraliza a 6\u00aa esfera mental: consciente subliminar\/atrator do universo paralelo. N\u00facleo energizante central (H.11 eixo equatorial). Segunda porta de Unidade do tempo radial esquerdo. Corresponde ao Inocente (Semente): Quarta Porta de luz de Hunab Ku 21 (extremidade centr\u00edpeta). Internalizar o processo centr\u00edpeto onde as cargas el\u00e9tricas do hipern\u00eautron e a luz primaria (Dum Duar) combina para criar a for\u00e7a con- sciente Subliminar da Inteligencia C\u00f3smica que abre a Corte do Descobridor (UMB 279). Controla o poder da consci\u00eancia universal para evoluir os poderes da intelig\u00eancia c\u00f3smica. J\u00fapiter Gal\u00e1ctico-K\u00e1rmico.<\/p>\n\n\n\n<p>G (KIN guia), V. 17, H. 11. UMB 279. (5) Quinta magnitude do campo hipergravitacional organizador do campo de for\u00e7a lum\u00ednico Duar azul neutraliza a 6\u00aa esfera mental: consciente subliminar\/atrator do universo paralelo. N\u00facleo energizante central (H.11 eixo equatorial). Quinta porta de Unidade do tempo radial esquerdo. Corresponde ao Descobridor (Guerrero): Quarto Assento de Poder de Hunab Ku 21 (for\u00e7a centr\u00edpeta interna): Corte da Intelig\u00eancia C\u00f3smica. A Intelig\u00eancia C\u00f3smica cria a c\u00e9lula de luz gal\u00e1ctica. A intelig\u00eancia \u00e9 a for\u00e7a centr\u00edpeta da totalidade c\u00f3smica: Intelig\u00eancia \u00e9 luz. Saturno Solar-Prof\u00e9tico.<\/p>\n\n\n\n<p>AN (KIN an\u00e1logo), V. 17, H. 8. UMB 282. (-21) Vig\u00e9sima-Primeira magnitude do fluxo do espa\u00e7o externo sublima o hiperplasma Beta-Alfa da Ascens\u00e3o C\u00f3smica (na 2\u00aa dimens\u00e3o do tempo exterior). Campo de for\u00e7a do controle da mente superior (2D) sublimado pelo campo de for\u00e7a lum\u00ednico Duar azul do consciente subliminar (6D). Corresponde ao Vidente (\u00c1guia): Quarta Fonte de Poder de Hunab Ku 21 na Corte do Descobridor (UMB 279). Ativado pela linha de for\u00e7a el\u00e9trica t\u00e9rmico-lum\u00ednica Kum \u201ccalor da luz interior\u201d (UMB 399). A vis\u00e3o \u00e9 a fonte da intelig\u00eancia. J\u00fapiter Solar-Prof\u00e9tico.<\/p>\n\n\n\n<p>AT (KIN ant\u00edpoda), V. 17, H. 14. UMB 276. (+21) Vig\u00e9sima-Primeira magnitude do fluxo do espa\u00e7o externo. Ativa o hiperplasma Beta-Beta do Cubo C\u00f3smico (na 4\u00aa dimens\u00e3o do tempo exterior). Campo de for\u00e7a da mediunidade do consciente desperto (4D). Ativado pelo campo de for\u00e7a lum\u00ednico Duar azul do consciente subliminar (6D). Corresponde ao Mago: Quarta Porta de Poder de Hunab Ku 21 na Corte do Descobridor (UMB 279). Ativado pela linha de for\u00e7a lum\u00ednico\/t\u00e9rmica Kemio \u201cluz do calor interior\u201d (UMB 393). A atemporalidade \u00e9 o inicio da intelig\u00eancia. Maldek Solar-Prof\u00e9tico.<\/p>\n\n\n\n<p>O (KIN oculto), V. 14, H. 11. UMB 396. Unidade transformadora. Cataliza o campo de for\u00e7a lum\u00ednico Duar azul transformando a luz e calor interior (Kemio) e o calor da luz interior (Kum) dentro do N\u00facleo do Tempo Interior imprimindo a 7\u00aa esfera mental (Perceptor Holomental) e ativando a sexta esfera mental (consciente subliminar). Oitava porta de Unidade do tempo radial esquerda. Corresponde ao Navegador (Terra): Primeira Porta da Matriz de Hunab Ku 21(linha de for\u00e7a lum\u00ednica centr\u00edpeta). Une Hunab Ku com a Corte da Intelig\u00eancia. A navega\u00e7\u00e3o \u00e9 a realiza\u00e7\u00e3o da Consci\u00eancia C\u00f3smica da intelig\u00eancia. A partir daqui \u00e9 gerada a linha de for\u00e7a lum\u00ednica que estimula os estados subliminares da consci\u00eancia da mente e ativam a ordem harm\u00f4nica do campo de for\u00e7a centr\u00edpeta da intelig\u00eancia. O portal do Navegador mede o campo de for\u00e7a de Hunab Ku para ascender \u00e0s cargas el\u00e9tricas de Kum e Kemio. Urano Solar-Prof\u00e9tico.<\/p>\n\n\n\n<p>HK (Hunab Ku), V. 11, H. 14. UMB 414. Runa Harm\u00f4nica UR 90: O Todo da Arte Gal\u00e1ctica \u00e9 Definida pelo Tempo. 4\u00aaOitava: Oitava do Todo da Arte Gal\u00e1ctico. Runa da Fila 12. Oitava porta de Unidade do tempo vertical ascendente. Corresponde ao Iluminado (Sol): Quarto Portal da Matriz de Hunab Ku 21. O Sol mede a for\u00e7a da luz-fot\u00f3n-cicl\u00f3n de Hunab Ku com a linha de for\u00e7a centr\u00edpeta lum\u00ednica Dum Duar e a linha de for\u00e7a lum\u00ednico-t\u00e9rmica centr\u00edpeta de Kemio. A partir daqui \u00e9 gerado Hipereletron que estimula os estados da mente superconsciente. Ativa a c\u00e9lula harm\u00f4nica polar sul do polo Darka com o hiper el\u00e9tron e sela a plasma radial: Alfa. Abre a quinta porta do heptal: a porta da ilumina\u00e7\u00e3o. Plut\u00e3o Gal\u00e1ctico-Karmico.<\/p>\n\n\n\n<p>ST (senda do tollan), V. 19, H. 10. UMB 162. (+3) Terceira magnitude Unidade transformadora de isolamento do campo de for\u00e7a lum\u00ednico Duar azul ativa a 6\u00aa esfera mental: consciente subliminar.<\/p>\n\n\n\n<p>Sf (frequencia sendas), V. 11, H. 3. UMB 177. Runa Harm\u00f4nica UR 86: O Todo da Vida Gal\u00e1ctica Canaliza o Espa\u00e7o. 3\u00aa Oitava: Oitava do Todo da Vida Gal\u00e1ctica. Runa da Fila 11. Terceira porta de Unidade do tempo vertical descendente.<\/p>\n\n\n\n<div style=\"height:100px\" aria-hidden=\"true\" class=\"wp-block-spacer\"><\/div>\n\n\n\n<h2 class=\"wp-block-heading has-text-align-center\">INFORMA\u00c7\u00d5ES ADICIONAIS<\/h2>\n\n\n\n<p class=\"has-text-align-center\"><strong><u>INFORMA\u00c7\u00d5ES ADICIONAIS SOBRE O CUBO E HIPERCUBO:<\/u><\/strong><\/p>\n\n\n<div class=\"wp-block-image\">\n<figure class=\"aligncenter size-full is-resized\"><img loading=\"lazy\" decoding=\"async\" width=\"653\" height=\"799\" src=\"https:\/\/synchronotron.com\/wp-content\/uploads\/2025\/01\/cuabndo-o-cubo_1.png\" alt=\"\" class=\"wp-image-13259\" style=\"width:722px;height:auto\" srcset=\"https:\/\/synchronotron.com\/wp-content\/uploads\/2025\/01\/cuabndo-o-cubo_1.png 653w, https:\/\/synchronotron.com\/wp-content\/uploads\/2025\/01\/cuabndo-o-cubo_1-245x300.png 245w, https:\/\/synchronotron.com\/wp-content\/uploads\/2025\/01\/cuabndo-o-cubo_1-600x734.png 600w\" sizes=\"(max-width: 653px) 100vw, 653px\" \/><figcaption class=\"wp-element-caption\">*Codon e Runa UR s\u00e3o apenas para exemplifica\u00e7\u00e3o<\/figcaption><\/figure>\n<\/div>\n\n\n<figure class=\"wp-block-image size-full\"><img loading=\"lazy\" decoding=\"async\" width=\"827\" height=\"300\" src=\"https:\/\/synchronotron.com\/wp-content\/uploads\/2025\/01\/NS1.37.7.7_dinamica-hipercubo_plasmas_GK-1.png\" alt=\"\" class=\"wp-image-13170\" srcset=\"https:\/\/synchronotron.com\/wp-content\/uploads\/2025\/01\/NS1.37.7.7_dinamica-hipercubo_plasmas_GK-1.png 827w, https:\/\/synchronotron.com\/wp-content\/uploads\/2025\/01\/NS1.37.7.7_dinamica-hipercubo_plasmas_GK-1-300x109.png 300w, https:\/\/synchronotron.com\/wp-content\/uploads\/2025\/01\/NS1.37.7.7_dinamica-hipercubo_plasmas_GK-1-768x279.png 768w, https:\/\/synchronotron.com\/wp-content\/uploads\/2025\/01\/NS1.37.7.7_dinamica-hipercubo_plasmas_GK-1-600x218.png 600w\" sizes=\"(max-width: 827px) 100vw, 827px\" \/><\/figure>\n\n\n\n<figure class=\"wp-block-image size-full is-resized\"><img loading=\"lazy\" decoding=\"async\" width=\"602\" height=\"681\" src=\"https:\/\/synchronotron.com\/wp-content\/uploads\/2025\/01\/NS1.37.7.7_dinamica-hipercubo_circuitos_GK.png\" alt=\"\" class=\"wp-image-13087\" style=\"width:842px;height:auto\" srcset=\"https:\/\/synchronotron.com\/wp-content\/uploads\/2025\/01\/NS1.37.7.7_dinamica-hipercubo_circuitos_GK.png 602w, https:\/\/synchronotron.com\/wp-content\/uploads\/2025\/01\/NS1.37.7.7_dinamica-hipercubo_circuitos_GK-265x300.png 265w, https:\/\/synchronotron.com\/wp-content\/uploads\/2025\/01\/NS1.37.7.7_dinamica-hipercubo_circuitos_GK-600x679.png 600w\" sizes=\"(max-width: 602px) 100vw, 602px\" \/><\/figure>\n\n\n\n<figure class=\"wp-block-image size-large\"><img loading=\"lazy\" decoding=\"async\" width=\"1024\" height=\"369\" src=\"https:\/\/synchronotron.com\/wp-content\/uploads\/2025\/01\/NS1.37.7.7_dinamica-hipercubo_plasmas_SP-1024x369.png\" alt=\"\" class=\"wp-image-13171\" srcset=\"https:\/\/synchronotron.com\/wp-content\/uploads\/2025\/01\/NS1.37.7.7_dinamica-hipercubo_plasmas_SP-1024x369.png 1024w, https:\/\/synchronotron.com\/wp-content\/uploads\/2025\/01\/NS1.37.7.7_dinamica-hipercubo_plasmas_SP-300x108.png 300w, https:\/\/synchronotron.com\/wp-content\/uploads\/2025\/01\/NS1.37.7.7_dinamica-hipercubo_plasmas_SP-768x277.png 768w, https:\/\/synchronotron.com\/wp-content\/uploads\/2025\/01\/NS1.37.7.7_dinamica-hipercubo_plasmas_SP-600x216.png 600w, https:\/\/synchronotron.com\/wp-content\/uploads\/2025\/01\/NS1.37.7.7_dinamica-hipercubo_plasmas_SP.png 1043w\" sizes=\"(max-width: 1024px) 100vw, 1024px\" \/><\/figure>\n\n\n\n<figure class=\"wp-block-image size-full is-resized\"><img loading=\"lazy\" decoding=\"async\" width=\"605\" height=\"681\" src=\"https:\/\/synchronotron.com\/wp-content\/uploads\/2025\/01\/NS1.37.7.7_dinamica-hipercubo_circuitos_SP.png\" alt=\"\" class=\"wp-image-13090\" style=\"width:846px;height:auto\" srcset=\"https:\/\/synchronotron.com\/wp-content\/uploads\/2025\/01\/NS1.37.7.7_dinamica-hipercubo_circuitos_SP.png 605w, https:\/\/synchronotron.com\/wp-content\/uploads\/2025\/01\/NS1.37.7.7_dinamica-hipercubo_circuitos_SP-267x300.png 267w, https:\/\/synchronotron.com\/wp-content\/uploads\/2025\/01\/NS1.37.7.7_dinamica-hipercubo_circuitos_SP-600x675.png 600w\" sizes=\"(max-width: 605px) 100vw, 605px\" \/><\/figure>\n\n\n\n<figure class=\"wp-block-image size-full is-resized\"><img loading=\"lazy\" decoding=\"async\" width=\"1055\" height=\"815\" src=\"https:\/\/synchronotron.com\/wp-content\/uploads\/2025\/01\/ILUSTRACAO-HIPERCUBO-2.png\" alt=\"\" class=\"wp-image-13100\" style=\"width:850px;height:auto\" srcset=\"https:\/\/synchronotron.com\/wp-content\/uploads\/2025\/01\/ILUSTRACAO-HIPERCUBO-2.png 1055w, https:\/\/synchronotron.com\/wp-content\/uploads\/2025\/01\/ILUSTRACAO-HIPERCUBO-2-300x232.png 300w, https:\/\/synchronotron.com\/wp-content\/uploads\/2025\/01\/ILUSTRACAO-HIPERCUBO-2-1024x791.png 1024w, https:\/\/synchronotron.com\/wp-content\/uploads\/2025\/01\/ILUSTRACAO-HIPERCUBO-2-768x593.png 768w, https:\/\/synchronotron.com\/wp-content\/uploads\/2025\/01\/ILUSTRACAO-HIPERCUBO-2-600x464.png 600w\" sizes=\"(max-width: 1055px) 100vw, 1055px\" \/><\/figure>\n\n\n\n<figure class=\"wp-block-embed is-type-video is-provider-youtube wp-block-embed-youtube wp-embed-aspect-16-9 wp-has-aspect-ratio\"><div class=\"wp-block-embed__wrapper\">\n<iframe title=\"Anima\u00e7\u00e3o Hipercubo\" width=\"1240\" height=\"698\" src=\"https:\/\/www.youtube.com\/embed\/vsBHBI0Lcrc?feature=oembed\" frameborder=\"0\" allow=\"accelerometer; autoplay; clipboard-write; encrypted-media; gyroscope; picture-in-picture; web-share\" referrerpolicy=\"strict-origin-when-cross-origin\" allowfullscreen><\/iframe>\n<\/div><\/figure>\n\n\n\n<p><\/p>\n","protected":false},"excerpt":{"rendered":"<p>NS1.38 \/ Tzolkin 53 Estamos no anel NS 1.38 do(a) semente ressonante amarela, Tzolkin 53 do(a) caminhante do ce\u00fa magn\u00e9tico vermelho,&nbsp; 3. lua,&nbsp; lua el\u00e9trica do veado, heptal 9 vermelho, o conhecimento inicia a vis\u00e3o. Hoje \u00e9 NS 1.38.3.5, KIN 184, semente lunar amarela, 2. KIN&nbsp; da onda encantada do(a) noite, 15. onda do Tzolkin,&hellip;<\/p>\n","protected":false},"author":2,"featured_media":10509,"comment_status":"open","ping_status":"open","sticky":false,"template":"","format":"standard","meta":{"_acf_changed":false,"give_campaign_id":0,"_eb_attr":"","om_disable_all_campaigns":false,"_exactmetrics_skip_tracking":false,"_exactmetrics_sitenote_active":false,"_exactmetrics_sitenote_note":"","_exactmetrics_sitenote_category":0,"_uf_show_specific_survey":0,"_uf_disable_surveys":false,"iawp_total_views":10,"footnotes":""},"categories":[48,42],"tags":[],"class_list":["post-19120","post","type-post","status-publish","format-standard","has-post-thumbnail","hentry","category-ativacoes","category-blog-aberto"],"acf":[],"yoast_head":"<!-- This site is optimized with the Yoast SEO plugin v27.5 - https:\/\/yoast.com\/product\/yoast-seo-wordpress\/ -->\n<title>Semente Lunar Amarela KIN 184 (4.2) - Synchronotron<\/title>\n<meta name=\"robots\" content=\"index, follow, max-snippet:-1, max-image-preview:large, max-video-preview:-1\" \/>\n<link rel=\"canonical\" href=\"https:\/\/synchronotron.com\/index.php\/2025\/09\/24\/semente-lunar-amarela-kin-184-4-2\/\" \/>\n<meta property=\"og:locale\" content=\"pt_BR\" \/>\n<meta property=\"og:type\" content=\"article\" \/>\n<meta property=\"og:title\" content=\"Semente Lunar Amarela KIN 184 (4.2) - Synchronotron\" \/>\n<meta property=\"og:description\" content=\"NS1.38 \/ Tzolkin 53 Estamos no anel NS 1.38 do(a) semente ressonante amarela, Tzolkin 53 do(a) caminhante do ce\u00fa magn\u00e9tico vermelho,&nbsp; 3. lua,&nbsp; lua el\u00e9trica do veado, heptal 9 vermelho, o conhecimento inicia a vis\u00e3o. Hoje \u00e9 NS 1.38.3.5, KIN 184, semente lunar amarela, 2. KIN&nbsp; da onda encantada do(a) noite, 15. onda do Tzolkin,&hellip;\" \/>\n<meta property=\"og:url\" content=\"https:\/\/synchronotron.com\/index.php\/2025\/09\/24\/semente-lunar-amarela-kin-184-4-2\/\" \/>\n<meta property=\"og:site_name\" content=\"Synchronotron\" \/>\n<meta property=\"article:published_time\" content=\"2025-09-24T12:01:51+00:00\" \/>\n<meta property=\"article:modified_time\" content=\"2025-09-24T19:55:01+00:00\" \/>\n<meta property=\"og:image\" content=\"https:\/\/synchronotron.com\/wp-content\/uploads\/2024\/11\/image-63.png\" \/>\n\t<meta property=\"og:image:width\" content=\"1016\" \/>\n\t<meta property=\"og:image:height\" content=\"1280\" \/>\n\t<meta property=\"og:image:type\" content=\"image\/png\" \/>\n<meta name=\"author\" content=\"Gerd\" \/>\n<meta name=\"twitter:card\" content=\"summary_large_image\" \/>\n<meta name=\"twitter:label1\" content=\"Escrito por\" \/>\n\t<meta name=\"twitter:data1\" content=\"Gerd\" \/>\n\t<meta name=\"twitter:label2\" content=\"Est. tempo de leitura\" \/>\n\t<meta name=\"twitter:data2\" content=\"21 minutos\" \/>\n<script type=\"application\/ld+json\" class=\"yoast-schema-graph\">{\"@context\":\"https:\\\/\\\/schema.org\",\"@graph\":[{\"@type\":\"Article\",\"@id\":\"https:\\\/\\\/synchronotron.com\\\/index.php\\\/2025\\\/09\\\/24\\\/semente-lunar-amarela-kin-184-4-2\\\/#article\",\"isPartOf\":{\"@id\":\"https:\\\/\\\/synchronotron.com\\\/index.php\\\/2025\\\/09\\\/24\\\/semente-lunar-amarela-kin-184-4-2\\\/\"},\"author\":{\"name\":\"Gerd\",\"@id\":\"https:\\\/\\\/synchronotron.com\\\/#\\\/schema\\\/person\\\/cd4d4caede1c4a71ff2eebc7ecac6324\"},\"headline\":\"Semente Lunar Amarela KIN 184 (4.2)\",\"datePublished\":\"2025-09-24T12:01:51+00:00\",\"dateModified\":\"2025-09-24T19:55:01+00:00\",\"mainEntityOfPage\":{\"@id\":\"https:\\\/\\\/synchronotron.com\\\/index.php\\\/2025\\\/09\\\/24\\\/semente-lunar-amarela-kin-184-4-2\\\/\"},\"wordCount\":4255,\"commentCount\":0,\"publisher\":{\"@id\":\"https:\\\/\\\/synchronotron.com\\\/#organization\"},\"image\":{\"@id\":\"https:\\\/\\\/synchronotron.com\\\/index.php\\\/2025\\\/09\\\/24\\\/semente-lunar-amarela-kin-184-4-2\\\/#primaryimage\"},\"thumbnailUrl\":\"https:\\\/\\\/synchronotron.com\\\/wp-content\\\/uploads\\\/2024\\\/11\\\/image-63.png\",\"articleSection\":[\"Ativa\u00e7\u00f5es\",\"Blog Aberto\"],\"inLanguage\":\"pt-BR\",\"potentialAction\":[{\"@type\":\"CommentAction\",\"name\":\"Comment\",\"target\":[\"https:\\\/\\\/synchronotron.com\\\/index.php\\\/2025\\\/09\\\/24\\\/semente-lunar-amarela-kin-184-4-2\\\/#respond\"]}]},{\"@type\":\"WebPage\",\"@id\":\"https:\\\/\\\/synchronotron.com\\\/index.php\\\/2025\\\/09\\\/24\\\/semente-lunar-amarela-kin-184-4-2\\\/\",\"url\":\"https:\\\/\\\/synchronotron.com\\\/index.php\\\/2025\\\/09\\\/24\\\/semente-lunar-amarela-kin-184-4-2\\\/\",\"name\":\"Semente Lunar Amarela KIN 184 (4.2) - Synchronotron\",\"isPartOf\":{\"@id\":\"https:\\\/\\\/synchronotron.com\\\/#website\"},\"primaryImageOfPage\":{\"@id\":\"https:\\\/\\\/synchronotron.com\\\/index.php\\\/2025\\\/09\\\/24\\\/semente-lunar-amarela-kin-184-4-2\\\/#primaryimage\"},\"image\":{\"@id\":\"https:\\\/\\\/synchronotron.com\\\/index.php\\\/2025\\\/09\\\/24\\\/semente-lunar-amarela-kin-184-4-2\\\/#primaryimage\"},\"thumbnailUrl\":\"https:\\\/\\\/synchronotron.com\\\/wp-content\\\/uploads\\\/2024\\\/11\\\/image-63.png\",\"datePublished\":\"2025-09-24T12:01:51+00:00\",\"dateModified\":\"2025-09-24T19:55:01+00:00\",\"breadcrumb\":{\"@id\":\"https:\\\/\\\/synchronotron.com\\\/index.php\\\/2025\\\/09\\\/24\\\/semente-lunar-amarela-kin-184-4-2\\\/#breadcrumb\"},\"inLanguage\":\"pt-BR\",\"potentialAction\":[{\"@type\":\"ReadAction\",\"target\":[\"https:\\\/\\\/synchronotron.com\\\/index.php\\\/2025\\\/09\\\/24\\\/semente-lunar-amarela-kin-184-4-2\\\/\"]}]},{\"@type\":\"ImageObject\",\"inLanguage\":\"pt-BR\",\"@id\":\"https:\\\/\\\/synchronotron.com\\\/index.php\\\/2025\\\/09\\\/24\\\/semente-lunar-amarela-kin-184-4-2\\\/#primaryimage\",\"url\":\"https:\\\/\\\/synchronotron.com\\\/wp-content\\\/uploads\\\/2024\\\/11\\\/image-63.png\",\"contentUrl\":\"https:\\\/\\\/synchronotron.com\\\/wp-content\\\/uploads\\\/2024\\\/11\\\/image-63.png\",\"width\":1016,\"height\":1280},{\"@type\":\"BreadcrumbList\",\"@id\":\"https:\\\/\\\/synchronotron.com\\\/index.php\\\/2025\\\/09\\\/24\\\/semente-lunar-amarela-kin-184-4-2\\\/#breadcrumb\",\"itemListElement\":[{\"@type\":\"ListItem\",\"position\":1,\"name\":\"In\u00edcio\",\"item\":\"https:\\\/\\\/synchronotron.com\\\/\"},{\"@type\":\"ListItem\",\"position\":2,\"name\":\"Semente Lunar Amarela KIN 184 (4.2)\"}]},{\"@type\":\"WebSite\",\"@id\":\"https:\\\/\\\/synchronotron.com\\\/#website\",\"url\":\"https:\\\/\\\/synchronotron.com\\\/\",\"name\":\"Synchronotron\",\"description\":\"\",\"publisher\":{\"@id\":\"https:\\\/\\\/synchronotron.com\\\/#organization\"},\"potentialAction\":[{\"@type\":\"SearchAction\",\"target\":{\"@type\":\"EntryPoint\",\"urlTemplate\":\"https:\\\/\\\/synchronotron.com\\\/?s={search_term_string}\"},\"query-input\":{\"@type\":\"PropertyValueSpecification\",\"valueRequired\":true,\"valueName\":\"search_term_string\"}}],\"inLanguage\":\"pt-BR\"},{\"@type\":\"Organization\",\"@id\":\"https:\\\/\\\/synchronotron.com\\\/#organization\",\"name\":\"Synchronotron\",\"url\":\"https:\\\/\\\/synchronotron.com\\\/\",\"logo\":{\"@type\":\"ImageObject\",\"inLanguage\":\"pt-BR\",\"@id\":\"https:\\\/\\\/synchronotron.com\\\/#\\\/schema\\\/logo\\\/image\\\/\",\"url\":\"https:\\\/\\\/synchronotron.com\\\/wp-content\\\/uploads\\\/2023\\\/08\\\/cropped-logo-synchonotron-1.png\",\"contentUrl\":\"https:\\\/\\\/synchronotron.com\\\/wp-content\\\/uploads\\\/2023\\\/08\\\/cropped-logo-synchonotron-1.png\",\"width\":837,\"height\":837,\"caption\":\"Synchronotron\"},\"image\":{\"@id\":\"https:\\\/\\\/synchronotron.com\\\/#\\\/schema\\\/logo\\\/image\\\/\"}},{\"@type\":\"Person\",\"@id\":\"https:\\\/\\\/synchronotron.com\\\/#\\\/schema\\\/person\\\/cd4d4caede1c4a71ff2eebc7ecac6324\",\"name\":\"Gerd\",\"image\":{\"@type\":\"ImageObject\",\"inLanguage\":\"pt-BR\",\"@id\":\"https:\\\/\\\/synchronotron.com\\\/wp-content\\\/litespeed\\\/avatar\\\/32a81aaa2f6a0e47b016bd34d35d4016.jpg?ver=1777050573\",\"url\":\"https:\\\/\\\/synchronotron.com\\\/wp-content\\\/litespeed\\\/avatar\\\/32a81aaa2f6a0e47b016bd34d35d4016.jpg?ver=1777050573\",\"contentUrl\":\"https:\\\/\\\/synchronotron.com\\\/wp-content\\\/litespeed\\\/avatar\\\/32a81aaa2f6a0e47b016bd34d35d4016.jpg?ver=1777050573\",\"caption\":\"Gerd\"},\"url\":\"https:\\\/\\\/synchronotron.com\\\/index.php\\\/author\\\/gerd\\\/\"}]}<\/script>\n<!-- \/ Yoast SEO plugin. -->","yoast_head_json":{"title":"Semente Lunar Amarela KIN 184 (4.2) - Synchronotron","robots":{"index":"index","follow":"follow","max-snippet":"max-snippet:-1","max-image-preview":"max-image-preview:large","max-video-preview":"max-video-preview:-1"},"canonical":"https:\/\/synchronotron.com\/index.php\/2025\/09\/24\/semente-lunar-amarela-kin-184-4-2\/","og_locale":"pt_BR","og_type":"article","og_title":"Semente Lunar Amarela KIN 184 (4.2) - Synchronotron","og_description":"NS1.38 \/ Tzolkin 53 Estamos no anel NS 1.38 do(a) semente ressonante amarela, Tzolkin 53 do(a) caminhante do ce\u00fa magn\u00e9tico vermelho,&nbsp; 3. lua,&nbsp; lua el\u00e9trica do veado, heptal 9 vermelho, o conhecimento inicia a vis\u00e3o. Hoje \u00e9 NS 1.38.3.5, KIN 184, semente lunar amarela, 2. KIN&nbsp; da onda encantada do(a) noite, 15. onda do Tzolkin,&hellip;","og_url":"https:\/\/synchronotron.com\/index.php\/2025\/09\/24\/semente-lunar-amarela-kin-184-4-2\/","og_site_name":"Synchronotron","article_published_time":"2025-09-24T12:01:51+00:00","article_modified_time":"2025-09-24T19:55:01+00:00","og_image":[{"width":1016,"height":1280,"url":"https:\/\/synchronotron.com\/wp-content\/uploads\/2024\/11\/image-63.png","type":"image\/png"}],"author":"Gerd","twitter_card":"summary_large_image","twitter_misc":{"Escrito por":"Gerd","Est. tempo de leitura":"21 minutos"},"schema":{"@context":"https:\/\/schema.org","@graph":[{"@type":"Article","@id":"https:\/\/synchronotron.com\/index.php\/2025\/09\/24\/semente-lunar-amarela-kin-184-4-2\/#article","isPartOf":{"@id":"https:\/\/synchronotron.com\/index.php\/2025\/09\/24\/semente-lunar-amarela-kin-184-4-2\/"},"author":{"name":"Gerd","@id":"https:\/\/synchronotron.com\/#\/schema\/person\/cd4d4caede1c4a71ff2eebc7ecac6324"},"headline":"Semente Lunar Amarela KIN 184 (4.2)","datePublished":"2025-09-24T12:01:51+00:00","dateModified":"2025-09-24T19:55:01+00:00","mainEntityOfPage":{"@id":"https:\/\/synchronotron.com\/index.php\/2025\/09\/24\/semente-lunar-amarela-kin-184-4-2\/"},"wordCount":4255,"commentCount":0,"publisher":{"@id":"https:\/\/synchronotron.com\/#organization"},"image":{"@id":"https:\/\/synchronotron.com\/index.php\/2025\/09\/24\/semente-lunar-amarela-kin-184-4-2\/#primaryimage"},"thumbnailUrl":"https:\/\/synchronotron.com\/wp-content\/uploads\/2024\/11\/image-63.png","articleSection":["Ativa\u00e7\u00f5es","Blog Aberto"],"inLanguage":"pt-BR","potentialAction":[{"@type":"CommentAction","name":"Comment","target":["https:\/\/synchronotron.com\/index.php\/2025\/09\/24\/semente-lunar-amarela-kin-184-4-2\/#respond"]}]},{"@type":"WebPage","@id":"https:\/\/synchronotron.com\/index.php\/2025\/09\/24\/semente-lunar-amarela-kin-184-4-2\/","url":"https:\/\/synchronotron.com\/index.php\/2025\/09\/24\/semente-lunar-amarela-kin-184-4-2\/","name":"Semente Lunar Amarela KIN 184 (4.2) - Synchronotron","isPartOf":{"@id":"https:\/\/synchronotron.com\/#website"},"primaryImageOfPage":{"@id":"https:\/\/synchronotron.com\/index.php\/2025\/09\/24\/semente-lunar-amarela-kin-184-4-2\/#primaryimage"},"image":{"@id":"https:\/\/synchronotron.com\/index.php\/2025\/09\/24\/semente-lunar-amarela-kin-184-4-2\/#primaryimage"},"thumbnailUrl":"https:\/\/synchronotron.com\/wp-content\/uploads\/2024\/11\/image-63.png","datePublished":"2025-09-24T12:01:51+00:00","dateModified":"2025-09-24T19:55:01+00:00","breadcrumb":{"@id":"https:\/\/synchronotron.com\/index.php\/2025\/09\/24\/semente-lunar-amarela-kin-184-4-2\/#breadcrumb"},"inLanguage":"pt-BR","potentialAction":[{"@type":"ReadAction","target":["https:\/\/synchronotron.com\/index.php\/2025\/09\/24\/semente-lunar-amarela-kin-184-4-2\/"]}]},{"@type":"ImageObject","inLanguage":"pt-BR","@id":"https:\/\/synchronotron.com\/index.php\/2025\/09\/24\/semente-lunar-amarela-kin-184-4-2\/#primaryimage","url":"https:\/\/synchronotron.com\/wp-content\/uploads\/2024\/11\/image-63.png","contentUrl":"https:\/\/synchronotron.com\/wp-content\/uploads\/2024\/11\/image-63.png","width":1016,"height":1280},{"@type":"BreadcrumbList","@id":"https:\/\/synchronotron.com\/index.php\/2025\/09\/24\/semente-lunar-amarela-kin-184-4-2\/#breadcrumb","itemListElement":[{"@type":"ListItem","position":1,"name":"In\u00edcio","item":"https:\/\/synchronotron.com\/"},{"@type":"ListItem","position":2,"name":"Semente Lunar Amarela KIN 184 (4.2)"}]},{"@type":"WebSite","@id":"https:\/\/synchronotron.com\/#website","url":"https:\/\/synchronotron.com\/","name":"Synchronotron","description":"","publisher":{"@id":"https:\/\/synchronotron.com\/#organization"},"potentialAction":[{"@type":"SearchAction","target":{"@type":"EntryPoint","urlTemplate":"https:\/\/synchronotron.com\/?s={search_term_string}"},"query-input":{"@type":"PropertyValueSpecification","valueRequired":true,"valueName":"search_term_string"}}],"inLanguage":"pt-BR"},{"@type":"Organization","@id":"https:\/\/synchronotron.com\/#organization","name":"Synchronotron","url":"https:\/\/synchronotron.com\/","logo":{"@type":"ImageObject","inLanguage":"pt-BR","@id":"https:\/\/synchronotron.com\/#\/schema\/logo\/image\/","url":"https:\/\/synchronotron.com\/wp-content\/uploads\/2023\/08\/cropped-logo-synchonotron-1.png","contentUrl":"https:\/\/synchronotron.com\/wp-content\/uploads\/2023\/08\/cropped-logo-synchonotron-1.png","width":837,"height":837,"caption":"Synchronotron"},"image":{"@id":"https:\/\/synchronotron.com\/#\/schema\/logo\/image\/"}},{"@type":"Person","@id":"https:\/\/synchronotron.com\/#\/schema\/person\/cd4d4caede1c4a71ff2eebc7ecac6324","name":"Gerd","image":{"@type":"ImageObject","inLanguage":"pt-BR","@id":"https:\/\/synchronotron.com\/wp-content\/litespeed\/avatar\/32a81aaa2f6a0e47b016bd34d35d4016.jpg?ver=1777050573","url":"https:\/\/synchronotron.com\/wp-content\/litespeed\/avatar\/32a81aaa2f6a0e47b016bd34d35d4016.jpg?ver=1777050573","contentUrl":"https:\/\/synchronotron.com\/wp-content\/litespeed\/avatar\/32a81aaa2f6a0e47b016bd34d35d4016.jpg?ver=1777050573","caption":"Gerd"},"url":"https:\/\/synchronotron.com\/index.php\/author\/gerd\/"}]}},"_links":{"self":[{"href":"https:\/\/synchronotron.com\/index.php\/wp-json\/wp\/v2\/posts\/19120","targetHints":{"allow":["GET"]}}],"collection":[{"href":"https:\/\/synchronotron.com\/index.php\/wp-json\/wp\/v2\/posts"}],"about":[{"href":"https:\/\/synchronotron.com\/index.php\/wp-json\/wp\/v2\/types\/post"}],"author":[{"embeddable":true,"href":"https:\/\/synchronotron.com\/index.php\/wp-json\/wp\/v2\/users\/2"}],"replies":[{"embeddable":true,"href":"https:\/\/synchronotron.com\/index.php\/wp-json\/wp\/v2\/comments?post=19120"}],"version-history":[{"count":5,"href":"https:\/\/synchronotron.com\/index.php\/wp-json\/wp\/v2\/posts\/19120\/revisions"}],"predecessor-version":[{"id":19138,"href":"https:\/\/synchronotron.com\/index.php\/wp-json\/wp\/v2\/posts\/19120\/revisions\/19138"}],"wp:featuredmedia":[{"embeddable":true,"href":"https:\/\/synchronotron.com\/index.php\/wp-json\/wp\/v2\/media\/10509"}],"wp:attachment":[{"href":"https:\/\/synchronotron.com\/index.php\/wp-json\/wp\/v2\/media?parent=19120"}],"wp:term":[{"taxonomy":"category","embeddable":true,"href":"https:\/\/synchronotron.com\/index.php\/wp-json\/wp\/v2\/categories?post=19120"},{"taxonomy":"post_tag","embeddable":true,"href":"https:\/\/synchronotron.com\/index.php\/wp-json\/wp\/v2\/tags?post=19120"}],"curies":[{"name":"wp","href":"https:\/\/api.w.org\/{rel}","templated":true}]}}