{"id":20976,"date":"2025-12-31T09:12:02","date_gmt":"2025-12-31T12:12:02","guid":{"rendered":"https:\/\/synchronotron.com\/?p=20976"},"modified":"2025-12-31T13:30:31","modified_gmt":"2025-12-31T16:30:31","slug":"vento-solar-branco-kin22-2-9","status":"publish","type":"post","link":"https:\/\/synchronotron.com\/index.php\/2025\/12\/31\/vento-solar-branco-kin22-2-9\/","title":{"rendered":"Vento Solar Branco KIN22 (2.9)"},"content":{"rendered":"\n<figure class=\"wp-block-image size-full\"><img fetchpriority=\"high\" decoding=\"async\" width=\"1051\" height=\"1280\" src=\"https:\/\/synchronotron.com\/wp-content\/uploads\/2024\/11\/image-40.png\" alt=\"\" class=\"wp-image-10453\" srcset=\"https:\/\/synchronotron.com\/wp-content\/uploads\/2024\/11\/image-40.png 1051w, https:\/\/synchronotron.com\/wp-content\/uploads\/2024\/11\/image-40-246x300.png 246w, https:\/\/synchronotron.com\/wp-content\/uploads\/2024\/11\/image-40-841x1024.png 841w, https:\/\/synchronotron.com\/wp-content\/uploads\/2024\/11\/image-40-768x935.png 768w, https:\/\/synchronotron.com\/wp-content\/uploads\/2024\/11\/image-40-600x731.png 600w\" sizes=\"(max-width: 1051px) 100vw, 1051px\" \/><\/figure>\n\n\n\n<p><\/p>\n\n\n\n<p class=\"has-text-align-center\"><strong>Sou a Suma Sacerdotisa<br>codificada pelo Vento Branco.<br>Entro em seu Universo<br>\u00a0atrav\u00e9s da Segunda Porta de Luz.<\/strong><\/p>\n\n\n\n<p class=\"has-text-align-center\"><br>Meu n\u00famero \u00e9 o dois.<br>O desafio do Vento,<br>ao gira em todas as dire\u00e7\u00f5es,<br>\u00e9 arrear o poder da &#8220;palavra&#8221;.<\/p>\n\n\n\n<p class=\"has-text-align-center\"><br><strong>Deixe a boca proferir apenas o glorioso.<\/strong><br>Eis o meu desafio para ti, pois sou a Senhora dos Ventos,<br>guardi\u00e3 dos t\u00faneis da mente abertos pela can\u00e7\u00e3o de cristal.<br>Da minha coroa emerge meu cabelo,<br>como ponto de liga\u00e7\u00e3o ao infinito.<\/p>\n\n\n\n<p class=\"has-text-align-center\"><br>Sou o sustent\u00e1culo do esp\u00edrito da profecia.<br>Retenho a energia do alento enchendo o corpo com vitalidade.<br><strong>A j\u00f3ia em minha testa \u00e9 a sabedoria indestrut\u00edvel que ilumina<br>cada pensamento meu, enviado por Decreto Divino.<\/strong><br>Meu mandamento sempre est\u00e1 dirigido<br>somente \u00e0 ess\u00eancia do seu esp\u00edrito.<br><strong>Ouve-me sempre quando o vento soprar!<\/strong><\/p>\n\n\n\n<p class=\"has-text-align-center\"><\/p>\n\n\n\n<p class=\"has-text-align-center\"><\/p>\n\n\n\n<p class=\"has-text-align-center\"><\/p>\n\n\n\n<p class=\"has-text-align-center\"><\/p>\n\n\n\n<div style=\"height:100px\" aria-hidden=\"true\" class=\"wp-block-spacer\"><\/div>\n\n\n\n<figure class=\"wp-block-image size-full\"><img decoding=\"async\" width=\"890\" height=\"393\" src=\"https:\/\/synchronotron.com\/wp-content\/uploads\/2025\/12\/image-44.png\" alt=\"\" class=\"wp-image-20978\" srcset=\"https:\/\/synchronotron.com\/wp-content\/uploads\/2025\/12\/image-44.png 890w, https:\/\/synchronotron.com\/wp-content\/uploads\/2025\/12\/image-44-300x132.png 300w, https:\/\/synchronotron.com\/wp-content\/uploads\/2025\/12\/image-44-768x339.png 768w, https:\/\/synchronotron.com\/wp-content\/uploads\/2025\/12\/image-44-600x265.png 600w\" sizes=\"(max-width: 890px) 100vw, 890px\" \/><\/figure>\n\n\n\n<div style=\"height:100px\" aria-hidden=\"true\" class=\"wp-block-spacer\"><\/div>\n\n\n\n<p class=\"has-text-align-center\">Estamos no anel NS 1.38 do(a) semente ressonante amarela, Tzolkin 54 do(a) mago lunar branco,&nbsp; 6. lua, lua r\u00edtmica do lagarto, heptal 23 azul, a paci\u00eancia transforma a conduta.<\/p>\n\n\n\n<p class=\"has-text-align-center\">Hoje \u00e9 NS 1.38.6.19, KIN 22, vento solar branco, 9. KIN&nbsp; da onda encantada do(a) mago, 2. onda do Tzolkin, 2. onda do castelo vermelho, castelo 1 do Tzolkin.<\/p>\n\n\n\n<p class=\"has-text-align-center\">Plasma ALFA, 5. porta do heptal, ativamos a 5. esfera mental com o hiperplasma HIPEREL\u00c9TRON, ativa\u00e7\u00e3o c\u00fabica no lado direito do cubo.<\/p>\n\n\n\n<p class=\"has-text-align-center\">Estamos no circuito 8 (Urano) gal\u00e1tico karmico no hipercubo, fluxos interplanet\u00e1rios: o Circuito 8 \u00e9 o circuito El\u00e9trico do Hiperparton, coordena a eletricidade C\u00f3smica de qualquer corpo celeste, Arqu\u00e9tipos o Navegador e a Suma Sacerdotisa, acessa o Conselho Uraniano de Comunica\u00e7\u00e3o Evolutiva.<\/p>\n\n\n\n<div style=\"height:100px\" aria-hidden=\"true\" class=\"wp-block-spacer\"><\/div>\n\n\n\n<h2 class=\"wp-block-heading has-text-align-center\">MANIFESTA\u00c7\u00c3O DO SUPER-HUMANO<\/h2>\n\n\n\n<p class=\"has-text-align-center\"><strong>A consci\u00eancia humana est\u00e1 evoluindo em dire\u00e7\u00e3o \u00e0 entidade da quinta dimens\u00e3o<\/strong>; esse \u00e9 o prop\u00f3sito e a fun\u00e7\u00e3o de cultivar a mente. A mente, primeiro se localiza na terceira dimens\u00e3o e, na quarta dimens\u00e3o, se estendendo para estados de consci\u00eancia cont\u00ednua. Aqui, a mente se envolve em medita\u00e7\u00e3o criativa e fun\u00e7\u00f5es superconscientes que s\u00e3o compostas pela terceira, quarta e quinta dimens\u00f5es.<\/p>\n\n\n\n<p class=\"has-text-align-center\"><strong>A esfera mais elevada da Terra \u00e9 a noosfera, o receptor ressonante composto do eu superior da quinta dimens\u00e3o<\/strong> como um agregado, incluindo todas as suas impress\u00f5es mentais.<\/p>\n\n\n\n<p class=\"has-text-align-center\">A noosfera \u00e9 o conjunto dos estados avan\u00e7ados da mente e da consci\u00eancia que caracterizam toda a vida inteligente em todo o universo. <strong>A noosfera planet\u00e1ria, ent\u00e3o, \u00e9 o registro que recebe as impress\u00f5es da s\u00e9tima esfera mental, devidamente localizada dentro da entidade da quinta dimens\u00e3o e acessada atrav\u00e9s da noosfera pelo homo noosf\u00e9rico.<\/strong><\/p>\n\n\n\n<p class=\"has-text-align-center\"><strong>O homo noosf\u00e9rico<\/strong>, atrav\u00e9s da sua percep\u00e7\u00e3o ampliada e da ativa\u00e7\u00e3o dos chakras, pode ent\u00e3o acessar a noosfera\/banco psi, despertando os Manitous AC e CA e recebendo as impress\u00f5es dos registros ak\u00e1shicos. Dessa forma, ele\/ela desperta e desenvolve o observador da mente holomental.<\/p>\n\n\n\n<p class=\"has-text-align-center\"><strong>A noog\u00eanese \u00e9 o nascimento da noosfera por meio de uma g\u00eanese mental; um renascimento da mente<\/strong>, ao mesmo tempo em que incorpora a descida de uma personalidade siriana, renascimento siriano.<\/p>\n\n\n\n<p class=\"has-text-align-center\">No super-humano em evolu\u00e7\u00e3o, <strong>a s\u00e9tima esfera mental \u2014 o percebedor holomental<\/strong> \u2014 <strong>desce do Eu Superior da quinta dimens\u00e3o, transmitindo sua ess\u00eancia codificada ao percebedor holomental<\/strong>, que tamb\u00e9m serve como esta\u00e7\u00e3o transmissora e receptora das runas UR do c\u00f3digo gen\u00e9tico e das matrizes do banco psi, localizado no corpo caloso. <strong>Uma vez ativado, o percebedor holomental ou s\u00e9tima esfera mental opera em conjunto com a noosfera e o eu da quinta dimens\u00e3o<\/strong>. Esse processo estabelece as bases da perspectiva cosmoc\u00eantrica e da expans\u00e3o para a consci\u00eancia c\u00f3smica.<\/p>\n\n\n\n<p class=\"has-text-align-center\">O percebedor holomental, incorporado no sistema de matriz c\u00fabica 441, \u00e9 o sistema evolutivo de codifica\u00e7\u00e3o do tempo da Mente \u00danica. <strong>Toda a vida evolutiva da atividade mental espiritual da noosfera \u00e9 organizada a partir desta matriz 441. Este \u00e9 o mecanismo da nossa evolu\u00e7\u00e3o.<\/strong><\/p>\n\n\n\n<p class=\"has-text-align-center\">O percebedor holomental \u00e9 constitu\u00eddo por <strong>v\u00e1rios fluxos eletricamente carregados e inst\u00e2ncias de valores num\u00e9ricos de frequ\u00eancia. <\/strong>Esses fluxos e valores de frequ\u00eancia definem diferentes valores perceptivos de tempo, espa\u00e7o, eletricidade c\u00f3smica, entradas e sa\u00eddas sensoriais e coordena\u00e7\u00f5es perceptivas extra-sensoriais, todos radializados em um campo sintetizador de propor\u00e7\u00f5es e perspectivas da mente total (holomental).<\/p>\n\n\n\n<p class=\"has-text-align-center\"><strong>Familiarizar-se e praticar este sistema conecta voc\u00ea \u00e0 noosfera, o conjunto dos estados avan\u00e7ados da mente e da consci\u00eancia<\/strong> que caracterizam toda a vida inteligente em todo o universo. Ao estudar o percebedor da mente hologr\u00e1fica e a matriz 441, <strong>voc\u00ea est\u00e1 sendo impresso com o novo \u00f3rg\u00e3o sensorial evolutivo<\/strong>. Pratique visualizar e manter camadas ou n\u00edveis simult\u00e2neos de frequ\u00eancias telep\u00e1ticas. Este \u00e9 um c\u00f3digo vivo.<\/p>\n\n\n\n<p class=\"has-text-align-center\"><strong>As frequ\u00eancias s\u00e3o pensamentos vivos dos Anci\u00e3os Estelares de dimens\u00e3o superiores<\/strong>. Podemos desenvolver nossa capacidade de nos sintonizar com esses <strong>pensamentos n\u00e3o conceituais<\/strong>, ou ondas mentais, dentro do contexto das frequ\u00eancias e circuitos da matriz mestre: o percebedor holomental. Este \u00e9 um programa que pode ser seguido rastreando as frequ\u00eancias di\u00e1rias e, em seguida, conectando-as \u00e0 matriz do percebedor holomental 441.<\/p>\n\n\n\n<p class=\"has-text-align-center\">Lembre-se do que dizem os Anci\u00e3os Estelares: \u201c<strong>Somente quando voc\u00ea alcan\u00e7ar a experi\u00eancia de que \u201cuma outra coisa\u201d est\u00e1 pensando e voc\u00ea come\u00e7a a sentir que a for\u00e7a de uma intelig\u00eancia supermental est\u00e1 movendo a sua mente, voc\u00ea poder\u00e1 dizer que est\u00e1 come\u00e7ando a compreender o 441 Synchronotron<\/strong>.\u201d<\/p>\n\n\n\n<p class=\"has-text-align-center\">Por meio de disciplina e pr\u00e1tica consistentes, o <strong>eu superior desce \u00e0 medida que o eu inferior transcende<\/strong>. A tagarelice tridimensional \u00e9 absorvida pelo manto do eu superior quinta dimensional.<\/p>\n\n\n\n<p class=\"has-text-align-center\">O <strong>eu da quinta dimens\u00e3o \u00e9 o diretor do corpo et\u00e9reo da quarta dimens\u00e3o que governa o executor da terceira dimens\u00e3o<\/strong>; ele espera pacientemente pelo momento da autotranscend\u00eancia. A autotranscend\u00eancia \u00e9 a principal fun\u00e7\u00e3o e oportunidade de estudar e aplicar os ensinamentos da Hist\u00f3ria C\u00f3smica, incluindo a matriz do cubo 441.<\/p>\n\n\n\n<p class=\"has-text-align-center\"><strong>A Lei do Tempo se refere ao ser et\u00e9reo da quarta dimens\u00e3o como um holon<\/strong>. <strong>A entidade da quinta dimens\u00e3o \u00e9 puramente eletr\u00f4nica<\/strong> e n\u00e3o d\u00e1 origem a uma entidade biol\u00f3gica ef\u00eamera. <strong>Em outras palavras, a entidade da quinta dimens\u00e3o \u00e9 a parte eterna<\/strong> de voc\u00ea que existia antes do nascimento e continua ap\u00f3s a morte \u2014 seu corpo imortal. Como uma entidade angelical, o eu da quinta dimens\u00e3o n\u00e3o pode se desviar da Vontade Divina.<\/p>\n\n\n\n<p class=\"has-text-align-center\"><strong>Essas tr\u00eas entidades dimensional se comunicam entre si atrav\u00e9s da mente, ou seja, atrav\u00e9s das seis mais uma esferas mentais.<\/strong> As seis + 1 esferas mentais da consci\u00eancia s\u00e3o etereamente congruentes com o c\u00e9rebro e servem como o computador ou hardware da mente. Cada esfera mental tem uma fun\u00e7\u00e3o diferente na camada pensante do cosmos. As camadas pensantes s\u00e3o camadas\/n\u00edveis no oceano da consci\u00eancia que interpenetram as diferentes dimens\u00f5es.<\/p>\n\n\n\n<p class=\"has-text-align-center\"><strong>Todas as frequ\u00eancias num\u00e9ricas do sistema c\u00fabico 441 Sincronotron t\u00eam origem no Conselho Central Estelar universal e omnigal\u00e1ctico, localizado em V11, H11<\/strong>. <strong>Este local reside no cora\u00e7\u00e3o do ser da quinta dimens\u00e3o na nona dimens\u00e3o do tempo<\/strong> e \u00e9 o local de todos os comandos e c\u00f3digos estelares da Segunda Cria\u00e7\u00e3o.<\/p>\n\n\n\n<p class=\"has-text-align-center\"><strong>A fun\u00e7\u00e3o principal do perceptor holomental \u00e9 a radializa\u00e7\u00e3o radios\u00f4nica da consci\u00eancia<\/strong>. Atrav\u00e9s do estudo da matriz 441, nossas percep\u00e7\u00f5es sensoriais e fun\u00e7\u00f5es mentais tornam-se radializadas. Isso leva a experi\u00eancias de consci\u00eancia panor\u00e2mica e, finalmente, \u00e0 radios\u00f4nica sinest\u00e9sica.<\/p>\n\n\n\n<p class=\"has-text-align-center\"><strong>\u00c0 medida que radializamos os nossos sentidos, nos tornamos condutores da energia radio-plasm\u00e1tica que flui para fora de nossos corpos e sentidos \u2014 isso \u00e9 puro brilho \u2014 a conquista do corpo arco-\u00edris<\/strong>. <\/p>\n\n\n\n<div style=\"height:100px\" aria-hidden=\"true\" class=\"wp-block-spacer\"><\/div>\n\n\n\n<h2 class=\"wp-block-heading has-text-align-center\" id=\"block-b4b7bdee-3fe6-4505-9b83-56fb70b81133\">ATIVA\u00c7\u00c3O SYNCHRONOTRON GUIADA<\/h2>\n\n\n\n<p class=\"has-text-align-center\" id=\"block-469a4e56-373a-402d-a581-b56f7a7b56dc\">A ativa\u00e7\u00e3o guiada \u00e9 um processo poderoso que visa ensinar cada indiv\u00edduo a se autoativar. <strong>O objetivo final desse processo \u00e9 que todos n\u00f3s possamos dominar a autoativa\u00e7\u00e3o,<\/strong> criando assim uma percep\u00e7\u00e3o mutlidimensional expandida \u00fanica e pessoal, bem como coletiva.<\/p>\n\n\n\n<p class=\"has-text-align-center\" id=\"block-bf5a7e0d-7e2f-49ce-bf8f-d7ecd85ac15a\">Assumir essa maestria \u00e9 fundamental para impulsionar a ascens\u00e3o coletiva <strong>e facilitar a transi\u00e7\u00e3o da biosfera para a noosfera, ativando na pr\u00e1tica o nosso Perceptor Holmental.<\/strong><\/p>\n\n\n\n<div style=\"height:100px\" aria-hidden=\"true\" class=\"wp-block-spacer\"><\/div>\n\n\n\n<h2 class=\"wp-block-heading has-text-align-center\">COORDENADAS DO DIA<\/h2>\n\n\n<div class=\"wp-block-image\">\n<figure class=\"aligncenter size-large\"><img decoding=\"async\" width=\"628\" height=\"1024\" src=\"https:\/\/synchronotron.com\/wp-content\/uploads\/2025\/12\/image-45-628x1024.png\" alt=\"\" class=\"wp-image-20979\" srcset=\"https:\/\/synchronotron.com\/wp-content\/uploads\/2025\/12\/image-45-628x1024.png 628w, https:\/\/synchronotron.com\/wp-content\/uploads\/2025\/12\/image-45-184x300.png 184w, https:\/\/synchronotron.com\/wp-content\/uploads\/2025\/12\/image-45-768x1253.png 768w, https:\/\/synchronotron.com\/wp-content\/uploads\/2025\/12\/image-45-600x979.png 600w, https:\/\/synchronotron.com\/wp-content\/uploads\/2025\/12\/image-45.png 890w\" sizes=\"(max-width: 628px) 100vw, 628px\" \/><\/figure>\n<\/div>\n\n<div class=\"wp-block-image\">\n<figure class=\"aligncenter size-large is-resized\"><img loading=\"lazy\" decoding=\"async\" width=\"618\" height=\"1024\" src=\"https:\/\/synchronotron.com\/wp-content\/uploads\/2025\/12\/image-46-618x1024.png\" alt=\"\" class=\"wp-image-20980\" style=\"width:628px;height:auto\" srcset=\"https:\/\/synchronotron.com\/wp-content\/uploads\/2025\/12\/image-46-618x1024.png 618w, https:\/\/synchronotron.com\/wp-content\/uploads\/2025\/12\/image-46-181x300.png 181w, https:\/\/synchronotron.com\/wp-content\/uploads\/2025\/12\/image-46-768x1273.png 768w, https:\/\/synchronotron.com\/wp-content\/uploads\/2025\/12\/image-46-600x994.png 600w, https:\/\/synchronotron.com\/wp-content\/uploads\/2025\/12\/image-46.png 890w\" sizes=\"(max-width: 618px) 100vw, 618px\" \/><\/figure>\n<\/div>\n\n<div class=\"wp-block-image\">\n<figure class=\"aligncenter size-large is-resized\"><img loading=\"lazy\" decoding=\"async\" width=\"685\" height=\"1024\" src=\"https:\/\/synchronotron.com\/wp-content\/uploads\/2024\/12\/IMG_9359-2-685x1024.jpeg\" alt=\"\" class=\"wp-image-12417\" style=\"width:326px;height:auto\" srcset=\"https:\/\/synchronotron.com\/wp-content\/uploads\/2024\/12\/IMG_9359-2-685x1024.jpeg 685w, https:\/\/synchronotron.com\/wp-content\/uploads\/2024\/12\/IMG_9359-2-201x300.jpeg 201w, https:\/\/synchronotron.com\/wp-content\/uploads\/2024\/12\/IMG_9359-2-768x1148.jpeg 768w, https:\/\/synchronotron.com\/wp-content\/uploads\/2024\/12\/IMG_9359-2-600x897.jpeg 600w, https:\/\/synchronotron.com\/wp-content\/uploads\/2024\/12\/IMG_9359-2.jpeg 856w\" sizes=\"(max-width: 685px) 100vw, 685px\" \/><\/figure>\n<\/div>\n\n<div class=\"wp-block-image\">\n<figure class=\"aligncenter size-large\"><img loading=\"lazy\" decoding=\"async\" width=\"1024\" height=\"606\" src=\"https:\/\/synchronotron.com\/wp-content\/uploads\/2025\/12\/photo_5091480161303071627_y-1024x606.jpg\" alt=\"\" class=\"wp-image-20986\" srcset=\"https:\/\/synchronotron.com\/wp-content\/uploads\/2025\/12\/photo_5091480161303071627_y-1024x606.jpg 1024w, https:\/\/synchronotron.com\/wp-content\/uploads\/2025\/12\/photo_5091480161303071627_y-300x177.jpg 300w, https:\/\/synchronotron.com\/wp-content\/uploads\/2025\/12\/photo_5091480161303071627_y-768x454.jpg 768w, https:\/\/synchronotron.com\/wp-content\/uploads\/2025\/12\/photo_5091480161303071627_y-600x355.jpg 600w, https:\/\/synchronotron.com\/wp-content\/uploads\/2025\/12\/photo_5091480161303071627_y.jpg 1280w\" sizes=\"(max-width: 1024px) 100vw, 1024px\" \/><\/figure>\n<\/div>\n\n<div class=\"wp-block-image\">\n<figure class=\"aligncenter size-full is-resized\"><img loading=\"lazy\" decoding=\"async\" width=\"461\" height=\"768\" src=\"https:\/\/synchronotron.com\/wp-content\/uploads\/2025\/12\/photo_5091480161303071628_x.jpg\" alt=\"\" class=\"wp-image-20987\" style=\"width:587px;height:auto\" srcset=\"https:\/\/synchronotron.com\/wp-content\/uploads\/2025\/12\/photo_5091480161303071628_x.jpg 461w, https:\/\/synchronotron.com\/wp-content\/uploads\/2025\/12\/photo_5091480161303071628_x-180x300.jpg 180w\" sizes=\"(max-width: 461px) 100vw, 461px\" \/><\/figure>\n<\/div>\n\n\n<div style=\"height:100px\" aria-hidden=\"true\" class=\"wp-block-spacer\"><\/div>\n\n\n\n<h2 class=\"wp-block-heading has-text-align-center\">MANITU PLANET\u00c1RIO<\/h2>\n\n\n<div class=\"wp-block-image\">\n<figure class=\"aligncenter size-full\"><img loading=\"lazy\" decoding=\"async\" width=\"520\" height=\"705\" src=\"https:\/\/synchronotron.com\/wp-content\/uploads\/2025\/03\/Manitu-Planetario-1.png\" alt=\"\" class=\"wp-image-15173\" srcset=\"https:\/\/synchronotron.com\/wp-content\/uploads\/2025\/03\/Manitu-Planetario-1.png 520w, https:\/\/synchronotron.com\/wp-content\/uploads\/2025\/03\/Manitu-Planetario-1-221x300.png 221w\" sizes=\"(max-width: 520px) 100vw, 520px\" \/><\/figure>\n<\/div>\n\n<div class=\"wp-block-image\">\n<figure class=\"aligncenter size-large\"><img loading=\"lazy\" decoding=\"async\" width=\"600\" height=\"1024\" src=\"https:\/\/synchronotron.com\/wp-content\/uploads\/2025\/12\/photo_5091480161303071629_y-600x1024.jpg\" alt=\"\" class=\"wp-image-20988\" srcset=\"https:\/\/synchronotron.com\/wp-content\/uploads\/2025\/12\/photo_5091480161303071629_y-600x1024.jpg 600w, https:\/\/synchronotron.com\/wp-content\/uploads\/2025\/12\/photo_5091480161303071629_y-176x300.jpg 176w, https:\/\/synchronotron.com\/wp-content\/uploads\/2025\/12\/photo_5091480161303071629_y.jpg 750w\" sizes=\"(max-width: 600px) 100vw, 600px\" \/><\/figure>\n<\/div>\n\n\n<div style=\"height:100px\" aria-hidden=\"true\" class=\"wp-block-spacer\"><\/div>\n\n\n\n<h2 class=\"wp-block-heading has-text-align-center\">CUBO DO GUERREIRO<\/h2>\n\n\n<div class=\"wp-block-image\">\n<figure class=\"aligncenter size-large\"><img loading=\"lazy\" decoding=\"async\" width=\"642\" height=\"1024\" src=\"https:\/\/synchronotron.com\/wp-content\/uploads\/2025\/12\/photo_5091480161303071630_y-642x1024.jpg\" alt=\"\" class=\"wp-image-20989\" srcset=\"https:\/\/synchronotron.com\/wp-content\/uploads\/2025\/12\/photo_5091480161303071630_y-642x1024.jpg 642w, https:\/\/synchronotron.com\/wp-content\/uploads\/2025\/12\/photo_5091480161303071630_y-188x300.jpg 188w, https:\/\/synchronotron.com\/wp-content\/uploads\/2025\/12\/photo_5091480161303071630_y-768x1226.jpg 768w, https:\/\/synchronotron.com\/wp-content\/uploads\/2025\/12\/photo_5091480161303071630_y-600x958.jpg 600w, https:\/\/synchronotron.com\/wp-content\/uploads\/2025\/12\/photo_5091480161303071630_y.jpg 802w\" sizes=\"(max-width: 642px) 100vw, 642px\" \/><\/figure>\n<\/div>\n\n<div class=\"wp-block-image\">\n<figure class=\"aligncenter size-large\"><img loading=\"lazy\" decoding=\"async\" width=\"646\" height=\"1024\" src=\"https:\/\/synchronotron.com\/wp-content\/uploads\/2025\/12\/photo_5091480161303071631_y-646x1024.jpg\" alt=\"\" class=\"wp-image-20990\" srcset=\"https:\/\/synchronotron.com\/wp-content\/uploads\/2025\/12\/photo_5091480161303071631_y-646x1024.jpg 646w, https:\/\/synchronotron.com\/wp-content\/uploads\/2025\/12\/photo_5091480161303071631_y-189x300.jpg 189w, https:\/\/synchronotron.com\/wp-content\/uploads\/2025\/12\/photo_5091480161303071631_y-768x1218.jpg 768w, https:\/\/synchronotron.com\/wp-content\/uploads\/2025\/12\/photo_5091480161303071631_y-600x952.jpg 600w, https:\/\/synchronotron.com\/wp-content\/uploads\/2025\/12\/photo_5091480161303071631_y.jpg 807w\" sizes=\"(max-width: 646px) 100vw, 646px\" \/><\/figure>\n<\/div>\n\n<div class=\"wp-block-image\">\n<figure class=\"aligncenter size-full\"><img loading=\"lazy\" decoding=\"async\" width=\"454\" height=\"766\" src=\"https:\/\/synchronotron.com\/wp-content\/uploads\/2025\/12\/photo_5091480161303071632_x.jpg\" alt=\"\" class=\"wp-image-20991\" srcset=\"https:\/\/synchronotron.com\/wp-content\/uploads\/2025\/12\/photo_5091480161303071632_x.jpg 454w, https:\/\/synchronotron.com\/wp-content\/uploads\/2025\/12\/photo_5091480161303071632_x-178x300.jpg 178w\" sizes=\"(max-width: 454px) 100vw, 454px\" \/><\/figure>\n<\/div>\n\n\n<div style=\"height:100px\" aria-hidden=\"true\" class=\"wp-block-spacer\"><\/div>\n\n\n\n<h2 class=\"wp-block-heading has-text-align-center\">\u00cdNDICE DO PERCEPTOR HOLOMENTAL<\/h2>\n\n\n\n<p><strong>PH (porta do heptal), V. 11, H. 14. UMB 414. Runa Harm\u00f4nica UR 90: O Todo da Arte Gal\u00e1ctica \u00e9 Definida pelo Tempo.<\/strong> 4\u00aaOitava: Oitava do Todo da Arte Gal\u00e1ctico. Runa da Fila 12. Oitava porta de Unidade do tempo vertical ascendente. Corresponde ao Iluminado (Sol): Quarto Portal da Matriz de Hunab Ku 21. O Sol mede a for\u00e7a da luz-fot\u00f3n-cicl\u00f3n de Hunab Ku com a linha de for\u00e7a centr\u00edpeta lum\u00ednica Dum Duar e a linha de for\u00e7a lum\u00ednico-t\u00e9rmica centr\u00edpeta de Kemio. A partir daqui \u00e9 gerado Hipereletron que estimula os estados da mente superconsciente. Ativa a c\u00e9lula harm\u00f4nica polar sul do polo Darka com o hiper el\u00e9tron e sela a plasma radial: Alfa. Abre a quinta porta do heptal: a porta da ilumina\u00e7\u00e3o. Plut\u00e3o Gal\u00e1ctico-Karmico.<\/p>\n\n\n\n<p>T (tempo), V.5, H.20. UMB 138. (+10) D\u00e9cima magnitude do circuito coordenador superconsciente de quinta for\u00e7a do canal Alfa-Beta. Ativar e transferir os sinais internos do tempo 5D da manifesta\u00e7\u00e3o planet\u00e1ria ao n\u00facleo radial dos sentidos da Sincroniza\u00e7\u00e3o C\u00f3smica.<\/p>\n\n\n\n<p>E (espa\u00e7o), V. 6, H. 9. UMB 344. (-9) Nona magnitude do fluxo do espa\u00e7o externo sublima o hiperplasma Alfa-Alfa da Cria\u00e7\u00e3o C\u00f3smica (na 1\u00aa dimens\u00e3o do tempo exterior). Campo de for\u00e7a do samadhi profundo (1D) sublimado pelo campo de for\u00e7a t\u00e9rmico Kuali vermelho da paranormalidade e superconsciente (5D).<\/p>\n\n\n\n<p>S (syncr\u00f4nica), V.6, H.2. UMB 113. (-11) D\u00e9cima Primeira magnitude do circuito coordenador superconsciente de quinta for\u00e7a do canal Alfa-Alfa. Sublimar e transferir sinais internos do tempo 5D da libera\u00e7\u00e3o espectral ao n\u00facleo radial dos sentidos da Cria\u00e7\u00e3o C\u00f3smica.<\/p>\n\n\n\n<p>ME (mestre), V. 12, H. 2. UMB 107. Runa Harm\u00f4nica UR 108: A Onda de Mente Infinita Torna-se Consci\u00eancia Desperta. 6\u00aa Oitava: Oitava de Onda da Mente Infinita. Runa da Fila 14.<\/p>\n\n\n\n<p>PSI Crono, V. 10, H. 20. UMB 143. Runa Harm\u00f4nica UR 97: Uni\u00e3o da Ascens\u00e3o e Queda. 5\u00aa Oitava: Oitava da Uni\u00e3o da Ascens\u00e3o e Queda. Runa da Fila 13.<\/p>\n\n\n\n<p>KE (KIN equivalente), V. 6, H. 8. UMB 343. (+10) D\u00e9cima magnitude do fluxo do espa\u00e7o externo. Ativa o hiperplasma Alfa-Alfa da Cria\u00e7\u00e3o C\u00f3smica (na 1\u00aa dimens\u00e3o do tempo exterior). Campo de for\u00e7a do samadhi profundo (1D) ativado pelo campo de for\u00e7a t\u00e9rmico Kuali vermelho da paranormalidadee superconsciente (5D).<\/p>\n\n\n\n<p>MOAP, V. 13, H. 19. UMB 211. (+4) Quarta magnitude do fluxo do espa\u00e7o externo. Ativa o hiperplasma Beta-Beta do Cubo C\u00f3smico (na 4\u00aa dimens\u00e3o do tempo exterior). Campo de for\u00e7a da mediunidade do consciente desperto (4D) ativado pelo campo de for\u00e7a do Perceptor Holomental radializado radios\u00f4nicamente (8D): Comando Harm\u00f4nico Ascendente.<\/p>\n\n\n\n<p>URH 1, V. 12, H. 17. UMB 316. Runa Harm\u00f4nica UR 79: A \u00c1rvore do Fogo C\u00f3smico Gera a Mente Planet\u00e1ria. 2\u00aa Oitava: Oitava da \u00c1rvore do Fogo C\u00f3smico. Runa da Fila 10.<\/p>\n\n\n\n<p>URH 2 (lua\/moon 13), xxx<\/p>\n\n\n\n<p>FH (Frequencia Harm\u00f4nica do heptal)&nbsp;&nbsp;&nbsp; &#8211;&gt; IFT (FH) = 4348, V. 7, H. 9. UMB 379. (-12) D\u00e9cima segunda magnitude do fluxo do espa\u00e7o externo sublima o hiperplasma Alfa-Alfa da Cria\u00e7\u00e3o C\u00f3smica (na1\u00aa dimens\u00e3o do tempo exterior). Campo de for\u00e7a do samadhi profundo (1D) sublimado pelo campo de for\u00e7a t\u00e9rmico Kuali vermelho da paranormalidade superconsciente (5D).<\/p>\n\n\n\n<p>&nbsp;CP (C\u00edclo Cria\u00e7\u00e3o perp\u00e9tuo), V.3, H.20. UMB 136. (+8) Oitava magnitude do circuito coordenador superconsciente de quinta for\u00e7a do canal Alfa-Beta. Ativar e transferir os sinais internos do tempo 5D da integridade gal\u00e1ctica ao n\u00facleo radial dos sentidos da Sincroniza\u00e7\u00e3o C\u00f3smica.<\/p>\n\n\n\n<p class=\"has-text-align-center\"><strong>Frequ\u00eancias de HUNAB KU 21<\/strong><\/p>\n\n\n\n<p>PH (porta heptal), V. 11, H. 14. UMB 414. Runa Harm\u00f4nica UR 90: O Todo da Arte Gal\u00e1ctica \u00e9 Definida pelo Tempo. 4\u00aaOitava: Oitava do Todo da Arte Gal\u00e1ctico. Runa da Fila 12. Oitava porta de Unidade do tempo vertical ascendente. Corresponde ao Iluminado (Sol): Quarto Portal da Matriz de Hunab Ku 21. O Sol mede a for\u00e7a da luz-fot\u00f3n-cicl\u00f3n de Hunab Ku com a linha de for\u00e7a centr\u00edpeta lum\u00ednica Dum Duar e a linha de for\u00e7a lum\u00ednico-t\u00e9rmica centr\u00edpeta de Kemio. A partir daqui \u00e9 gerado Hipereletron que estimula os estados da mente superconsciente. Ativa a c\u00e9lula harm\u00f4nica polar sul do polo Darka com o hiper el\u00e9tron e sela a plasma radial: Alfa. Abre a quinta porta do heptal: a porta da ilumina\u00e7\u00e3o. Plut\u00e3o Gal\u00e1ctico-Karmico.<\/p>\n\n\n\n<p>LT (lente do tempo), V. 20, H. 11. UMB 90. (2) Segunda magnitude do campo hipergravitacional organizador do campo de for\u00e7a lum\u00ednico Duar azul neutraliza a 6\u00aa esfera mental: consciente subliminar\/atrator do universo paralelo. N\u00facleo energizante central (H.11 eixo equatorial). Segunda porta de Unidade do tempo radial esquerdo. Corresponde ao Inocente (Semente): Quarta Porta de luz de Hunab Ku 21 (extremidade centr\u00edpeta). Internalizar o processo centr\u00edpeto onde as cargas el\u00e9tricas do hipern\u00eautron e a luz primaria (Dum Duar) combina para criar a for\u00e7a con- sciente Subliminar da Inteligencia C\u00f3smica que abre a Corte do Descobridor (UMB 279). Controla o poder da consci\u00eancia universal para evoluir os poderes da intelig\u00eancia c\u00f3smica. J\u00fapiter Gal\u00e1ctico-K\u00e1rmico.<\/p>\n\n\n\n<p>D (KIN destino), V. 11, H. 20. UMB 144. Runa Harm\u00f4nica UR 91: O Todo da Arte Gal\u00e1ctica Define o Espa\u00e7o. 4\u00aa Oitava: Oitava do Todo da Arte Gal\u00e1ctica. Runa da Fila 12. Segunda porta de Unidade do tempo vertical ascendente. Corresponde a Suma Sacerdotisa (Vento): Segunda Porta de luz de Hunab Ku 21. Abre a Porta da luz Universal da Corte do Profeta (UMB 315) onde \u00e9 armazenada a profec\u00eda c\u00f3smica. A Suma Sacerdotisa ascende ao Polo Sul (Darka) como Alento C\u00f3smico e ascende como profec\u00eda. Gera o hiperplasma Beta-Beta estimulando a mediunidade do consciente desperto e sela o plasma radial Gama. Abre a Terceira porta do heptal: A Porta do Misterio. Urano Solar-Prof\u00e9tico.<\/p>\n\n\n\n<p>G (KIN guia), V. 11, H. 8. UMB 402. Runa Harm\u00f4nica UR 81: A Radiogenesis Estabelece o Todo da Vida Gal\u00e1ctica. 3\u00aa Oitava: Oitava do Todo da Vida Gal\u00e1ctica. Runa da Fila 11. Oitava porta de Unidade do tempo vertical descendente. Corresponde ao Yogue\/ni (Espelho). Segundo Porta da Matriz de Hunab Ku 21. Yogue\/ni mede a for\u00e7a da luz-fot\u00f3n-cicl\u00f3n de Hunab Ku com a linha de for\u00e7a centr\u00edfuga t\u00e9rmica Dum Kuali e a linha de for\u00e7a centr\u00edpeta t\u00e9rmica-lum\u00ednica Kum. A partir daqui \u00e9 gerado o Hiperneutron que estimula os estados subliminais da consci\u00eancia. Ativa a c\u00e9lula harm\u00f4nica polar norte do polo Marka com o eletron mental e sela o plasma radial: Limi. Abre a sexta porta do heptal: a porta da Transc\u00eandencia. Neptuno Solar-Prof\u00e9tico.<\/p>\n\n\n\n<p>AN (KIN an\u00e1logo), V. 14, H. 11. UMB 396. Unidade transformadora. Cataliza o campo de for\u00e7a lum\u00ednico Duar azul transformando a luz do calor interior (Kemio) e o calor da luz interior (Kum) dentro do N\u00facleo do Tempo Interior imprimindo a 7\u00aa esfera mental (Perceptor Holomental) e ativando a sexta esfera mental (consciente subliminar). Oitava porta de Unidade do tempo radial esquerda. Corresponde ao Navegador (Terra): Primeira Porta da Matriz de Hunab Ku 21(linha de for\u00e7a lum\u00ednica centr\u00edpeta). Une Hunab Ku com a Corte da Intelig\u00eancia. A navega\u00e7\u00e3o \u00e9 a realiza\u00e7\u00e3o da Consci\u00eancia C\u00f3smica da intelig\u00eancia. A partir daqui \u00e9 gerada a linha de for\u00e7a lum\u00ednica que estimula os estados subliminares da consci\u00eancia da mente e ativam a ordem harm\u00f4nica do campo de for\u00e7a centr\u00edpeta da intelig\u00eancia. O portal do Navegador mede o campo de for\u00e7a de Hunab Ku para ascender \u00e0s cargas el\u00e9tricas de Kum e Kemio. Urano Solar-Prof\u00e9tico.<\/p>\n\n\n\n<p>AT (KIN ant\u00edpoda), V. 14, H. 17. UMB 318. (-7) S\u00e9tima magnitude do fluxo do espa\u00e7o externo sublima o hiperplasma Beta-Beta do Cubo C\u00f3smico (na 4\u00aa dimens\u00e3o do tempo exterior). Campo de for\u00e7a da mediunidade do consciente desperto (4D) sublimado pelo campo de for\u00e7a do Perceptor Holomental radializado radios\u00f4nicamente (8D): Comando Harm\u00f4nico Ascendente. Corresponde ao S\u00e1bio (Humano): Terceira Fonte de Poder de Hunab Ku 21 na Corte do Profeta (UMB 315). Ativado pela linha de for\u00e7a el\u00e9trica lum\u00ednico-t\u00e9rmica descendente Kemio \u201cluz do calor interior\u201d (UMB 393). A sabedor\u00eda \u00e9 a fonte da profecia. Terra Solar-Prof\u00e9tica.<\/p>\n\n\n\n<p>O (KIN oculto), V. 8, H. 11. UMB 408. Unidade transformadora. Cataliza o campo de for\u00e7a t\u00e9rmico Kuali vermelho transformando o calor primario e a luz primaria dentro do N\u00facleo do Tempo Interior imprimindo a 7\u00aa esfera mental (Perceptor Holomental) e ativando a quinta esfera mental (superconsciente). Oitava porta de Unidade do tempo radial direito. Corresponde ao Transformador de Mundos (Tormenta): Terceira Porta da Matriz de Hunab Ku 21(linha de for\u00e7a t\u00e9rmica centr\u00edfuga). Une Hunab Ku com a Corte do Compassivo. A auto-gera\u00e7\u00e3o \u00e9 a realiza\u00e7\u00e3o da Consci\u00eancia C\u00f3smica do amor. A partir daqui \u00e9 gerada a linha de for\u00e7a t\u00e9rmica que estimula os estados superconscientes da mente e ativam a ordem harm\u00f4nica do campo de for\u00e7a centr\u00edfugo do amor. O portal da Tormenta mede o campo de for\u00e7a de Hunab Ku para ascender \u00e0s cargas el\u00e9tricas de Dum Kuali e Dum Duar. Plut\u00e3o Solar-Prof\u00e9tico.<\/p>\n\n\n\n<p>HK (Hunab Ku), V. 14, H. 17. UMB 318. (-7) S\u00e9tima magnitude do fluxo do espa\u00e7o externo sublima o hiperplasma Beta-Beta do Cubo C\u00f3smico (na 4\u00aa dimens\u00e3o do tempo exterior). Campo de for\u00e7a da mediunidade do consciente desperto (4D) sublimado pelo campo de for\u00e7a do Perceptor Holomental radializado radios\u00f4nicamente (8D): Comando Harm\u00f4nico Ascendente. Corresponde ao S\u00e1bio (Humano): Terceira Fonte de Poder de Hunab Ku 21 na Corte do Profeta (UMB 315). Ativado pela linha de for\u00e7a el\u00e9trica lum\u00ednico-t\u00e9rmica descendente Kemio \u201cluz do calor interior\u201d (UMB 393). A sabedor\u00eda \u00e9 a fonte da profecia. Terra Solar-Prof\u00e9tica.<\/p>\n\n\n\n<p>ST (senda do tollan), V. 14, H. 5. UMB 288. (+7) S\u00e9tima magnitude do fluxo do espa\u00e7o externo. Ativa o hiperplasma Beta-Alfa da Ascens\u00e3o C\u00f3smica (na 2\u00aa dimens\u00e3o do tempo exterior). Campo de for\u00e7a do controle da mente superior (2D) ativado pelo campo de for\u00e7a (7D) do Perceptor Holomental radializado radiosonicamente: Comando C\u00f3smico Descendente. Corresponde ao Iniciado da Serpiente (Serpente): Primeira Porta de Poder de Hunab Ku 21 na Corte do Avatar (UMB 291). Ativado pela carga el\u00e9trica t\u00e9rmico\/lum\u00ednica ascendente Kum \u201ccalor da luz interior\u201d (UMB 399). O sexo \u00e9 o inicio do conhecimento. Maldek Gal\u00e1ctico-K\u00e1rmico.<\/p>\n\n\n\n<p>Sf (frequencia sendas), V. 11, H. 20. UMB 144. Runa Harm\u00f4nica UR 91: O Todo da Arte Gal\u00e1ctica Define o Espa\u00e7o. 4\u00aa Oitava: Oitava do Todo da Arte Gal\u00e1ctica. Runa da Fila 12. Segunda porta de Unidade do tempo vertical ascendente. Corresponde a Suma Sacerdotisa (Vento): Segunda Porta de luz de Hunab Ku 21. Abre a Porta da luz Universal da Corte do Profeta (UMB 315) onde \u00e9 armazenada a profec\u00eda c\u00f3smica. A Suma Sacerdotisa ascende ao Polo Sul (Darka) como Alento C\u00f3smico e ascende como profec\u00eda. Gera o hiperplasma Beta-Beta estimulando a mediunidade do consciente desperto e sela o plasma radial Gama. Abre a Terceira porta do heptal: A Porta do Misterio. Urano Solar-Prof\u00e9tico.<\/p>\n\n\n\n<div style=\"height:100px\" aria-hidden=\"true\" class=\"wp-block-spacer\"><\/div>\n\n\n\n<h2 class=\"wp-block-heading has-text-align-center\">INFORMA\u00c7\u00d5ES ADICIONAIS<\/h2>\n\n\n\n<p class=\"has-text-align-center\"><strong><u>INFORMA\u00c7\u00d5ES ADICIONAIS SOBRE O CUBO E HIPERCUBO:<\/u><\/strong><\/p>\n\n\n<div class=\"wp-block-image\">\n<figure class=\"aligncenter size-full is-resized\"><img loading=\"lazy\" decoding=\"async\" width=\"653\" height=\"799\" src=\"https:\/\/synchronotron.com\/wp-content\/uploads\/2025\/01\/cuabndo-o-cubo_1.png\" alt=\"\" class=\"wp-image-13259\" style=\"width:722px;height:auto\" srcset=\"https:\/\/synchronotron.com\/wp-content\/uploads\/2025\/01\/cuabndo-o-cubo_1.png 653w, https:\/\/synchronotron.com\/wp-content\/uploads\/2025\/01\/cuabndo-o-cubo_1-245x300.png 245w, https:\/\/synchronotron.com\/wp-content\/uploads\/2025\/01\/cuabndo-o-cubo_1-600x734.png 600w\" sizes=\"(max-width: 653px) 100vw, 653px\" \/><figcaption class=\"wp-element-caption\">*Codon e Runa UR s\u00e3o apenas para exemplifica\u00e7\u00e3o<\/figcaption><\/figure>\n<\/div>\n\n\n<figure class=\"wp-block-image size-full\"><img loading=\"lazy\" decoding=\"async\" width=\"827\" height=\"300\" src=\"https:\/\/synchronotron.com\/wp-content\/uploads\/2025\/01\/NS1.37.7.7_dinamica-hipercubo_plasmas_GK-1.png\" alt=\"\" class=\"wp-image-13170\" srcset=\"https:\/\/synchronotron.com\/wp-content\/uploads\/2025\/01\/NS1.37.7.7_dinamica-hipercubo_plasmas_GK-1.png 827w, https:\/\/synchronotron.com\/wp-content\/uploads\/2025\/01\/NS1.37.7.7_dinamica-hipercubo_plasmas_GK-1-300x109.png 300w, https:\/\/synchronotron.com\/wp-content\/uploads\/2025\/01\/NS1.37.7.7_dinamica-hipercubo_plasmas_GK-1-768x279.png 768w, https:\/\/synchronotron.com\/wp-content\/uploads\/2025\/01\/NS1.37.7.7_dinamica-hipercubo_plasmas_GK-1-600x218.png 600w\" sizes=\"(max-width: 827px) 100vw, 827px\" \/><\/figure>\n\n\n\n<figure class=\"wp-block-image size-full is-resized\"><img loading=\"lazy\" decoding=\"async\" width=\"602\" height=\"681\" src=\"https:\/\/synchronotron.com\/wp-content\/uploads\/2025\/01\/NS1.37.7.7_dinamica-hipercubo_circuitos_GK.png\" alt=\"\" class=\"wp-image-13087\" style=\"width:842px;height:auto\" srcset=\"https:\/\/synchronotron.com\/wp-content\/uploads\/2025\/01\/NS1.37.7.7_dinamica-hipercubo_circuitos_GK.png 602w, https:\/\/synchronotron.com\/wp-content\/uploads\/2025\/01\/NS1.37.7.7_dinamica-hipercubo_circuitos_GK-265x300.png 265w, https:\/\/synchronotron.com\/wp-content\/uploads\/2025\/01\/NS1.37.7.7_dinamica-hipercubo_circuitos_GK-600x679.png 600w\" sizes=\"(max-width: 602px) 100vw, 602px\" \/><\/figure>\n\n\n\n<figure class=\"wp-block-image size-large\"><img loading=\"lazy\" decoding=\"async\" width=\"1024\" height=\"369\" src=\"https:\/\/synchronotron.com\/wp-content\/uploads\/2025\/01\/NS1.37.7.7_dinamica-hipercubo_plasmas_SP-1024x369.png\" alt=\"\" class=\"wp-image-13171\" srcset=\"https:\/\/synchronotron.com\/wp-content\/uploads\/2025\/01\/NS1.37.7.7_dinamica-hipercubo_plasmas_SP-1024x369.png 1024w, https:\/\/synchronotron.com\/wp-content\/uploads\/2025\/01\/NS1.37.7.7_dinamica-hipercubo_plasmas_SP-300x108.png 300w, https:\/\/synchronotron.com\/wp-content\/uploads\/2025\/01\/NS1.37.7.7_dinamica-hipercubo_plasmas_SP-768x277.png 768w, https:\/\/synchronotron.com\/wp-content\/uploads\/2025\/01\/NS1.37.7.7_dinamica-hipercubo_plasmas_SP-600x216.png 600w, https:\/\/synchronotron.com\/wp-content\/uploads\/2025\/01\/NS1.37.7.7_dinamica-hipercubo_plasmas_SP.png 1043w\" sizes=\"(max-width: 1024px) 100vw, 1024px\" \/><\/figure>\n\n\n\n<figure class=\"wp-block-image size-full is-resized\"><img loading=\"lazy\" decoding=\"async\" width=\"605\" height=\"681\" src=\"https:\/\/synchronotron.com\/wp-content\/uploads\/2025\/01\/NS1.37.7.7_dinamica-hipercubo_circuitos_SP.png\" alt=\"\" class=\"wp-image-13090\" style=\"width:846px;height:auto\" srcset=\"https:\/\/synchronotron.com\/wp-content\/uploads\/2025\/01\/NS1.37.7.7_dinamica-hipercubo_circuitos_SP.png 605w, https:\/\/synchronotron.com\/wp-content\/uploads\/2025\/01\/NS1.37.7.7_dinamica-hipercubo_circuitos_SP-267x300.png 267w, https:\/\/synchronotron.com\/wp-content\/uploads\/2025\/01\/NS1.37.7.7_dinamica-hipercubo_circuitos_SP-600x675.png 600w\" sizes=\"(max-width: 605px) 100vw, 605px\" \/><\/figure>\n\n\n\n<figure class=\"wp-block-image size-full is-resized\"><img loading=\"lazy\" decoding=\"async\" width=\"1055\" height=\"815\" src=\"https:\/\/synchronotron.com\/wp-content\/uploads\/2025\/01\/ILUSTRACAO-HIPERCUBO-2.png\" alt=\"\" class=\"wp-image-13100\" style=\"width:850px;height:auto\" srcset=\"https:\/\/synchronotron.com\/wp-content\/uploads\/2025\/01\/ILUSTRACAO-HIPERCUBO-2.png 1055w, https:\/\/synchronotron.com\/wp-content\/uploads\/2025\/01\/ILUSTRACAO-HIPERCUBO-2-300x232.png 300w, https:\/\/synchronotron.com\/wp-content\/uploads\/2025\/01\/ILUSTRACAO-HIPERCUBO-2-1024x791.png 1024w, https:\/\/synchronotron.com\/wp-content\/uploads\/2025\/01\/ILUSTRACAO-HIPERCUBO-2-768x593.png 768w, https:\/\/synchronotron.com\/wp-content\/uploads\/2025\/01\/ILUSTRACAO-HIPERCUBO-2-600x464.png 600w\" sizes=\"(max-width: 1055px) 100vw, 1055px\" \/><\/figure>\n\n\n\n<figure class=\"wp-block-embed is-type-video is-provider-youtube wp-block-embed-youtube wp-embed-aspect-16-9 wp-has-aspect-ratio\"><div class=\"wp-block-embed__wrapper\">\n<iframe title=\"Anima\u00e7\u00e3o Hipercubo\" width=\"1240\" height=\"698\" src=\"https:\/\/www.youtube.com\/embed\/vsBHBI0Lcrc?feature=oembed\" frameborder=\"0\" allow=\"accelerometer; autoplay; clipboard-write; encrypted-media; gyroscope; picture-in-picture; web-share\" referrerpolicy=\"strict-origin-when-cross-origin\" allowfullscreen><\/iframe>\n<\/div><\/figure>\n\n\n\n<p><\/p>\n","protected":false},"excerpt":{"rendered":"<p>Sou a Suma Sacerdotisacodificada pelo Vento Branco.Entro em seu Universo\u00a0atrav\u00e9s da Segunda Porta de Luz. Meu n\u00famero \u00e9 o dois.O desafio do Vento,ao gira em todas as dire\u00e7\u00f5es,\u00e9 arrear o poder da &#8220;palavra&#8221;. Deixe a boca proferir apenas o glorioso.Eis o meu desafio para ti, pois sou a Senhora dos Ventos,guardi\u00e3 dos t\u00faneis da mente&hellip;<\/p>\n","protected":false},"author":2,"featured_media":10453,"comment_status":"open","ping_status":"open","sticky":false,"template":"","format":"standard","meta":{"_acf_changed":false,"give_campaign_id":0,"_eb_attr":"","om_disable_all_campaigns":false,"_exactmetrics_skip_tracking":false,"_exactmetrics_sitenote_active":false,"_exactmetrics_sitenote_note":"","_exactmetrics_sitenote_category":0,"_uf_show_specific_survey":0,"_uf_disable_surveys":false,"iawp_total_views":13,"footnotes":""},"categories":[48,42],"tags":[],"class_list":["post-20976","post","type-post","status-publish","format-standard","has-post-thumbnail","hentry","category-ativacoes","category-blog-aberto"],"acf":[],"yoast_head":"<!-- This site is optimized with the Yoast SEO plugin v27.5 - https:\/\/yoast.com\/product\/yoast-seo-wordpress\/ -->\n<title>Vento Solar Branco KIN22 (2.9) - Synchronotron<\/title>\n<meta name=\"robots\" content=\"index, follow, max-snippet:-1, max-image-preview:large, max-video-preview:-1\" \/>\n<link rel=\"canonical\" href=\"https:\/\/synchronotron.com\/index.php\/2025\/12\/31\/vento-solar-branco-kin22-2-9\/\" \/>\n<meta property=\"og:locale\" content=\"pt_BR\" \/>\n<meta property=\"og:type\" content=\"article\" \/>\n<meta property=\"og:title\" content=\"Vento Solar Branco KIN22 (2.9) - Synchronotron\" \/>\n<meta property=\"og:description\" content=\"Sou a Suma Sacerdotisacodificada pelo Vento Branco.Entro em seu Universo\u00a0atrav\u00e9s da Segunda Porta de Luz. Meu n\u00famero \u00e9 o dois.O desafio do Vento,ao gira em todas as dire\u00e7\u00f5es,\u00e9 arrear o poder da &#8220;palavra&#8221;. Deixe a boca proferir apenas o glorioso.Eis o meu desafio para ti, pois sou a Senhora dos Ventos,guardi\u00e3 dos t\u00faneis da mente&hellip;\" \/>\n<meta property=\"og:url\" content=\"https:\/\/synchronotron.com\/index.php\/2025\/12\/31\/vento-solar-branco-kin22-2-9\/\" \/>\n<meta property=\"og:site_name\" content=\"Synchronotron\" \/>\n<meta property=\"article:published_time\" content=\"2025-12-31T12:12:02+00:00\" \/>\n<meta property=\"article:modified_time\" content=\"2025-12-31T16:30:31+00:00\" \/>\n<meta property=\"og:image\" content=\"https:\/\/synchronotron.com\/wp-content\/uploads\/2024\/11\/image-40.png\" \/>\n\t<meta property=\"og:image:width\" content=\"1051\" \/>\n\t<meta property=\"og:image:height\" content=\"1280\" \/>\n\t<meta property=\"og:image:type\" content=\"image\/png\" \/>\n<meta name=\"author\" content=\"Gerd\" \/>\n<meta name=\"twitter:card\" content=\"summary_large_image\" \/>\n<meta name=\"twitter:label1\" content=\"Escrito por\" \/>\n\t<meta name=\"twitter:data1\" content=\"Gerd\" \/>\n\t<meta name=\"twitter:label2\" content=\"Est. tempo de leitura\" \/>\n\t<meta name=\"twitter:data2\" content=\"21 minutos\" \/>\n<script type=\"application\/ld+json\" class=\"yoast-schema-graph\">{\"@context\":\"https:\\\/\\\/schema.org\",\"@graph\":[{\"@type\":\"Article\",\"@id\":\"https:\\\/\\\/synchronotron.com\\\/index.php\\\/2025\\\/12\\\/31\\\/vento-solar-branco-kin22-2-9\\\/#article\",\"isPartOf\":{\"@id\":\"https:\\\/\\\/synchronotron.com\\\/index.php\\\/2025\\\/12\\\/31\\\/vento-solar-branco-kin22-2-9\\\/\"},\"author\":{\"name\":\"Gerd\",\"@id\":\"https:\\\/\\\/synchronotron.com\\\/#\\\/schema\\\/person\\\/cd4d4caede1c4a71ff2eebc7ecac6324\"},\"headline\":\"Vento Solar Branco KIN22 (2.9)\",\"datePublished\":\"2025-12-31T12:12:02+00:00\",\"dateModified\":\"2025-12-31T16:30:31+00:00\",\"mainEntityOfPage\":{\"@id\":\"https:\\\/\\\/synchronotron.com\\\/index.php\\\/2025\\\/12\\\/31\\\/vento-solar-branco-kin22-2-9\\\/\"},\"wordCount\":3259,\"commentCount\":0,\"publisher\":{\"@id\":\"https:\\\/\\\/synchronotron.com\\\/#organization\"},\"image\":{\"@id\":\"https:\\\/\\\/synchronotron.com\\\/index.php\\\/2025\\\/12\\\/31\\\/vento-solar-branco-kin22-2-9\\\/#primaryimage\"},\"thumbnailUrl\":\"https:\\\/\\\/synchronotron.com\\\/wp-content\\\/uploads\\\/2024\\\/11\\\/image-40.png\",\"articleSection\":[\"Ativa\u00e7\u00f5es\",\"Blog Aberto\"],\"inLanguage\":\"pt-BR\",\"potentialAction\":[{\"@type\":\"CommentAction\",\"name\":\"Comment\",\"target\":[\"https:\\\/\\\/synchronotron.com\\\/index.php\\\/2025\\\/12\\\/31\\\/vento-solar-branco-kin22-2-9\\\/#respond\"]}]},{\"@type\":\"WebPage\",\"@id\":\"https:\\\/\\\/synchronotron.com\\\/index.php\\\/2025\\\/12\\\/31\\\/vento-solar-branco-kin22-2-9\\\/\",\"url\":\"https:\\\/\\\/synchronotron.com\\\/index.php\\\/2025\\\/12\\\/31\\\/vento-solar-branco-kin22-2-9\\\/\",\"name\":\"Vento Solar Branco KIN22 (2.9) - Synchronotron\",\"isPartOf\":{\"@id\":\"https:\\\/\\\/synchronotron.com\\\/#website\"},\"primaryImageOfPage\":{\"@id\":\"https:\\\/\\\/synchronotron.com\\\/index.php\\\/2025\\\/12\\\/31\\\/vento-solar-branco-kin22-2-9\\\/#primaryimage\"},\"image\":{\"@id\":\"https:\\\/\\\/synchronotron.com\\\/index.php\\\/2025\\\/12\\\/31\\\/vento-solar-branco-kin22-2-9\\\/#primaryimage\"},\"thumbnailUrl\":\"https:\\\/\\\/synchronotron.com\\\/wp-content\\\/uploads\\\/2024\\\/11\\\/image-40.png\",\"datePublished\":\"2025-12-31T12:12:02+00:00\",\"dateModified\":\"2025-12-31T16:30:31+00:00\",\"breadcrumb\":{\"@id\":\"https:\\\/\\\/synchronotron.com\\\/index.php\\\/2025\\\/12\\\/31\\\/vento-solar-branco-kin22-2-9\\\/#breadcrumb\"},\"inLanguage\":\"pt-BR\",\"potentialAction\":[{\"@type\":\"ReadAction\",\"target\":[\"https:\\\/\\\/synchronotron.com\\\/index.php\\\/2025\\\/12\\\/31\\\/vento-solar-branco-kin22-2-9\\\/\"]}]},{\"@type\":\"ImageObject\",\"inLanguage\":\"pt-BR\",\"@id\":\"https:\\\/\\\/synchronotron.com\\\/index.php\\\/2025\\\/12\\\/31\\\/vento-solar-branco-kin22-2-9\\\/#primaryimage\",\"url\":\"https:\\\/\\\/synchronotron.com\\\/wp-content\\\/uploads\\\/2024\\\/11\\\/image-40.png\",\"contentUrl\":\"https:\\\/\\\/synchronotron.com\\\/wp-content\\\/uploads\\\/2024\\\/11\\\/image-40.png\",\"width\":1051,\"height\":1280},{\"@type\":\"BreadcrumbList\",\"@id\":\"https:\\\/\\\/synchronotron.com\\\/index.php\\\/2025\\\/12\\\/31\\\/vento-solar-branco-kin22-2-9\\\/#breadcrumb\",\"itemListElement\":[{\"@type\":\"ListItem\",\"position\":1,\"name\":\"In\u00edcio\",\"item\":\"https:\\\/\\\/synchronotron.com\\\/\"},{\"@type\":\"ListItem\",\"position\":2,\"name\":\"Vento Solar Branco KIN22 (2.9)\"}]},{\"@type\":\"WebSite\",\"@id\":\"https:\\\/\\\/synchronotron.com\\\/#website\",\"url\":\"https:\\\/\\\/synchronotron.com\\\/\",\"name\":\"Synchronotron\",\"description\":\"\",\"publisher\":{\"@id\":\"https:\\\/\\\/synchronotron.com\\\/#organization\"},\"potentialAction\":[{\"@type\":\"SearchAction\",\"target\":{\"@type\":\"EntryPoint\",\"urlTemplate\":\"https:\\\/\\\/synchronotron.com\\\/?s={search_term_string}\"},\"query-input\":{\"@type\":\"PropertyValueSpecification\",\"valueRequired\":true,\"valueName\":\"search_term_string\"}}],\"inLanguage\":\"pt-BR\"},{\"@type\":\"Organization\",\"@id\":\"https:\\\/\\\/synchronotron.com\\\/#organization\",\"name\":\"Synchronotron\",\"url\":\"https:\\\/\\\/synchronotron.com\\\/\",\"logo\":{\"@type\":\"ImageObject\",\"inLanguage\":\"pt-BR\",\"@id\":\"https:\\\/\\\/synchronotron.com\\\/#\\\/schema\\\/logo\\\/image\\\/\",\"url\":\"https:\\\/\\\/synchronotron.com\\\/wp-content\\\/uploads\\\/2023\\\/08\\\/cropped-logo-synchonotron-1.png\",\"contentUrl\":\"https:\\\/\\\/synchronotron.com\\\/wp-content\\\/uploads\\\/2023\\\/08\\\/cropped-logo-synchonotron-1.png\",\"width\":837,\"height\":837,\"caption\":\"Synchronotron\"},\"image\":{\"@id\":\"https:\\\/\\\/synchronotron.com\\\/#\\\/schema\\\/logo\\\/image\\\/\"}},{\"@type\":\"Person\",\"@id\":\"https:\\\/\\\/synchronotron.com\\\/#\\\/schema\\\/person\\\/cd4d4caede1c4a71ff2eebc7ecac6324\",\"name\":\"Gerd\",\"image\":{\"@type\":\"ImageObject\",\"inLanguage\":\"pt-BR\",\"@id\":\"https:\\\/\\\/synchronotron.com\\\/wp-content\\\/litespeed\\\/avatar\\\/32a81aaa2f6a0e47b016bd34d35d4016.jpg?ver=1777050573\",\"url\":\"https:\\\/\\\/synchronotron.com\\\/wp-content\\\/litespeed\\\/avatar\\\/32a81aaa2f6a0e47b016bd34d35d4016.jpg?ver=1777050573\",\"contentUrl\":\"https:\\\/\\\/synchronotron.com\\\/wp-content\\\/litespeed\\\/avatar\\\/32a81aaa2f6a0e47b016bd34d35d4016.jpg?ver=1777050573\",\"caption\":\"Gerd\"},\"url\":\"https:\\\/\\\/synchronotron.com\\\/index.php\\\/author\\\/gerd\\\/\"}]}<\/script>\n<!-- \/ Yoast SEO plugin. -->","yoast_head_json":{"title":"Vento Solar Branco KIN22 (2.9) - Synchronotron","robots":{"index":"index","follow":"follow","max-snippet":"max-snippet:-1","max-image-preview":"max-image-preview:large","max-video-preview":"max-video-preview:-1"},"canonical":"https:\/\/synchronotron.com\/index.php\/2025\/12\/31\/vento-solar-branco-kin22-2-9\/","og_locale":"pt_BR","og_type":"article","og_title":"Vento Solar Branco KIN22 (2.9) - Synchronotron","og_description":"Sou a Suma Sacerdotisacodificada pelo Vento Branco.Entro em seu Universo\u00a0atrav\u00e9s da Segunda Porta de Luz. Meu n\u00famero \u00e9 o dois.O desafio do Vento,ao gira em todas as dire\u00e7\u00f5es,\u00e9 arrear o poder da &#8220;palavra&#8221;. Deixe a boca proferir apenas o glorioso.Eis o meu desafio para ti, pois sou a Senhora dos Ventos,guardi\u00e3 dos t\u00faneis da mente&hellip;","og_url":"https:\/\/synchronotron.com\/index.php\/2025\/12\/31\/vento-solar-branco-kin22-2-9\/","og_site_name":"Synchronotron","article_published_time":"2025-12-31T12:12:02+00:00","article_modified_time":"2025-12-31T16:30:31+00:00","og_image":[{"width":1051,"height":1280,"url":"https:\/\/synchronotron.com\/wp-content\/uploads\/2024\/11\/image-40.png","type":"image\/png"}],"author":"Gerd","twitter_card":"summary_large_image","twitter_misc":{"Escrito por":"Gerd","Est. tempo de leitura":"21 minutos"},"schema":{"@context":"https:\/\/schema.org","@graph":[{"@type":"Article","@id":"https:\/\/synchronotron.com\/index.php\/2025\/12\/31\/vento-solar-branco-kin22-2-9\/#article","isPartOf":{"@id":"https:\/\/synchronotron.com\/index.php\/2025\/12\/31\/vento-solar-branco-kin22-2-9\/"},"author":{"name":"Gerd","@id":"https:\/\/synchronotron.com\/#\/schema\/person\/cd4d4caede1c4a71ff2eebc7ecac6324"},"headline":"Vento Solar Branco KIN22 (2.9)","datePublished":"2025-12-31T12:12:02+00:00","dateModified":"2025-12-31T16:30:31+00:00","mainEntityOfPage":{"@id":"https:\/\/synchronotron.com\/index.php\/2025\/12\/31\/vento-solar-branco-kin22-2-9\/"},"wordCount":3259,"commentCount":0,"publisher":{"@id":"https:\/\/synchronotron.com\/#organization"},"image":{"@id":"https:\/\/synchronotron.com\/index.php\/2025\/12\/31\/vento-solar-branco-kin22-2-9\/#primaryimage"},"thumbnailUrl":"https:\/\/synchronotron.com\/wp-content\/uploads\/2024\/11\/image-40.png","articleSection":["Ativa\u00e7\u00f5es","Blog Aberto"],"inLanguage":"pt-BR","potentialAction":[{"@type":"CommentAction","name":"Comment","target":["https:\/\/synchronotron.com\/index.php\/2025\/12\/31\/vento-solar-branco-kin22-2-9\/#respond"]}]},{"@type":"WebPage","@id":"https:\/\/synchronotron.com\/index.php\/2025\/12\/31\/vento-solar-branco-kin22-2-9\/","url":"https:\/\/synchronotron.com\/index.php\/2025\/12\/31\/vento-solar-branco-kin22-2-9\/","name":"Vento Solar Branco KIN22 (2.9) - Synchronotron","isPartOf":{"@id":"https:\/\/synchronotron.com\/#website"},"primaryImageOfPage":{"@id":"https:\/\/synchronotron.com\/index.php\/2025\/12\/31\/vento-solar-branco-kin22-2-9\/#primaryimage"},"image":{"@id":"https:\/\/synchronotron.com\/index.php\/2025\/12\/31\/vento-solar-branco-kin22-2-9\/#primaryimage"},"thumbnailUrl":"https:\/\/synchronotron.com\/wp-content\/uploads\/2024\/11\/image-40.png","datePublished":"2025-12-31T12:12:02+00:00","dateModified":"2025-12-31T16:30:31+00:00","breadcrumb":{"@id":"https:\/\/synchronotron.com\/index.php\/2025\/12\/31\/vento-solar-branco-kin22-2-9\/#breadcrumb"},"inLanguage":"pt-BR","potentialAction":[{"@type":"ReadAction","target":["https:\/\/synchronotron.com\/index.php\/2025\/12\/31\/vento-solar-branco-kin22-2-9\/"]}]},{"@type":"ImageObject","inLanguage":"pt-BR","@id":"https:\/\/synchronotron.com\/index.php\/2025\/12\/31\/vento-solar-branco-kin22-2-9\/#primaryimage","url":"https:\/\/synchronotron.com\/wp-content\/uploads\/2024\/11\/image-40.png","contentUrl":"https:\/\/synchronotron.com\/wp-content\/uploads\/2024\/11\/image-40.png","width":1051,"height":1280},{"@type":"BreadcrumbList","@id":"https:\/\/synchronotron.com\/index.php\/2025\/12\/31\/vento-solar-branco-kin22-2-9\/#breadcrumb","itemListElement":[{"@type":"ListItem","position":1,"name":"In\u00edcio","item":"https:\/\/synchronotron.com\/"},{"@type":"ListItem","position":2,"name":"Vento Solar Branco KIN22 (2.9)"}]},{"@type":"WebSite","@id":"https:\/\/synchronotron.com\/#website","url":"https:\/\/synchronotron.com\/","name":"Synchronotron","description":"","publisher":{"@id":"https:\/\/synchronotron.com\/#organization"},"potentialAction":[{"@type":"SearchAction","target":{"@type":"EntryPoint","urlTemplate":"https:\/\/synchronotron.com\/?s={search_term_string}"},"query-input":{"@type":"PropertyValueSpecification","valueRequired":true,"valueName":"search_term_string"}}],"inLanguage":"pt-BR"},{"@type":"Organization","@id":"https:\/\/synchronotron.com\/#organization","name":"Synchronotron","url":"https:\/\/synchronotron.com\/","logo":{"@type":"ImageObject","inLanguage":"pt-BR","@id":"https:\/\/synchronotron.com\/#\/schema\/logo\/image\/","url":"https:\/\/synchronotron.com\/wp-content\/uploads\/2023\/08\/cropped-logo-synchonotron-1.png","contentUrl":"https:\/\/synchronotron.com\/wp-content\/uploads\/2023\/08\/cropped-logo-synchonotron-1.png","width":837,"height":837,"caption":"Synchronotron"},"image":{"@id":"https:\/\/synchronotron.com\/#\/schema\/logo\/image\/"}},{"@type":"Person","@id":"https:\/\/synchronotron.com\/#\/schema\/person\/cd4d4caede1c4a71ff2eebc7ecac6324","name":"Gerd","image":{"@type":"ImageObject","inLanguage":"pt-BR","@id":"https:\/\/synchronotron.com\/wp-content\/litespeed\/avatar\/32a81aaa2f6a0e47b016bd34d35d4016.jpg?ver=1777050573","url":"https:\/\/synchronotron.com\/wp-content\/litespeed\/avatar\/32a81aaa2f6a0e47b016bd34d35d4016.jpg?ver=1777050573","contentUrl":"https:\/\/synchronotron.com\/wp-content\/litespeed\/avatar\/32a81aaa2f6a0e47b016bd34d35d4016.jpg?ver=1777050573","caption":"Gerd"},"url":"https:\/\/synchronotron.com\/index.php\/author\/gerd\/"}]}},"_links":{"self":[{"href":"https:\/\/synchronotron.com\/index.php\/wp-json\/wp\/v2\/posts\/20976","targetHints":{"allow":["GET"]}}],"collection":[{"href":"https:\/\/synchronotron.com\/index.php\/wp-json\/wp\/v2\/posts"}],"about":[{"href":"https:\/\/synchronotron.com\/index.php\/wp-json\/wp\/v2\/types\/post"}],"author":[{"embeddable":true,"href":"https:\/\/synchronotron.com\/index.php\/wp-json\/wp\/v2\/users\/2"}],"replies":[{"embeddable":true,"href":"https:\/\/synchronotron.com\/index.php\/wp-json\/wp\/v2\/comments?post=20976"}],"version-history":[{"count":5,"href":"https:\/\/synchronotron.com\/index.php\/wp-json\/wp\/v2\/posts\/20976\/revisions"}],"predecessor-version":[{"id":20992,"href":"https:\/\/synchronotron.com\/index.php\/wp-json\/wp\/v2\/posts\/20976\/revisions\/20992"}],"wp:featuredmedia":[{"embeddable":true,"href":"https:\/\/synchronotron.com\/index.php\/wp-json\/wp\/v2\/media\/10453"}],"wp:attachment":[{"href":"https:\/\/synchronotron.com\/index.php\/wp-json\/wp\/v2\/media?parent=20976"}],"wp:term":[{"taxonomy":"category","embeddable":true,"href":"https:\/\/synchronotron.com\/index.php\/wp-json\/wp\/v2\/categories?post=20976"},{"taxonomy":"post_tag","embeddable":true,"href":"https:\/\/synchronotron.com\/index.php\/wp-json\/wp\/v2\/tags?post=20976"}],"curies":[{"name":"wp","href":"https:\/\/api.w.org\/{rel}","templated":true}]}}