{"id":22124,"date":"2026-03-07T04:45:27","date_gmt":"2026-03-07T07:45:27","guid":{"rendered":"https:\/\/synchronotron.com\/?p=22124"},"modified":"2026-03-08T05:37:25","modified_gmt":"2026-03-08T08:37:25","slug":"estrela-planetaria-amarela-kin88-8-10","status":"publish","type":"post","link":"https:\/\/synchronotron.com\/index.php\/2026\/03\/07\/estrela-planetaria-amarela-kin88-8-10\/","title":{"rendered":"Estrela Planet\u00e1ria Amarela KIN88 (8.10)"},"content":{"rendered":"\n<figure class=\"wp-block-image size-full\"><img fetchpriority=\"high\" decoding=\"async\" width=\"1034\" height=\"1280\" src=\"https:\/\/synchronotron.com\/wp-content\/uploads\/2023\/12\/artista.jpg\" alt=\"\" class=\"wp-image-4014\" srcset=\"https:\/\/synchronotron.com\/wp-content\/uploads\/2023\/12\/artista.jpg 1034w, https:\/\/synchronotron.com\/wp-content\/uploads\/2023\/12\/artista-242x300.jpg 242w, https:\/\/synchronotron.com\/wp-content\/uploads\/2023\/12\/artista-827x1024.jpg 827w, https:\/\/synchronotron.com\/wp-content\/uploads\/2023\/12\/artista-768x951.jpg 768w, https:\/\/synchronotron.com\/wp-content\/uploads\/2023\/12\/artista-600x743.jpg 600w\" sizes=\"(max-width: 1034px) 100vw, 1034px\" \/><\/figure>\n\n\n\n<div style=\"height:44px\" aria-hidden=\"true\" class=\"wp-block-spacer\"><\/div>\n\n\n\n<p class=\"has-text-align-center\"><strong>Sou o Artista<br>codificado pela Estrela Amarela.<\/strong><br><strong>Oito \u00e9 o n\u00famero que abre minha porta.<\/strong><br>Frequ\u00eancias ressonantes s\u00e3o minha paleta<br>para harmonizar de acordo<br>com os mais profundos impulsos do universo.<\/p>\n\n\n\n<p class=\"has-text-align-center\"><br><strong>Ouso ser belo!<br>Sou a gra\u00e7a da ilumina\u00e7\u00e3o.<br>Atrav\u00e9s da minha arte dou cor ao mundo.<br>Sou o arco-\u00edris em seu dia e o<br>brilho da lua em sua noite.<\/strong><\/p>\n\n\n\n<p class=\"has-text-align-center\"><br>Sou o artista!<br>Tudo o que fa\u00e7o se origina nas estrelas.<br>Ser Estelar, Crian\u00e7a Estelar, Cantor Estelar s\u00e3o meus nomes.<\/p>\n\n\n\n<p class=\"has-text-align-center\"><br>Sou o acorde gal\u00e1ctico<br>ressonando do padr\u00e3o c\u00f3smico.<br>Invento as can\u00e7\u00f5es e recito o juramento cristal<br>que viaja pelo zuvuya infinito,<br>as maravilhas das harm\u00f4nicas em constante expans\u00e3o.<\/p>\n\n\n\n<p class=\"has-text-align-center\"><br><strong>Conhecer-me \u00e9 cavalgar a can\u00e7\u00e3o sem fim,<br>de regresso ao Artista-Mestre de toda a Cria\u00e7\u00e3o.<\/strong><\/p>\n\n\n\n<p class=\"has-text-align-center\"><\/p>\n\n\n\n<p class=\"has-text-align-center\"><\/p>\n\n\n\n<p class=\"has-text-align-center\"><\/p>\n\n\n\n<div style=\"height:100px\" aria-hidden=\"true\" class=\"wp-block-spacer\"><\/div>\n\n\n\n<figure class=\"wp-block-image size-full\"><img decoding=\"async\" width=\"890\" height=\"404\" src=\"https:\/\/synchronotron.com\/wp-content\/uploads\/2026\/03\/image-13.png\" alt=\"\" class=\"wp-image-22126\" srcset=\"https:\/\/synchronotron.com\/wp-content\/uploads\/2026\/03\/image-13.png 890w, https:\/\/synchronotron.com\/wp-content\/uploads\/2026\/03\/image-13-300x136.png 300w, https:\/\/synchronotron.com\/wp-content\/uploads\/2026\/03\/image-13-768x349.png 768w, https:\/\/synchronotron.com\/wp-content\/uploads\/2026\/03\/image-13-600x272.png 600w\" sizes=\"(max-width: 890px) 100vw, 890px\" \/><\/figure>\n\n\n\n<div style=\"height:100px\" aria-hidden=\"true\" class=\"wp-block-spacer\"><\/div>\n\n\n\n<p class=\"has-text-align-center\">Estamos no anel NS 1.38 do(a) semente ressonante amarela, Tzolkin 54 do(a) mago lunar branco,&nbsp; 9. lua, lua solar do jaguar, heptal 33 vermelho, o conhecimento inicia a vis\u00e3o. <\/p>\n\n\n\n<p class=\"has-text-align-center\">Hoje \u00e9 NS 1.38.9.1, KIN 88, estrela planet\u00e1ria amarela, 10. KIN&nbsp; da onda encantada do(a) tormenta, 7. onda do Tzolkin, 3. onda do castelo branco, castelo 2 do Tzolkin.<\/p>\n\n\n\n<p class=\"has-text-align-center\">Plasma DALI, 1. porta do heptal, ativamos a 1. esfera mental com o hiperplasma ALFA-ALFA, ativa\u00e7\u00e3o c\u00fabica na parte superior do cubo.<\/p>\n\n\n\n<p class=\"has-text-align-center\">Estamos no circuito 2 (Venus) gal\u00e1tico karmico no hipercubo, fluxos interplanet\u00e1rios: o Circuito 2 coordena o despertar do corpo c\u00e1rmico\/destino, Arqu\u00e9tipos o Artista e o Ilusionista, acessa o Conselho Venusiano das Artes M\u00e1gicas.<\/p>\n\n\n\n<p class=\"has-text-align-center\"><strong>Caminho do heptal 33: O SEXO EVOLUIDO COMO NAVEGA\u00c7\u00c3O TERMICA-LUM\u00cdNICA.<\/strong><\/p>\n\n\n\n<p class=\"has-text-align-center\">A FOR\u00c7A PRIMORDIAL ABRE A PORTA DO TRONO, O (A) Artista ENTRA POR ELA, GUIDO(A) PELO(A) Descobridor de Caminhos, APOIADO(A) PELO(A) Ilusionista, DESAFIADO(A) PELO(A) Yogui \/ Yoguini, RECEBE OS PODERES OCULTOS DO(A) Profeta.<\/p>\n\n\n\n<div style=\"height:38px\" aria-hidden=\"true\" class=\"wp-block-spacer\"><\/div>\n\n\n\n<p class=\"has-text-align-center\"><strong>CHAVE SYNCHRONOTRON 8.10<\/strong><\/p>\n\n\n\n<p class=\"has-text-align-center\">0 RANG \u00e9 a explos\u00e3o c\u00f3smica primordial, a fonte e o poder do som. Desta ruptura a Cria\u00e7\u00e3o foi sonorizada na exist\u00eancia. No modelo do universo radial o RANG primordial \u00e9 arquet\u00edpico e gravado no holograma universal como fator necess\u00e1rio para a cria\u00e7\u00e3o de qualquer novo fen\u00f4meno.<\/p>\n\n\n\n<div style=\"height:100px\" aria-hidden=\"true\" class=\"wp-block-spacer\"><\/div>\n\n\n\n<h2 class=\"wp-block-heading has-text-align-center\">MANIFESTA\u00c7\u00c3O DO SUPER-HUMANO<\/h2>\n\n\n\n<p class=\"has-text-align-center\"><strong>A consci\u00eancia humana est\u00e1 evoluindo em dire\u00e7\u00e3o \u00e0 entidade da quinta dimens\u00e3o<\/strong>; esse \u00e9 o prop\u00f3sito e a fun\u00e7\u00e3o de cultivar a mente. A mente, primeiro se localiza na terceira dimens\u00e3o e, na quarta dimens\u00e3o, se estendendo para estados de consci\u00eancia cont\u00ednua. Aqui, a mente se envolve em medita\u00e7\u00e3o criativa e fun\u00e7\u00f5es superconscientes que s\u00e3o compostas pela terceira, quarta e quinta dimens\u00f5es.<\/p>\n\n\n\n<p class=\"has-text-align-center\"><strong>A esfera mais elevada da Terra \u00e9 a noosfera, o receptor ressonante composto do eu superior da quinta dimens\u00e3o<\/strong> como um agregado, incluindo todas as suas impress\u00f5es mentais.<\/p>\n\n\n\n<p class=\"has-text-align-center\">A noosfera \u00e9 o conjunto dos estados avan\u00e7ados da mente e da consci\u00eancia que caracterizam toda a vida inteligente em todo o universo. <strong>A noosfera planet\u00e1ria, ent\u00e3o, \u00e9 o registro que recebe as impress\u00f5es da s\u00e9tima esfera mental, devidamente localizada dentro da entidade da quinta dimens\u00e3o e acessada atrav\u00e9s da noosfera pelo homo noosf\u00e9rico.<\/strong><\/p>\n\n\n\n<p class=\"has-text-align-center\"><strong>O homo noosf\u00e9rico<\/strong>, atrav\u00e9s da sua percep\u00e7\u00e3o ampliada e da ativa\u00e7\u00e3o dos chakras, pode ent\u00e3o acessar a noosfera\/banco psi, despertando os Manitous AC e CA e recebendo as impress\u00f5es dos registros ak\u00e1shicos. Dessa forma, ele\/ela desperta e desenvolve o observador da mente holomental.<\/p>\n\n\n\n<p class=\"has-text-align-center\"><strong>A noog\u00eanese \u00e9 o nascimento da noosfera por meio de uma g\u00eanese mental; um renascimento da mente<\/strong>, ao mesmo tempo em que incorpora a descida de uma personalidade siriana, renascimento siriano.<\/p>\n\n\n\n<p class=\"has-text-align-center\">No super-humano em evolu\u00e7\u00e3o, <strong>a s\u00e9tima esfera mental \u2014 o percebedor holomental<\/strong> \u2014 <strong>desce do Eu Superior da quinta dimens\u00e3o, transmitindo sua ess\u00eancia codificada ao percebedor holomental<\/strong>, que tamb\u00e9m serve como esta\u00e7\u00e3o transmissora e receptora das runas UR do c\u00f3digo gen\u00e9tico e das matrizes do banco psi, localizado no corpo caloso. <strong>Uma vez ativado, o percebedor holomental ou s\u00e9tima esfera mental opera em conjunto com a noosfera e o eu da quinta dimens\u00e3o<\/strong>. Esse processo estabelece as bases da perspectiva cosmoc\u00eantrica e da expans\u00e3o para a consci\u00eancia c\u00f3smica.<\/p>\n\n\n\n<p class=\"has-text-align-center\">O percebedor holomental, incorporado no sistema de matriz c\u00fabica 441, \u00e9 o sistema evolutivo de codifica\u00e7\u00e3o do tempo da Mente \u00danica. <strong>Toda a vida evolutiva da atividade mental espiritual da noosfera \u00e9 organizada a partir desta matriz 441. Este \u00e9 o mecanismo da nossa evolu\u00e7\u00e3o.<\/strong><\/p>\n\n\n\n<p class=\"has-text-align-center\">O percebedor holomental \u00e9 constitu\u00eddo por <strong>v\u00e1rios fluxos eletricamente carregados e inst\u00e2ncias de valores num\u00e9ricos de frequ\u00eancia. <\/strong>Esses fluxos e valores de frequ\u00eancia definem diferentes valores perceptivos de tempo, espa\u00e7o, eletricidade c\u00f3smica, entradas e sa\u00eddas sensoriais e coordena\u00e7\u00f5es perceptivas extra-sensoriais, todos radializados em um campo sintetizador de propor\u00e7\u00f5es e perspectivas da mente total (holomental).<\/p>\n\n\n\n<p class=\"has-text-align-center\"><strong>Familiarizar-se e praticar este sistema conecta voc\u00ea \u00e0 noosfera, o conjunto dos estados avan\u00e7ados da mente e da consci\u00eancia<\/strong> que caracterizam toda a vida inteligente em todo o universo. Ao estudar o percebedor da mente hologr\u00e1fica e a matriz 441, <strong>voc\u00ea est\u00e1 sendo impresso com o novo \u00f3rg\u00e3o sensorial evolutivo<\/strong>. Pratique visualizar e manter camadas ou n\u00edveis simult\u00e2neos de frequ\u00eancias telep\u00e1ticas. Este \u00e9 um c\u00f3digo vivo.<\/p>\n\n\n\n<p class=\"has-text-align-center\"><strong>As frequ\u00eancias s\u00e3o pensamentos vivos dos Anci\u00e3os Estelares de dimens\u00e3o superiores<\/strong>. Podemos desenvolver nossa capacidade de nos sintonizar com esses <strong>pensamentos n\u00e3o conceituais<\/strong>, ou ondas mentais, dentro do contexto das frequ\u00eancias e circuitos da matriz mestre: o percebedor holomental. Este \u00e9 um programa que pode ser seguido rastreando as frequ\u00eancias di\u00e1rias e, em seguida, conectando-as \u00e0 matriz do percebedor holomental 441.<\/p>\n\n\n\n<p class=\"has-text-align-center\">Lembre-se do que dizem os Anci\u00e3os Estelares: \u201c<strong>Somente quando voc\u00ea alcan\u00e7ar a experi\u00eancia de que \u201cuma outra coisa\u201d est\u00e1 pensando e voc\u00ea come\u00e7a a sentir que a for\u00e7a de uma intelig\u00eancia supermental est\u00e1 movendo a sua mente, voc\u00ea poder\u00e1 dizer que est\u00e1 come\u00e7ando a compreender o 441 Synchronotron<\/strong>.\u201d<\/p>\n\n\n\n<p class=\"has-text-align-center\">Por meio de disciplina e pr\u00e1tica consistentes, o <strong>eu superior desce \u00e0 medida que o eu inferior transcende<\/strong>. A tagarelice tridimensional \u00e9 absorvida pelo manto do eu superior quinta dimensional.<\/p>\n\n\n\n<p class=\"has-text-align-center\">O <strong>eu da quinta dimens\u00e3o \u00e9 o diretor do corpo et\u00e9reo da quarta dimens\u00e3o que governa o executor da terceira dimens\u00e3o<\/strong>; ele espera pacientemente pelo momento da autotranscend\u00eancia. A autotranscend\u00eancia \u00e9 a principal fun\u00e7\u00e3o e oportunidade de estudar e aplicar os ensinamentos da Hist\u00f3ria C\u00f3smica, incluindo a matriz do cubo 441.<\/p>\n\n\n\n<p class=\"has-text-align-center\"><strong>A Lei do Tempo se refere ao ser et\u00e9reo da quarta dimens\u00e3o como um holon<\/strong>. <strong>A entidade da quinta dimens\u00e3o \u00e9 puramente eletr\u00f4nica<\/strong> e n\u00e3o d\u00e1 origem a uma entidade biol\u00f3gica ef\u00eamera. <strong>Em outras palavras, a entidade da quinta dimens\u00e3o \u00e9 a parte eterna<\/strong> de voc\u00ea que existia antes do nascimento e continua ap\u00f3s a morte \u2014 seu corpo imortal. Como uma entidade angelical, o eu da quinta dimens\u00e3o n\u00e3o pode se desviar da Vontade Divina.<\/p>\n\n\n\n<p class=\"has-text-align-center\"><strong>Essas tr\u00eas entidades dimensional se comunicam entre si atrav\u00e9s da mente, ou seja, atrav\u00e9s das seis mais uma esferas mentais.<\/strong> As seis + 1 esferas mentais da consci\u00eancia s\u00e3o etereamente congruentes com o c\u00e9rebro e servem como o computador ou hardware da mente. Cada esfera mental tem uma fun\u00e7\u00e3o diferente na camada pensante do cosmos. As camadas pensantes s\u00e3o camadas\/n\u00edveis no oceano da consci\u00eancia que interpenetram as diferentes dimens\u00f5es.<\/p>\n\n\n\n<p class=\"has-text-align-center\"><strong>Todas as frequ\u00eancias num\u00e9ricas do sistema c\u00fabico 441 Sincronotron t\u00eam origem no Conselho Central Estelar universal e omnigal\u00e1ctico, localizado em V11, H11<\/strong>. <strong>Este local reside no cora\u00e7\u00e3o do ser da quinta dimens\u00e3o na nona dimens\u00e3o do tempo<\/strong> e \u00e9 o local de todos os comandos e c\u00f3digos estelares da Segunda Cria\u00e7\u00e3o.<\/p>\n\n\n\n<p class=\"has-text-align-center\"><strong>A fun\u00e7\u00e3o principal do perceptor holomental \u00e9 a radializa\u00e7\u00e3o radios\u00f4nica da consci\u00eancia<\/strong>. Atrav\u00e9s do estudo da matriz 441, nossas percep\u00e7\u00f5es sensoriais e fun\u00e7\u00f5es mentais tornam-se radializadas. Isso leva a experi\u00eancias de consci\u00eancia panor\u00e2mica e, finalmente, \u00e0 radios\u00f4nica sinest\u00e9sica.<\/p>\n\n\n\n<p class=\"has-text-align-center\"><strong>\u00c0 medida que radializamos os nossos sentidos, nos tornamos condutores da energia radio-plasm\u00e1tica que flui para fora de nossos corpos e sentidos \u2014 isso \u00e9 puro brilho \u2014 a conquista do corpo arco-\u00edris<\/strong>. <\/p>\n\n\n\n<div style=\"height:100px\" aria-hidden=\"true\" class=\"wp-block-spacer\"><\/div>\n\n\n\n<h2 class=\"wp-block-heading has-text-align-center\" id=\"block-b4b7bdee-3fe6-4505-9b83-56fb70b81133\">ATIVA\u00c7\u00c3O SYNCHRONOTRON GUIADA<\/h2>\n\n\n\n<p class=\"has-text-align-center\" id=\"block-469a4e56-373a-402d-a581-b56f7a7b56dc\">A ativa\u00e7\u00e3o guiada \u00e9 um processo poderoso que visa ensinar cada indiv\u00edduo a se autoativar. <strong>O objetivo final desse processo \u00e9 que todos n\u00f3s possamos dominar a autoativa\u00e7\u00e3o,<\/strong> criando assim uma percep\u00e7\u00e3o mutlidimensional expandida \u00fanica e pessoal, bem como coletiva.<\/p>\n\n\n\n<p class=\"has-text-align-center\" id=\"block-bf5a7e0d-7e2f-49ce-bf8f-d7ecd85ac15a\">Assumir essa maestria \u00e9 fundamental para impulsionar a ascens\u00e3o coletiva <strong>e facilitar a transi\u00e7\u00e3o da biosfera para a noosfera, ativando na pr\u00e1tica o nosso Perceptor Holmental.<\/strong><\/p>\n\n\n\n<div style=\"height:100px\" aria-hidden=\"true\" class=\"wp-block-spacer\"><\/div>\n\n\n\n<h2 class=\"wp-block-heading has-text-align-center\">COORDENADAS DO DIA<\/h2>\n\n\n<div class=\"wp-block-image\">\n<figure class=\"aligncenter size-large\"><img decoding=\"async\" width=\"649\" height=\"1024\" src=\"https:\/\/synchronotron.com\/wp-content\/uploads\/2026\/03\/image-14-649x1024.png\" alt=\"\" class=\"wp-image-22127\" srcset=\"https:\/\/synchronotron.com\/wp-content\/uploads\/2026\/03\/image-14-649x1024.png 649w, https:\/\/synchronotron.com\/wp-content\/uploads\/2026\/03\/image-14-190x300.png 190w, https:\/\/synchronotron.com\/wp-content\/uploads\/2026\/03\/image-14-768x1212.png 768w, https:\/\/synchronotron.com\/wp-content\/uploads\/2026\/03\/image-14-600x947.png 600w, https:\/\/synchronotron.com\/wp-content\/uploads\/2026\/03\/image-14.png 890w\" sizes=\"(max-width: 649px) 100vw, 649px\" \/><\/figure>\n<\/div>\n\n<div class=\"wp-block-image\">\n<figure class=\"aligncenter size-large\"><img loading=\"lazy\" decoding=\"async\" width=\"636\" height=\"1024\" src=\"https:\/\/synchronotron.com\/wp-content\/uploads\/2026\/03\/image-15-636x1024.png\" alt=\"\" class=\"wp-image-22128\" srcset=\"https:\/\/synchronotron.com\/wp-content\/uploads\/2026\/03\/image-15-636x1024.png 636w, https:\/\/synchronotron.com\/wp-content\/uploads\/2026\/03\/image-15-186x300.png 186w, https:\/\/synchronotron.com\/wp-content\/uploads\/2026\/03\/image-15-768x1237.png 768w, https:\/\/synchronotron.com\/wp-content\/uploads\/2026\/03\/image-15-600x967.png 600w, https:\/\/synchronotron.com\/wp-content\/uploads\/2026\/03\/image-15.png 890w\" sizes=\"(max-width: 636px) 100vw, 636px\" \/><\/figure>\n<\/div>\n\n<div class=\"wp-block-image\">\n<figure class=\"aligncenter size-large is-resized\"><img loading=\"lazy\" decoding=\"async\" width=\"800\" height=\"1024\" src=\"https:\/\/synchronotron.com\/wp-content\/uploads\/2026\/03\/photo_5001356435874581511_y-800x1024.jpg\" alt=\"\" class=\"wp-image-22141\" style=\"width:326px;height:auto\" srcset=\"https:\/\/synchronotron.com\/wp-content\/uploads\/2026\/03\/photo_5001356435874581511_y-800x1024.jpg 800w, https:\/\/synchronotron.com\/wp-content\/uploads\/2026\/03\/photo_5001356435874581511_y-234x300.jpg 234w, https:\/\/synchronotron.com\/wp-content\/uploads\/2026\/03\/photo_5001356435874581511_y-768x983.jpg 768w, https:\/\/synchronotron.com\/wp-content\/uploads\/2026\/03\/photo_5001356435874581511_y-600x768.jpg 600w, https:\/\/synchronotron.com\/wp-content\/uploads\/2026\/03\/photo_5001356435874581511_y.jpg 1000w\" sizes=\"(max-width: 800px) 100vw, 800px\" \/><\/figure>\n<\/div>\n\n<div class=\"wp-block-image\">\n<figure class=\"aligncenter size-full\"><img loading=\"lazy\" decoding=\"async\" width=\"890\" height=\"609\" src=\"https:\/\/synchronotron.com\/wp-content\/uploads\/2026\/03\/image-17.png\" alt=\"\" class=\"wp-image-22132\" srcset=\"https:\/\/synchronotron.com\/wp-content\/uploads\/2026\/03\/image-17.png 890w, https:\/\/synchronotron.com\/wp-content\/uploads\/2026\/03\/image-17-300x205.png 300w, https:\/\/synchronotron.com\/wp-content\/uploads\/2026\/03\/image-17-768x526.png 768w, https:\/\/synchronotron.com\/wp-content\/uploads\/2026\/03\/image-17-600x411.png 600w\" sizes=\"(max-width: 890px) 100vw, 890px\" \/><\/figure>\n<\/div>\n\n<div class=\"wp-block-image\">\n<figure class=\"aligncenter size-large\"><img loading=\"lazy\" decoding=\"async\" width=\"1024\" height=\"605\" src=\"https:\/\/synchronotron.com\/wp-content\/uploads\/2026\/03\/photo_5001356435874581508_y-1024x605.jpg\" alt=\"\" class=\"wp-image-22137\" srcset=\"https:\/\/synchronotron.com\/wp-content\/uploads\/2026\/03\/photo_5001356435874581508_y-1024x605.jpg 1024w, https:\/\/synchronotron.com\/wp-content\/uploads\/2026\/03\/photo_5001356435874581508_y-300x177.jpg 300w, https:\/\/synchronotron.com\/wp-content\/uploads\/2026\/03\/photo_5001356435874581508_y-768x454.jpg 768w, https:\/\/synchronotron.com\/wp-content\/uploads\/2026\/03\/photo_5001356435874581508_y-600x354.jpg 600w, https:\/\/synchronotron.com\/wp-content\/uploads\/2026\/03\/photo_5001356435874581508_y.jpg 1280w\" sizes=\"(max-width: 1024px) 100vw, 1024px\" \/><\/figure>\n<\/div>\n\n<div class=\"wp-block-image\">\n<figure class=\"aligncenter size-full is-resized\"><img loading=\"lazy\" decoding=\"async\" width=\"459\" height=\"760\" src=\"https:\/\/synchronotron.com\/wp-content\/uploads\/2026\/03\/photo_5001356435874581509_x.jpg\" alt=\"\" class=\"wp-image-22138\" style=\"width:583px;height:auto\" srcset=\"https:\/\/synchronotron.com\/wp-content\/uploads\/2026\/03\/photo_5001356435874581509_x.jpg 459w, https:\/\/synchronotron.com\/wp-content\/uploads\/2026\/03\/photo_5001356435874581509_x-181x300.jpg 181w\" sizes=\"(max-width: 459px) 100vw, 459px\" \/><\/figure>\n<\/div>\n\n\n<div style=\"height:100px\" aria-hidden=\"true\" class=\"wp-block-spacer\"><\/div>\n\n\n\n<h2 class=\"wp-block-heading has-text-align-center\">MANITU PLANET\u00c1RIO<\/h2>\n\n\n<div class=\"wp-block-image\">\n<figure class=\"aligncenter size-full\"><img loading=\"lazy\" decoding=\"async\" width=\"520\" height=\"705\" src=\"https:\/\/synchronotron.com\/wp-content\/uploads\/2025\/03\/Manitu-Planetario-1.png\" alt=\"\" class=\"wp-image-15173\" srcset=\"https:\/\/synchronotron.com\/wp-content\/uploads\/2025\/03\/Manitu-Planetario-1.png 520w, https:\/\/synchronotron.com\/wp-content\/uploads\/2025\/03\/Manitu-Planetario-1-221x300.png 221w\" sizes=\"(max-width: 520px) 100vw, 520px\" \/><\/figure>\n<\/div>\n\n<div class=\"wp-block-image\">\n<figure class=\"aligncenter size-large\"><img loading=\"lazy\" decoding=\"async\" width=\"597\" height=\"1024\" src=\"https:\/\/synchronotron.com\/wp-content\/uploads\/2026\/03\/photo_5001356435874581510_y-597x1024.jpg\" alt=\"\" class=\"wp-image-22140\" srcset=\"https:\/\/synchronotron.com\/wp-content\/uploads\/2026\/03\/photo_5001356435874581510_y-597x1024.jpg 597w, https:\/\/synchronotron.com\/wp-content\/uploads\/2026\/03\/photo_5001356435874581510_y-175x300.jpg 175w, https:\/\/synchronotron.com\/wp-content\/uploads\/2026\/03\/photo_5001356435874581510_y-600x1029.jpg 600w, https:\/\/synchronotron.com\/wp-content\/uploads\/2026\/03\/photo_5001356435874581510_y.jpg 746w\" sizes=\"(max-width: 597px) 100vw, 597px\" \/><\/figure>\n<\/div>\n\n\n<div style=\"height:100px\" aria-hidden=\"true\" class=\"wp-block-spacer\"><\/div>\n\n\n\n<h2 class=\"wp-block-heading has-text-align-center\">\u00cdNDICE DO PERCEPTOR HOLOMENTAL<\/h2>\n\n\n\n<p><strong>PH (porta do heptal), V. 11, H. 2. UMB 108. Runa Harm\u00f4nica UR 84: O Todo da Vida Gal\u00e1ctica Torna-se Meio de Transmis\u00e3o.<\/strong> 3\u00aa Oitava: Oitava do Todo de Vida Gal\u00e1ctica. Runa da Fila 11. Segunda porta de Unidade do tempo vertical descendente. Corresponde a For\u00e7a Primordial (Drag\u00e3o): Primeira Porta de luz de Hunab Ku 21. Abre a Porta da luz Universal da Corte do Avatar (UMB 291) onde est\u00e1 armazenado o conhecimento c\u00f3smico. A For\u00e7a Primordial a partir do Polo Norte (Marka) como Ser C\u00f3smico, evoluindo para todas as formas de dire\u00e7\u00f5es e Manifesta\u00e7\u00f5es. Gera o hiperplasma Alfa-Alfa estimulando o samadhi profundo e sela o plasma radial Dali. Abre a Primeira porta do heptal: Porta do Trono. Neptuno Gal\u00e1ctico-K\u00e1rmico.<\/p>\n\n\n\n<p>T (tempo), V.21, H.19. UMB 3. (+9) Nona magnitude ativa a inten\u00e7\u00e3o Solar do fluxo do tempo externo do Cubo C\u00f3smico.<\/p>\n\n\n\n<p>E (espa\u00e7o), V. 15, H. 9. UMB 367. (+20) Vig\u00e9sima magnitude do fluxo do espa\u00e7o externo. Ativa o hiperplasma Beta-Alfa da Ascens\u00e3o C\u00f3smica (na 2\u00aa dimens\u00e3o do tempo exterior). Campo de for\u00e7a do controle da mente superior (2D) ativado pelo campo de for\u00e7a lum\u00ednico Duar azul do consciente subliminar (6D).<\/p>\n\n\n\n<p>S (syncr\u00f4nica), V. 9, H. 8. UMB 404. (15) D\u00e9cima Quinta magnitude Unidade de Sa\u00edda da c\u00e9lula do hiperpart\u00f3n Dum Kuali transmite a carga de calor\/t\u00e9rmico primario a partir do fluxo do espa\u00e7o externo hiperpl\u00e1smico do Tempo Interior atrav\u00e9s do canal Alfa-Alfa: Campo de for\u00e7a do samadhi profundo (1D) neutralizado pelo campo de for\u00e7a de Sirio B-52 da ilumina\u00e7\u00e3o hiperpl\u00e1smica (9D).<\/p>\n\n\n\n<p>ME (mestre), V.2, H.4. UMB 119. (+5) Quinta magnitude do circuito coordenador superconsciente de quinta for\u00e7a do canal Alfa-Alfa. Ativar e transferir os sinais internos do tempo 5D da radi\u00e2ncia harm\u00f4nica ao n\u00facleo radial dos sentidos da Cria\u00e7\u00e3o C\u00f3smica.<\/p>\n\n\n\n<p>PSI Crono, 3V. 10, H. 6. UMB 337. Runa Harm\u00f4nica UR 69: O C\u00e9u Divide o Tempo. 1\u00aa Oitava: Oitava do Decreto Divino. Runa da Fila 9.<\/p>\n\n\n\n<p>KE (KIN equivalente), V. 12, H. 2. UMB 107. Runa Harm\u00f4nica UR 108: A Onda de Mente Infinita Torna-se Consci\u00eancia Desperta. 6\u00aa Oitava: Oitava de Onda da Mente Infinita. Runa da Fila 14.<\/p>\n\n\n\n<p>MOAP, V.6, H.20. UMB 139. (+11) D\u00e9cima primeira magnitude do circuito coordenador superconsciente de quinta for\u00e7a do canal Alfa-Beta. Ativar e transferir os sinais internos do tempo 5D da libera\u00e7\u00e3o espectral ao n\u00facleo radial dos sentidos da Sincroniza\u00e7\u00e3o C\u00f3smica.<\/p>\n\n\n\n<p>URH 1, V. 10, H. 20. UMB 143. Runa Harm\u00f4nica UR 97: Uni\u00e3o da Ascens\u00e3o e Queda. 5\u00aa Oitava: Oitava da Uni\u00e3o da Ascens\u00e3o e Queda. Runa da Fila 13.<\/p>\n\n\n\n<p>URH 2 (lua\/moon 13), xxx<\/p>\n\n\n\n<p>FH (Frequencia Harm\u00f4nica do heptal)&nbsp;&nbsp;&nbsp; &#8211;&gt; IFT (FH) = 1442, V.2, H.4. UMB 119. (+5) Quinta magnitude do circuito coordenador superconsciente de quinta for\u00e7a do canal Alfa-Alfa. Ativar e transferir os sinais internos do tempo 5D da radi\u00e2ncia harm\u00f4nica ao n\u00facleo radial dos sentidos da Cria\u00e7\u00e3o C\u00f3smica.<\/p>\n\n\n\n<p>&nbsp;CP (C\u00edclo Cria\u00e7\u00e3o perp\u00e9tuo), V.2, H.5. UMB 120. (+4) Quarta magnitude do circuito coordenador superconsciente de quinta for\u00e7a do canal Alfa-Alfa. Ativar e transferir os sinais internos do tempo 5D da forma auto-existente ao n\u00facleo radial dos sentidos da Cria\u00e7\u00e3o C\u00f3smica.<\/p>\n\n\n\n<p class=\"has-text-align-center\"><strong>Frequ\u00eancias de HUNAB KU 21<\/strong><\/p>\n\n\n\n<p>PH (porta heptal), V. 11, H. 2. UMB 108. Runa Harm\u00f4nica UR 84: O Todo da Vida Gal\u00e1ctica Torna-se Meio de Transmis\u00e3o. 3\u00aa Oitava: Oitava do Todo de Vida Gal\u00e1ctica. Runa da Fila 11. Segunda porta de Unidade do tempo vertical descendente. Corresponde a For\u00e7a Primordial (Drag\u00e3o): Primeira Porta de luz de Hunab Ku 21. Abre a Porta da luz Universal da Corte do Avatar (UMB 291) onde est\u00e1 armazenado o conhecimento c\u00f3smico. A For\u00e7a Primordial a partir do Polo Norte (Marka) como Ser C\u00f3smico, evoluindo para todas as formas de dire\u00e7\u00f5es e Manifesta\u00e7\u00f5es. Gera o hiperplasma Alfa-Alfa estimulando o samadhi profundo e sela o plasma radial Dali. Abre a Primeira porta do heptal: Porta do Trono. Neptuno Gal\u00e1ctico-K\u00e1rmico.<\/p>\n\n\n\n<p>LT (lente do tempo), V.2, H.2. UMB 117. (7) S\u00e9tima magnitude do circuito coordenador superconsciente de quinta for\u00e7a do canal Alfa-Alfa. Ressonador interno sintonizando e neutralizando os sinais do tempo 5D ao n\u00facleo radial dos sentidos da Cria\u00e7\u00e3o C\u00f3smica. Segunda porta da terceira diagonal de Unidade.<\/p>\n\n\n\n<p>D (KIN destino), V.5, H.8. UMB 300. (+7) S\u00e9tima magnitude do fluxo do espa\u00e7o externo ativa o hiperplasma Alfa-Alfa da Cria\u00e7\u00e3o C\u00f3smica (na 1\u00aa dimens\u00e3o do tempo exterior). Campo de for\u00e7a do samadhi profundo (1D) ativado pelo campo de for\u00e7a t\u00e9rmico Kuali vermelho da paranormalidade superconsciente (5D). Corresponde ao Artista (Estrela UMB 300): segunda Porta de Poder do Hunab Ku 21 na Corte do Compasivo (UMB 303 Cachorro). Ativado pela linha de for\u00e7a el\u00e9trica t\u00e9rmica Dum Kuali \u201ccalor primario\u201d (UMB 405). A arte \u00e9 o inicio do amor. Venus Gal\u00e1ctico-K\u00e1rmico.<\/p>\n\n\n\n<p>G (KIN guia), V. 17, H. 11. UMB 279. (5) Quinta magnitude do campo hipergravitacional organizador do campo de for\u00e7a lum\u00ednico Duar azul neutraliza a 6\u00aa esfera mental: consciente subliminar\/atrator do universo paralelo. N\u00facleo energizante central (H.11 eixo equatorial). Quinta porta de Unidade do tempo radial esquerdo. Corresponde ao Descobridor (Guerrero): Quarto Assento de Poder de Hunab Ku 21 (for\u00e7a centr\u00edpeta interna): Corte da Intelig\u00eancia C\u00f3smica. A Intelig\u00eancia C\u00f3smica cria a c\u00e9lula de luz gal\u00e1ctica. A intelig\u00eancia \u00e9 a for\u00e7a centr\u00edpeta da totalidade c\u00f3smica: Intelig\u00eancia \u00e9 luz. Saturno Solar-Prof\u00e9tico.<\/p>\n\n\n\n<p>AN (KIN an\u00e1logo), V. 8, H. 17. UMB 312. (+21) Vig\u00e9sima-Primeira magnitude do fluxo do espa\u00e7o externo. Ativa o hiperplasma Alfa-Beta da Sincroniza\u00e7\u00e3o C\u00f3smica (na 3\u00aa dimens\u00e3o do tempo exterior). Campo de for\u00e7a do samadhi informativo (3D) ativado pelo campo de for\u00e7a do Perceptor Holomental radializado radios\u00f4nicamente (8D): Comando Harm\u00f4nico Ascendente. Corresponde ao Ilusionista (Macaco): Terceira porta de Poder de Hunab Ku 21 na Corte do Profeta (UMB 315). Ativado pela carga el\u00e9trica lum\u00ednica descendente Dum Duar \u201cluz primaria\u201d (UMB 411). A magia \u00e9 o inicio da profecia. Venus Solar-Prof\u00e9tico.<\/p>\n\n\n\n<p>AT (KIN ant\u00edpoda), V. 11, H. 8. UMB 402. Runa Harm\u00f4nica UR 81: A Radiogenesis Estabelece o Todo da Vida Gal\u00e1ctica. 3\u00aa Oitava: Oitava do Todo da Vida Gal\u00e1ctica. Runa da Fila 11. Oitava porta de Unidade do tempo vertical descendente. Corresponde ao Yogue\/ni (Espelho). Segundo Porta da Matriz de Hunab Ku 21. Yogue\/ni mede a for\u00e7a da luz-fot\u00f3n-cicl\u00f3n de Hunab Ku com a linha de for\u00e7a centr\u00edfuga t\u00e9rmica Dum Kuali e a linha de for\u00e7a centr\u00edpeta t\u00e9rmica-lum\u00ednica Kum. A partir daqui \u00e9 gerado o Hiperneutron que estimula os estados subliminais da consci\u00eancia. Ativa a c\u00e9lula harm\u00f4nica polar norte do polo Marka com o eletron mental e sela o plasma radial: Limi. Abre a sexta porta do heptal: a porta da Transc\u00eandencia. Neptuno Solar-Prof\u00e9tico.<\/p>\n\n\n\n<p>O (KIN oculto), V. 11, H. 17. UMB 315. Runa Harm\u00f4nica UR 95: O Todo da Arte Gal\u00e1ctico Torna-se Medita\u00e7\u00e3o da Realidade. 4\u00aa Oitava: Oitava do Todo da Arte Gal\u00e1ctica. Runa da Fila 12. Quinta porta de Unidade do tempo vertical ascendente. Corresponde ao Profeta (Caminhante do C\u00e9u): Terceiro Assento de Poder de Hunab Ku 21. Gera o hiperplasma Beta-Alfa secund\u00e1rio do Polo Sul (Darka) estimulando o controle da mente superior e sela o plasma radial Kali. Detem a Corte da Profec\u00eda C\u00f3smica. Abre a Quarta porta do heptal. Porta da Inicia\u00e7\u00e3o. Marte Solar-Prof\u00e9tico.<\/p>\n\n\n\n<p>HK (Hunab Ku), V. 14, H. 14. UMB 393. (14) D\u00e9cima Quarta magnitude Unidade do N\u00facleo do hiperplasma Beta-Beta irradia o hiperparton Kemio (luz do calor interior) e neutraliza o fluxo do espa\u00e7o externo do Tempo Interior. O campo de for\u00e7a da mediunidade do consciente desperto (4D) neutralizada pelo campo de for\u00e7a de Sirio B-52 da ilumina\u00e7\u00e3o hiperpl\u00e1smica (9D). Em Hunab Ku 21, Kemio govierna a Corte do Descobridor (Guerreiro) com a for\u00e7a catalizadora hiperlum\u00ednico-t\u00e9rmica. Oitava porta da Primeira diagonal de Unidade.<\/p>\n\n\n\n<p>ST (senda do tollan), V.6, H.4. UMB 243. (-13) D\u00e9cima Terceira magnitude do circuito coordenador superconsciente de quinta for\u00e7a do canal Alfa-Alfa. Sublimar e transferir os sinais internos do tempo 5D da presen\u00e7a c\u00f3smica ao n\u00facleo radial dos sentidos da Cria\u00e7\u00e3o C\u00f3smica.<\/p>\n\n\n\n<p>Sf (frequencia sendas), V.4, H.8. UMB 249. (+6) Sexta magnitude do fluxo do espa\u00e7o externo ativa o hiperplasma Alfa-Alfa da Cria\u00e7\u00e3o C\u00f3smica (na 1\u00aa dimens\u00e3o do tempo exterior). Campo de for\u00e7a do samadhi profundo (1D) ativado pelo campo de for\u00e7a t\u00e9rmico Kuali vermelho da paranormalidade superconsciente (5D).<\/p>\n\n\n\n<p>O KE da Frequ\u00eancia Harm\u00f4nica, Kin 193, V. 14, H. 14. UMB 393. (14) D\u00e9cima Quarta magnitude Unidade do N\u00facleo do hiperplasma Beta-Beta irradia o hiperparton Kemio (luz do calor interior) e neutraliza o fluxo do espa\u00e7o externo do Tempo Interior. O campo de for\u00e7a da mediunidade do consciente desperto (4D) neutralizada pelo campo de for\u00e7a de Sirio B-52 da ilumina\u00e7\u00e3o hiperpl\u00e1smica (9D). Em Hunab Ku 21, Kemio govierna a Corte do Descobridor (Guerreiro) com a for\u00e7a catalizadora hiperlum\u00ednico-t\u00e9rmica. Oitava porta da Primeira diagonal de Unidade. <\/p>\n\n\n\n<p>O KE da Frequ\u00eancia dos Kins, Kin 226, V.16, H.6. UMB 331. Canal do n\u00facleo intergal\u00e1ctico do hiperplasma Beta-Alfa Ativa os c\u00f3digos da Ascens\u00e3o C\u00f3smica. O canal do n\u00facleo Beta-Alfa coordena-se com as Unidades de Entrada PES e Sa\u00edda PES para criar um fluxo ativo. A informa\u00e7\u00e3o subliminal e sensorial s\u00e3o recebidas (entrada), logo proce\u00e7adas nos campos psi antes de ser transmitidas (Sa\u00edda). O canal do n\u00facleo Beta-Alfa governa o campo de for\u00e7a do controle da mente superior e coordena o fluxo da ativa\u00e7\u00e3o da Quarta esfera mental: consciente Cont\u00ednuo. Sexta porta da segunda diagonal de Unidade. <\/p>\n\n\n\n<p>O KE da Senda do Heptal, Kin 164, V. 13, H. 4. UMB 236. (-5) Quinta magnitude do fluxo do espa\u00e7o externo sublima o hiperplasma Beta-Alfa da Ascens\u00e3o C\u00f3smica (na 2\u00aa dimens\u00e3o do tempo exterior).<\/p>\n\n\n\n<div style=\"height:100px\" aria-hidden=\"true\" class=\"wp-block-spacer\"><\/div>\n\n\n\n<h2 class=\"wp-block-heading has-text-align-center\">INFORMA\u00c7\u00d5ES ADICIONAIS<\/h2>\n\n\n\n<p class=\"has-text-align-center\"><strong><u>INFORMA\u00c7\u00d5ES ADICIONAIS SOBRE O CUBO E HIPERCUBO:<\/u><\/strong><\/p>\n\n\n<div class=\"wp-block-image\">\n<figure class=\"aligncenter size-full is-resized\"><img loading=\"lazy\" decoding=\"async\" width=\"653\" height=\"799\" src=\"https:\/\/synchronotron.com\/wp-content\/uploads\/2025\/01\/cuabndo-o-cubo_1.png\" alt=\"\" class=\"wp-image-13259\" style=\"width:722px;height:auto\" srcset=\"https:\/\/synchronotron.com\/wp-content\/uploads\/2025\/01\/cuabndo-o-cubo_1.png 653w, https:\/\/synchronotron.com\/wp-content\/uploads\/2025\/01\/cuabndo-o-cubo_1-245x300.png 245w, https:\/\/synchronotron.com\/wp-content\/uploads\/2025\/01\/cuabndo-o-cubo_1-600x734.png 600w\" sizes=\"(max-width: 653px) 100vw, 653px\" \/><figcaption class=\"wp-element-caption\">*Codon e Runa UR s\u00e3o apenas para exemplifica\u00e7\u00e3o<\/figcaption><\/figure>\n<\/div>\n\n\n<figure class=\"wp-block-image size-full\"><img loading=\"lazy\" decoding=\"async\" width=\"827\" height=\"300\" src=\"https:\/\/synchronotron.com\/wp-content\/uploads\/2025\/01\/NS1.37.7.7_dinamica-hipercubo_plasmas_GK-1.png\" alt=\"\" class=\"wp-image-13170\" srcset=\"https:\/\/synchronotron.com\/wp-content\/uploads\/2025\/01\/NS1.37.7.7_dinamica-hipercubo_plasmas_GK-1.png 827w, https:\/\/synchronotron.com\/wp-content\/uploads\/2025\/01\/NS1.37.7.7_dinamica-hipercubo_plasmas_GK-1-300x109.png 300w, https:\/\/synchronotron.com\/wp-content\/uploads\/2025\/01\/NS1.37.7.7_dinamica-hipercubo_plasmas_GK-1-768x279.png 768w, https:\/\/synchronotron.com\/wp-content\/uploads\/2025\/01\/NS1.37.7.7_dinamica-hipercubo_plasmas_GK-1-600x218.png 600w\" sizes=\"(max-width: 827px) 100vw, 827px\" \/><\/figure>\n\n\n\n<figure class=\"wp-block-image size-full is-resized\"><img loading=\"lazy\" decoding=\"async\" width=\"602\" height=\"681\" src=\"https:\/\/synchronotron.com\/wp-content\/uploads\/2025\/01\/NS1.37.7.7_dinamica-hipercubo_circuitos_GK.png\" alt=\"\" class=\"wp-image-13087\" style=\"width:842px;height:auto\" srcset=\"https:\/\/synchronotron.com\/wp-content\/uploads\/2025\/01\/NS1.37.7.7_dinamica-hipercubo_circuitos_GK.png 602w, https:\/\/synchronotron.com\/wp-content\/uploads\/2025\/01\/NS1.37.7.7_dinamica-hipercubo_circuitos_GK-265x300.png 265w, https:\/\/synchronotron.com\/wp-content\/uploads\/2025\/01\/NS1.37.7.7_dinamica-hipercubo_circuitos_GK-600x679.png 600w\" sizes=\"(max-width: 602px) 100vw, 602px\" \/><\/figure>\n\n\n\n<figure class=\"wp-block-image size-large\"><img loading=\"lazy\" decoding=\"async\" width=\"1024\" height=\"369\" src=\"https:\/\/synchronotron.com\/wp-content\/uploads\/2025\/01\/NS1.37.7.7_dinamica-hipercubo_plasmas_SP-1024x369.png\" alt=\"\" class=\"wp-image-13171\" srcset=\"https:\/\/synchronotron.com\/wp-content\/uploads\/2025\/01\/NS1.37.7.7_dinamica-hipercubo_plasmas_SP-1024x369.png 1024w, https:\/\/synchronotron.com\/wp-content\/uploads\/2025\/01\/NS1.37.7.7_dinamica-hipercubo_plasmas_SP-300x108.png 300w, https:\/\/synchronotron.com\/wp-content\/uploads\/2025\/01\/NS1.37.7.7_dinamica-hipercubo_plasmas_SP-768x277.png 768w, https:\/\/synchronotron.com\/wp-content\/uploads\/2025\/01\/NS1.37.7.7_dinamica-hipercubo_plasmas_SP-600x216.png 600w, https:\/\/synchronotron.com\/wp-content\/uploads\/2025\/01\/NS1.37.7.7_dinamica-hipercubo_plasmas_SP.png 1043w\" sizes=\"(max-width: 1024px) 100vw, 1024px\" \/><\/figure>\n\n\n\n<figure class=\"wp-block-image size-full is-resized\"><img loading=\"lazy\" decoding=\"async\" width=\"605\" height=\"681\" src=\"https:\/\/synchronotron.com\/wp-content\/uploads\/2025\/01\/NS1.37.7.7_dinamica-hipercubo_circuitos_SP.png\" alt=\"\" class=\"wp-image-13090\" style=\"width:846px;height:auto\" srcset=\"https:\/\/synchronotron.com\/wp-content\/uploads\/2025\/01\/NS1.37.7.7_dinamica-hipercubo_circuitos_SP.png 605w, https:\/\/synchronotron.com\/wp-content\/uploads\/2025\/01\/NS1.37.7.7_dinamica-hipercubo_circuitos_SP-267x300.png 267w, https:\/\/synchronotron.com\/wp-content\/uploads\/2025\/01\/NS1.37.7.7_dinamica-hipercubo_circuitos_SP-600x675.png 600w\" sizes=\"(max-width: 605px) 100vw, 605px\" \/><\/figure>\n\n\n\n<figure class=\"wp-block-image size-full is-resized\"><img loading=\"lazy\" decoding=\"async\" width=\"1055\" height=\"815\" src=\"https:\/\/synchronotron.com\/wp-content\/uploads\/2025\/01\/ILUSTRACAO-HIPERCUBO-2.png\" alt=\"\" class=\"wp-image-13100\" style=\"width:850px;height:auto\" srcset=\"https:\/\/synchronotron.com\/wp-content\/uploads\/2025\/01\/ILUSTRACAO-HIPERCUBO-2.png 1055w, https:\/\/synchronotron.com\/wp-content\/uploads\/2025\/01\/ILUSTRACAO-HIPERCUBO-2-300x232.png 300w, https:\/\/synchronotron.com\/wp-content\/uploads\/2025\/01\/ILUSTRACAO-HIPERCUBO-2-1024x791.png 1024w, https:\/\/synchronotron.com\/wp-content\/uploads\/2025\/01\/ILUSTRACAO-HIPERCUBO-2-768x593.png 768w, https:\/\/synchronotron.com\/wp-content\/uploads\/2025\/01\/ILUSTRACAO-HIPERCUBO-2-600x464.png 600w\" sizes=\"(max-width: 1055px) 100vw, 1055px\" \/><\/figure>\n\n\n\n<figure class=\"wp-block-embed is-type-video is-provider-youtube wp-block-embed-youtube wp-embed-aspect-16-9 wp-has-aspect-ratio\"><div class=\"wp-block-embed__wrapper\">\n<iframe title=\"Anima\u00e7\u00e3o Hipercubo\" width=\"1240\" height=\"698\" src=\"https:\/\/www.youtube.com\/embed\/vsBHBI0Lcrc?feature=oembed\" frameborder=\"0\" allow=\"accelerometer; autoplay; clipboard-write; encrypted-media; gyroscope; picture-in-picture; web-share\" referrerpolicy=\"strict-origin-when-cross-origin\" allowfullscreen><\/iframe>\n<\/div><\/figure>\n\n\n\n<p><\/p>\n","protected":false},"excerpt":{"rendered":"<p>Sou o Artistacodificado pela Estrela Amarela.Oito \u00e9 o n\u00famero que abre minha porta.Frequ\u00eancias ressonantes s\u00e3o minha paletapara harmonizar de acordocom os mais profundos impulsos do universo. Ouso ser belo!Sou a gra\u00e7a da ilumina\u00e7\u00e3o.Atrav\u00e9s da minha arte dou cor ao mundo.Sou o arco-\u00edris em seu dia e obrilho da lua em sua noite. Sou o artista!Tudo&hellip;<\/p>\n","protected":false},"author":2,"featured_media":4014,"comment_status":"open","ping_status":"open","sticky":false,"template":"","format":"standard","meta":{"_acf_changed":false,"give_campaign_id":0,"_eb_attr":"","om_disable_all_campaigns":false,"_exactmetrics_skip_tracking":false,"_exactmetrics_sitenote_active":false,"_exactmetrics_sitenote_note":"","_exactmetrics_sitenote_category":0,"_uf_show_specific_survey":0,"_uf_disable_surveys":false,"iawp_total_views":3,"footnotes":""},"categories":[48,42],"tags":[],"class_list":["post-22124","post","type-post","status-publish","format-standard","has-post-thumbnail","hentry","category-ativacoes","category-blog-aberto"],"acf":[],"yoast_head":"<!-- This site is optimized with the Yoast SEO plugin v27.5 - https:\/\/yoast.com\/product\/yoast-seo-wordpress\/ -->\n<title>Estrela Planet\u00e1ria Amarela KIN88 (8.10) - Synchronotron<\/title>\n<meta name=\"robots\" content=\"index, follow, max-snippet:-1, max-image-preview:large, max-video-preview:-1\" \/>\n<link rel=\"canonical\" href=\"https:\/\/synchronotron.com\/index.php\/2026\/03\/07\/estrela-planetaria-amarela-kin88-8-10\/\" \/>\n<meta property=\"og:locale\" content=\"pt_BR\" \/>\n<meta property=\"og:type\" content=\"article\" \/>\n<meta property=\"og:title\" content=\"Estrela Planet\u00e1ria Amarela KIN88 (8.10) - Synchronotron\" \/>\n<meta property=\"og:description\" content=\"Sou o Artistacodificado pela Estrela Amarela.Oito \u00e9 o n\u00famero que abre minha porta.Frequ\u00eancias ressonantes s\u00e3o minha paletapara harmonizar de acordocom os mais profundos impulsos do universo. Ouso ser belo!Sou a gra\u00e7a da ilumina\u00e7\u00e3o.Atrav\u00e9s da minha arte dou cor ao mundo.Sou o arco-\u00edris em seu dia e obrilho da lua em sua noite. Sou o artista!Tudo&hellip;\" \/>\n<meta property=\"og:url\" content=\"https:\/\/synchronotron.com\/index.php\/2026\/03\/07\/estrela-planetaria-amarela-kin88-8-10\/\" \/>\n<meta property=\"og:site_name\" content=\"Synchronotron\" \/>\n<meta property=\"article:published_time\" content=\"2026-03-07T07:45:27+00:00\" \/>\n<meta property=\"article:modified_time\" content=\"2026-03-08T08:37:25+00:00\" \/>\n<meta property=\"og:image\" content=\"https:\/\/synchronotron.com\/wp-content\/uploads\/2023\/12\/artista.jpg\" \/>\n\t<meta property=\"og:image:width\" content=\"1034\" \/>\n\t<meta property=\"og:image:height\" content=\"1280\" \/>\n\t<meta property=\"og:image:type\" content=\"image\/jpeg\" \/>\n<meta name=\"author\" content=\"Gerd\" \/>\n<meta name=\"twitter:card\" content=\"summary_large_image\" \/>\n<meta name=\"twitter:label1\" content=\"Escrito por\" \/>\n\t<meta name=\"twitter:data1\" content=\"Gerd\" \/>\n\t<meta name=\"twitter:label2\" content=\"Est. tempo de leitura\" \/>\n\t<meta name=\"twitter:data2\" content=\"20 minutos\" \/>\n<script type=\"application\/ld+json\" class=\"yoast-schema-graph\">{\"@context\":\"https:\\\/\\\/schema.org\",\"@graph\":[{\"@type\":\"Article\",\"@id\":\"https:\\\/\\\/synchronotron.com\\\/index.php\\\/2026\\\/03\\\/07\\\/estrela-planetaria-amarela-kin88-8-10\\\/#article\",\"isPartOf\":{\"@id\":\"https:\\\/\\\/synchronotron.com\\\/index.php\\\/2026\\\/03\\\/07\\\/estrela-planetaria-amarela-kin88-8-10\\\/\"},\"author\":{\"name\":\"Gerd\",\"@id\":\"https:\\\/\\\/synchronotron.com\\\/#\\\/schema\\\/person\\\/cd4d4caede1c4a71ff2eebc7ecac6324\"},\"headline\":\"Estrela Planet\u00e1ria Amarela KIN88 (8.10)\",\"datePublished\":\"2026-03-07T07:45:27+00:00\",\"dateModified\":\"2026-03-08T08:37:25+00:00\",\"mainEntityOfPage\":{\"@id\":\"https:\\\/\\\/synchronotron.com\\\/index.php\\\/2026\\\/03\\\/07\\\/estrela-planetaria-amarela-kin88-8-10\\\/\"},\"wordCount\":3169,\"commentCount\":0,\"publisher\":{\"@id\":\"https:\\\/\\\/synchronotron.com\\\/#organization\"},\"image\":{\"@id\":\"https:\\\/\\\/synchronotron.com\\\/index.php\\\/2026\\\/03\\\/07\\\/estrela-planetaria-amarela-kin88-8-10\\\/#primaryimage\"},\"thumbnailUrl\":\"https:\\\/\\\/synchronotron.com\\\/wp-content\\\/uploads\\\/2023\\\/12\\\/artista.jpg\",\"articleSection\":[\"Ativa\u00e7\u00f5es\",\"Blog Aberto\"],\"inLanguage\":\"pt-BR\",\"potentialAction\":[{\"@type\":\"CommentAction\",\"name\":\"Comment\",\"target\":[\"https:\\\/\\\/synchronotron.com\\\/index.php\\\/2026\\\/03\\\/07\\\/estrela-planetaria-amarela-kin88-8-10\\\/#respond\"]}]},{\"@type\":\"WebPage\",\"@id\":\"https:\\\/\\\/synchronotron.com\\\/index.php\\\/2026\\\/03\\\/07\\\/estrela-planetaria-amarela-kin88-8-10\\\/\",\"url\":\"https:\\\/\\\/synchronotron.com\\\/index.php\\\/2026\\\/03\\\/07\\\/estrela-planetaria-amarela-kin88-8-10\\\/\",\"name\":\"Estrela Planet\u00e1ria Amarela KIN88 (8.10) - Synchronotron\",\"isPartOf\":{\"@id\":\"https:\\\/\\\/synchronotron.com\\\/#website\"},\"primaryImageOfPage\":{\"@id\":\"https:\\\/\\\/synchronotron.com\\\/index.php\\\/2026\\\/03\\\/07\\\/estrela-planetaria-amarela-kin88-8-10\\\/#primaryimage\"},\"image\":{\"@id\":\"https:\\\/\\\/synchronotron.com\\\/index.php\\\/2026\\\/03\\\/07\\\/estrela-planetaria-amarela-kin88-8-10\\\/#primaryimage\"},\"thumbnailUrl\":\"https:\\\/\\\/synchronotron.com\\\/wp-content\\\/uploads\\\/2023\\\/12\\\/artista.jpg\",\"datePublished\":\"2026-03-07T07:45:27+00:00\",\"dateModified\":\"2026-03-08T08:37:25+00:00\",\"breadcrumb\":{\"@id\":\"https:\\\/\\\/synchronotron.com\\\/index.php\\\/2026\\\/03\\\/07\\\/estrela-planetaria-amarela-kin88-8-10\\\/#breadcrumb\"},\"inLanguage\":\"pt-BR\",\"potentialAction\":[{\"@type\":\"ReadAction\",\"target\":[\"https:\\\/\\\/synchronotron.com\\\/index.php\\\/2026\\\/03\\\/07\\\/estrela-planetaria-amarela-kin88-8-10\\\/\"]}]},{\"@type\":\"ImageObject\",\"inLanguage\":\"pt-BR\",\"@id\":\"https:\\\/\\\/synchronotron.com\\\/index.php\\\/2026\\\/03\\\/07\\\/estrela-planetaria-amarela-kin88-8-10\\\/#primaryimage\",\"url\":\"https:\\\/\\\/synchronotron.com\\\/wp-content\\\/uploads\\\/2023\\\/12\\\/artista.jpg\",\"contentUrl\":\"https:\\\/\\\/synchronotron.com\\\/wp-content\\\/uploads\\\/2023\\\/12\\\/artista.jpg\",\"width\":1034,\"height\":1280},{\"@type\":\"BreadcrumbList\",\"@id\":\"https:\\\/\\\/synchronotron.com\\\/index.php\\\/2026\\\/03\\\/07\\\/estrela-planetaria-amarela-kin88-8-10\\\/#breadcrumb\",\"itemListElement\":[{\"@type\":\"ListItem\",\"position\":1,\"name\":\"In\u00edcio\",\"item\":\"https:\\\/\\\/synchronotron.com\\\/\"},{\"@type\":\"ListItem\",\"position\":2,\"name\":\"Estrela Planet\u00e1ria Amarela KIN88 (8.10)\"}]},{\"@type\":\"WebSite\",\"@id\":\"https:\\\/\\\/synchronotron.com\\\/#website\",\"url\":\"https:\\\/\\\/synchronotron.com\\\/\",\"name\":\"Synchronotron\",\"description\":\"\",\"publisher\":{\"@id\":\"https:\\\/\\\/synchronotron.com\\\/#organization\"},\"potentialAction\":[{\"@type\":\"SearchAction\",\"target\":{\"@type\":\"EntryPoint\",\"urlTemplate\":\"https:\\\/\\\/synchronotron.com\\\/?s={search_term_string}\"},\"query-input\":{\"@type\":\"PropertyValueSpecification\",\"valueRequired\":true,\"valueName\":\"search_term_string\"}}],\"inLanguage\":\"pt-BR\"},{\"@type\":\"Organization\",\"@id\":\"https:\\\/\\\/synchronotron.com\\\/#organization\",\"name\":\"Synchronotron\",\"url\":\"https:\\\/\\\/synchronotron.com\\\/\",\"logo\":{\"@type\":\"ImageObject\",\"inLanguage\":\"pt-BR\",\"@id\":\"https:\\\/\\\/synchronotron.com\\\/#\\\/schema\\\/logo\\\/image\\\/\",\"url\":\"https:\\\/\\\/synchronotron.com\\\/wp-content\\\/uploads\\\/2023\\\/08\\\/cropped-logo-synchonotron-1.png\",\"contentUrl\":\"https:\\\/\\\/synchronotron.com\\\/wp-content\\\/uploads\\\/2023\\\/08\\\/cropped-logo-synchonotron-1.png\",\"width\":837,\"height\":837,\"caption\":\"Synchronotron\"},\"image\":{\"@id\":\"https:\\\/\\\/synchronotron.com\\\/#\\\/schema\\\/logo\\\/image\\\/\"}},{\"@type\":\"Person\",\"@id\":\"https:\\\/\\\/synchronotron.com\\\/#\\\/schema\\\/person\\\/cd4d4caede1c4a71ff2eebc7ecac6324\",\"name\":\"Gerd\",\"image\":{\"@type\":\"ImageObject\",\"inLanguage\":\"pt-BR\",\"@id\":\"https:\\\/\\\/synchronotron.com\\\/wp-content\\\/litespeed\\\/avatar\\\/32a81aaa2f6a0e47b016bd34d35d4016.jpg?ver=1777050573\",\"url\":\"https:\\\/\\\/synchronotron.com\\\/wp-content\\\/litespeed\\\/avatar\\\/32a81aaa2f6a0e47b016bd34d35d4016.jpg?ver=1777050573\",\"contentUrl\":\"https:\\\/\\\/synchronotron.com\\\/wp-content\\\/litespeed\\\/avatar\\\/32a81aaa2f6a0e47b016bd34d35d4016.jpg?ver=1777050573\",\"caption\":\"Gerd\"},\"url\":\"https:\\\/\\\/synchronotron.com\\\/index.php\\\/author\\\/gerd\\\/\"}]}<\/script>\n<!-- \/ Yoast SEO plugin. -->","yoast_head_json":{"title":"Estrela Planet\u00e1ria Amarela KIN88 (8.10) - Synchronotron","robots":{"index":"index","follow":"follow","max-snippet":"max-snippet:-1","max-image-preview":"max-image-preview:large","max-video-preview":"max-video-preview:-1"},"canonical":"https:\/\/synchronotron.com\/index.php\/2026\/03\/07\/estrela-planetaria-amarela-kin88-8-10\/","og_locale":"pt_BR","og_type":"article","og_title":"Estrela Planet\u00e1ria Amarela KIN88 (8.10) - Synchronotron","og_description":"Sou o Artistacodificado pela Estrela Amarela.Oito \u00e9 o n\u00famero que abre minha porta.Frequ\u00eancias ressonantes s\u00e3o minha paletapara harmonizar de acordocom os mais profundos impulsos do universo. Ouso ser belo!Sou a gra\u00e7a da ilumina\u00e7\u00e3o.Atrav\u00e9s da minha arte dou cor ao mundo.Sou o arco-\u00edris em seu dia e obrilho da lua em sua noite. Sou o artista!Tudo&hellip;","og_url":"https:\/\/synchronotron.com\/index.php\/2026\/03\/07\/estrela-planetaria-amarela-kin88-8-10\/","og_site_name":"Synchronotron","article_published_time":"2026-03-07T07:45:27+00:00","article_modified_time":"2026-03-08T08:37:25+00:00","og_image":[{"width":1034,"height":1280,"url":"https:\/\/synchronotron.com\/wp-content\/uploads\/2023\/12\/artista.jpg","type":"image\/jpeg"}],"author":"Gerd","twitter_card":"summary_large_image","twitter_misc":{"Escrito por":"Gerd","Est. tempo de leitura":"20 minutos"},"schema":{"@context":"https:\/\/schema.org","@graph":[{"@type":"Article","@id":"https:\/\/synchronotron.com\/index.php\/2026\/03\/07\/estrela-planetaria-amarela-kin88-8-10\/#article","isPartOf":{"@id":"https:\/\/synchronotron.com\/index.php\/2026\/03\/07\/estrela-planetaria-amarela-kin88-8-10\/"},"author":{"name":"Gerd","@id":"https:\/\/synchronotron.com\/#\/schema\/person\/cd4d4caede1c4a71ff2eebc7ecac6324"},"headline":"Estrela Planet\u00e1ria Amarela KIN88 (8.10)","datePublished":"2026-03-07T07:45:27+00:00","dateModified":"2026-03-08T08:37:25+00:00","mainEntityOfPage":{"@id":"https:\/\/synchronotron.com\/index.php\/2026\/03\/07\/estrela-planetaria-amarela-kin88-8-10\/"},"wordCount":3169,"commentCount":0,"publisher":{"@id":"https:\/\/synchronotron.com\/#organization"},"image":{"@id":"https:\/\/synchronotron.com\/index.php\/2026\/03\/07\/estrela-planetaria-amarela-kin88-8-10\/#primaryimage"},"thumbnailUrl":"https:\/\/synchronotron.com\/wp-content\/uploads\/2023\/12\/artista.jpg","articleSection":["Ativa\u00e7\u00f5es","Blog Aberto"],"inLanguage":"pt-BR","potentialAction":[{"@type":"CommentAction","name":"Comment","target":["https:\/\/synchronotron.com\/index.php\/2026\/03\/07\/estrela-planetaria-amarela-kin88-8-10\/#respond"]}]},{"@type":"WebPage","@id":"https:\/\/synchronotron.com\/index.php\/2026\/03\/07\/estrela-planetaria-amarela-kin88-8-10\/","url":"https:\/\/synchronotron.com\/index.php\/2026\/03\/07\/estrela-planetaria-amarela-kin88-8-10\/","name":"Estrela Planet\u00e1ria Amarela KIN88 (8.10) - Synchronotron","isPartOf":{"@id":"https:\/\/synchronotron.com\/#website"},"primaryImageOfPage":{"@id":"https:\/\/synchronotron.com\/index.php\/2026\/03\/07\/estrela-planetaria-amarela-kin88-8-10\/#primaryimage"},"image":{"@id":"https:\/\/synchronotron.com\/index.php\/2026\/03\/07\/estrela-planetaria-amarela-kin88-8-10\/#primaryimage"},"thumbnailUrl":"https:\/\/synchronotron.com\/wp-content\/uploads\/2023\/12\/artista.jpg","datePublished":"2026-03-07T07:45:27+00:00","dateModified":"2026-03-08T08:37:25+00:00","breadcrumb":{"@id":"https:\/\/synchronotron.com\/index.php\/2026\/03\/07\/estrela-planetaria-amarela-kin88-8-10\/#breadcrumb"},"inLanguage":"pt-BR","potentialAction":[{"@type":"ReadAction","target":["https:\/\/synchronotron.com\/index.php\/2026\/03\/07\/estrela-planetaria-amarela-kin88-8-10\/"]}]},{"@type":"ImageObject","inLanguage":"pt-BR","@id":"https:\/\/synchronotron.com\/index.php\/2026\/03\/07\/estrela-planetaria-amarela-kin88-8-10\/#primaryimage","url":"https:\/\/synchronotron.com\/wp-content\/uploads\/2023\/12\/artista.jpg","contentUrl":"https:\/\/synchronotron.com\/wp-content\/uploads\/2023\/12\/artista.jpg","width":1034,"height":1280},{"@type":"BreadcrumbList","@id":"https:\/\/synchronotron.com\/index.php\/2026\/03\/07\/estrela-planetaria-amarela-kin88-8-10\/#breadcrumb","itemListElement":[{"@type":"ListItem","position":1,"name":"In\u00edcio","item":"https:\/\/synchronotron.com\/"},{"@type":"ListItem","position":2,"name":"Estrela Planet\u00e1ria Amarela KIN88 (8.10)"}]},{"@type":"WebSite","@id":"https:\/\/synchronotron.com\/#website","url":"https:\/\/synchronotron.com\/","name":"Synchronotron","description":"","publisher":{"@id":"https:\/\/synchronotron.com\/#organization"},"potentialAction":[{"@type":"SearchAction","target":{"@type":"EntryPoint","urlTemplate":"https:\/\/synchronotron.com\/?s={search_term_string}"},"query-input":{"@type":"PropertyValueSpecification","valueRequired":true,"valueName":"search_term_string"}}],"inLanguage":"pt-BR"},{"@type":"Organization","@id":"https:\/\/synchronotron.com\/#organization","name":"Synchronotron","url":"https:\/\/synchronotron.com\/","logo":{"@type":"ImageObject","inLanguage":"pt-BR","@id":"https:\/\/synchronotron.com\/#\/schema\/logo\/image\/","url":"https:\/\/synchronotron.com\/wp-content\/uploads\/2023\/08\/cropped-logo-synchonotron-1.png","contentUrl":"https:\/\/synchronotron.com\/wp-content\/uploads\/2023\/08\/cropped-logo-synchonotron-1.png","width":837,"height":837,"caption":"Synchronotron"},"image":{"@id":"https:\/\/synchronotron.com\/#\/schema\/logo\/image\/"}},{"@type":"Person","@id":"https:\/\/synchronotron.com\/#\/schema\/person\/cd4d4caede1c4a71ff2eebc7ecac6324","name":"Gerd","image":{"@type":"ImageObject","inLanguage":"pt-BR","@id":"https:\/\/synchronotron.com\/wp-content\/litespeed\/avatar\/32a81aaa2f6a0e47b016bd34d35d4016.jpg?ver=1777050573","url":"https:\/\/synchronotron.com\/wp-content\/litespeed\/avatar\/32a81aaa2f6a0e47b016bd34d35d4016.jpg?ver=1777050573","contentUrl":"https:\/\/synchronotron.com\/wp-content\/litespeed\/avatar\/32a81aaa2f6a0e47b016bd34d35d4016.jpg?ver=1777050573","caption":"Gerd"},"url":"https:\/\/synchronotron.com\/index.php\/author\/gerd\/"}]}},"_links":{"self":[{"href":"https:\/\/synchronotron.com\/index.php\/wp-json\/wp\/v2\/posts\/22124","targetHints":{"allow":["GET"]}}],"collection":[{"href":"https:\/\/synchronotron.com\/index.php\/wp-json\/wp\/v2\/posts"}],"about":[{"href":"https:\/\/synchronotron.com\/index.php\/wp-json\/wp\/v2\/types\/post"}],"author":[{"embeddable":true,"href":"https:\/\/synchronotron.com\/index.php\/wp-json\/wp\/v2\/users\/2"}],"replies":[{"embeddable":true,"href":"https:\/\/synchronotron.com\/index.php\/wp-json\/wp\/v2\/comments?post=22124"}],"version-history":[{"count":5,"href":"https:\/\/synchronotron.com\/index.php\/wp-json\/wp\/v2\/posts\/22124\/revisions"}],"predecessor-version":[{"id":22143,"href":"https:\/\/synchronotron.com\/index.php\/wp-json\/wp\/v2\/posts\/22124\/revisions\/22143"}],"wp:featuredmedia":[{"embeddable":true,"href":"https:\/\/synchronotron.com\/index.php\/wp-json\/wp\/v2\/media\/4014"}],"wp:attachment":[{"href":"https:\/\/synchronotron.com\/index.php\/wp-json\/wp\/v2\/media?parent=22124"}],"wp:term":[{"taxonomy":"category","embeddable":true,"href":"https:\/\/synchronotron.com\/index.php\/wp-json\/wp\/v2\/categories?post=22124"},{"taxonomy":"post_tag","embeddable":true,"href":"https:\/\/synchronotron.com\/index.php\/wp-json\/wp\/v2\/tags?post=22124"}],"curies":[{"name":"wp","href":"https:\/\/api.w.org\/{rel}","templated":true}]}}